{"id":53774,"date":"2023-06-07T10:42:55","date_gmt":"2023-06-07T09:42:55","guid":{"rendered":"https:\/\/fg.ull.es\/noticias\/?p=53774"},"modified":"2023-06-08T11:03:11","modified_gmt":"2023-06-08T10:03:11","slug":"el-servicio-de-idiomas-de-la-ull-unico-centro-examinador-del-cils-en-tenerife","status":"publish","type":"post","link":"https:\/\/fg.ull.es\/noticias\/2023\/06\/07\/el-servicio-de-idiomas-de-la-ull-unico-centro-examinador-del-cils-en-tenerife\/","title":{"rendered":"El Servicio de Idiomas de la ULL, \u00fanico centro examinador del CILS en Tenerife"},"content":{"rendered":"<section class=\"wpb-content-wrapper\"><p>[vc_row][vc_column][vc_column_text]<\/p>\n<h2>Este a\u00f1o, se realizar\u00e1n dos convocatorias, la primera el 8 de junio (con inscripci\u00f3n cerrada en abril) y la segunda, el 5 de diciembre<\/h2>\n<p>El 27 de marzo se firm\u00f3 un acuerdo entre la Universidad para Extranjeros de Siena (en italiano Universit\u00e0 per Stranieri di Siena), y la Fundaci\u00f3n General de la Universidad de La Laguna para gestionar y realizar, a trav\u00e9s del Servicio de Idiomas de la ULL, los ex\u00e1menes de acreditaci\u00f3n en la Isla. El centro italiano est\u00e1 encargado del dise\u00f1o e implementaci\u00f3n de los ex\u00e1menes de <a href=\"https:\/\/fg.ull.es\/idiomas\/certificacion-cils\/\" target=\"_blank\" rel=\"noopener\">acreditaci\u00f3n de nivel de dominio de la lengua italiana CILS<\/a> (Certificazione di Italiano come Lingua Straniera).<\/p>\n<p>Este jueves, 8 de junio, tendr\u00e1 lugar la primera de las dos convocatorias que se realizan al a\u00f1o. La prueba puede llegar a tener una duraci\u00f3n de hasta unas 5 horas, dependiendo de los niveles evaluados, que para esta convocatoria ir\u00e1n desde el B1 al C2. El precio de la inscripci\u00f3n completa va de 150 a 210 euros y de 20 a 40 euros por m\u00f3dulo, dependiendo del nivel.<\/p>\n<h4><strong>La <a href=\"https:\/\/sede.fg.ull.es\/es\/idioma\/detalle\/A23050141\/italiano-examen-cils-multinivel\" target=\"_blank\" rel=\"noopener\">siguiente convocatoria tendr\u00e1 lugar el 5 de diciembre<\/a>, y contar\u00e1, adem\u00e1s de con los niveles anteriores, con los dos iniciales, A1 y A2, cubriendo as\u00ed todos los niveles posibles de la prueba. La inscripci\u00f3n permanecer\u00e1 abierta hasta el 20 de octubre.<\/strong><\/h4>\n<p>Estas pruebas eval\u00faan las cuatro competencias ling\u00fc\u00edsticas seg\u00fan los niveles del Marco Com\u00fan Europeo de Referencia para las Lenguas (MCER), que van desde el nivel A1 (b\u00e1sico) hasta el nivel C2 (avanzado).<\/p>\n<p>La certificaci\u00f3n es bastante demandada, tanto para acceder a estudios, como al mercado laboral, adem\u00e1s de para solicitar la ciudadan\u00eda italiana, donde es necesario contar con, al menos, un nivel B1 (intermedio) de dominio del idioma. Para este \u00faltimo caso, la acreditaci\u00f3n cuenta con un examen espec\u00edfico denominado B1 Cittadinanza.<\/p>\n<p>Puedes consultar m\u00e1s informaci\u00f3n sobre la acreditaci\u00f3n aqu\u00ed: <a href=\"https:\/\/fg.ull.es\/idiomas\/certificacion-cils\/\" target=\"_blank\" rel=\"noopener\">https:\/\/fg.ull.es\/idiomas\/certificacion-cils<\/a>.[\/vc_column_text][\/vc_column][\/vc_row]<\/p>\n<\/section>","protected":false},"excerpt":{"rendered":"<p>[vc_row][vc_column][vc_column_text] Este a\u00f1o, se realizar\u00e1n dos convocatorias, la primera el 8 de junio (con inscripci\u00f3n cerrada en abril) y la segunda, el 5 de diciembre El 27 de marzo se firm\u00f3 un acuerdo entre la Universidad para Extranjeros de Siena (en italiano Universit\u00e0 per Stranieri di Siena), y la Fundaci\u00f3n General de la Universidad de&#8230;<\/p>\n","protected":false},"author":60,"featured_media":53776,"comment_status":"closed","ping_status":"closed","sticky":false,"template":"","format":"standard","meta":{"footnotes":""},"categories":[1,6,655,7],"tags":[293,1174,115,1426,816,15,1351],"featured_image_thumbnail_url":"https:\/\/fg.ull.es\/noticias\/wp-content\/uploads\/sites\/2\/2023\/06\/naassom-azevedo-Q_Sei-TqSlc-unsplashffff-1-2048x695-1-300x102.jpg","_links":{"self":[{"href":"https:\/\/fg.ull.es\/noticias\/wp-json\/wp\/v2\/posts\/53774"}],"collection":[{"href":"https:\/\/fg.ull.es\/noticias\/wp-json\/wp\/v2\/posts"}],"about":[{"href":"https:\/\/fg.ull.es\/noticias\/wp-json\/wp\/v2\/types\/post"}],"author":[{"embeddable":true,"href":"https:\/\/fg.ull.es\/noticias\/wp-json\/wp\/v2\/users\/60"}],"replies":[{"embeddable":true,"href":"https:\/\/fg.ull.es\/noticias\/wp-json\/wp\/v2\/comments?post=53774"}],"version-history":[{"count":5,"href":"https:\/\/fg.ull.es\/noticias\/wp-json\/wp\/v2\/posts\/53774\/revisions"}],"predecessor-version":[{"id":53780,"href":"https:\/\/fg.ull.es\/noticias\/wp-json\/wp\/v2\/posts\/53774\/revisions\/53780"}],"wp:featuredmedia":[{"embeddable":true,"href":"https:\/\/fg.ull.es\/noticias\/wp-json\/wp\/v2\/media\/53776"}],"wp:attachment":[{"href":"https:\/\/fg.ull.es\/noticias\/wp-json\/wp\/v2\/media?parent=53774"}],"wp:term":[{"taxonomy":"category","embeddable":true,"href":"https:\/\/fg.ull.es\/noticias\/wp-json\/wp\/v2\/categories?post=53774"},{"taxonomy":"post_tag","embeddable":true,"href":"https:\/\/fg.ull.es\/noticias\/wp-json\/wp\/v2\/tags?post=53774"}],"curies":[{"name":"wp","href":"https:\/\/api.w.org\/{rel}","templated":true}]}}