{"id":53742,"date":"2023-05-31T08:20:01","date_gmt":"2023-05-31T07:20:01","guid":{"rendered":"https:\/\/fg.ull.es\/noticias\/?p=53742"},"modified":"2025-09-02T07:54:24","modified_gmt":"2025-09-02T06:54:24","slug":"el-proyecto-ensenar-para-emprender-prepara-los-actos-de-su-cierre-en-la-palma","status":"publish","type":"post","link":"https:\/\/fg.ull.es\/noticias\/2023\/05\/31\/el-proyecto-ensenar-para-emprender-prepara-los-actos-de-su-cierre-en-la-palma\/","title":{"rendered":"El proyecto Ense\u00f1ar para Emprender prepara los actos de su cierre en La Palma"},"content":{"rendered":"<section class=\"wpb-content-wrapper\"><p>[vc_row][vc_column][vc_column_text]<\/p>\n<h2>La Feria de Cooperativas y el acto \u2018L\u00edquida y Comparte\u2019 tendr\u00e1 lugar el jueves 1 de junio<\/h2>\n<p class=\"p2\">El programa<a href=\"https:\/\/fg.ull.es\/empleo\/ensenar-para-emprender\/\" target=\"_blank\" rel=\"noopener\">\u00a0<span class=\"s1\">\u2018Ense\u00f1ar para Emprender\u2019 (EPE)<\/span><\/a>\u00a0organiza los \u00faltimos actos en La Palma de su d\u00e9cima edici\u00f3n: la Feria de Cooperativas Escolares y la actividad \u2018L\u00edquida y Comparte\u2019. Ambos eventos, abiertos al p\u00fablico, se celebrar\u00e1n el pr\u00f3ximo jueves, 1 de junio, a partir de las 9:30 horas en la Plaza de Espa\u00f1a de Los Llanos de Aridane. El objetivo de este proyecto educativo es fomentar la cultura emprendedora en aulas de infantil, primaria, secundaria y bachillerato, incluyendo aulas enclave y formaci\u00f3n b\u00e1sica.<\/p>\n<p class=\"p2\">Durante este a\u00f1o, se impartieron 10 charlas en los centros educativos de la isla, donde se habl\u00f3 de emprendimiento, solidaridad y preparaci\u00f3n para la venta, acercando conceptos como la creaci\u00f3n de negocio, la b\u00fasqueda de financiaci\u00f3n o la creatividad publicitaria, desde un punto de vista l\u00fadico. Paralelamente, el alumnado, dividido en cooperativas, entre las que se encuentra Cooperativa Tigal \u2013 Arte o Cooperativa El Paso, elabor\u00f3 productos y servicios artesanalmente y con materiales reciclados, como imanes, macetas o plantas, asignando un precio y realizando la preparaci\u00f3n de la decoraci\u00f3n del estand.<\/p>\n<p class=\"p2\">Todo este trabajo estar\u00e1 reflejado en la Feria de Cooperativas Escolares, que contar\u00e1 con la participaci\u00f3n de 145 estudiantes y 9 centros educativos: CEIP Tigalate, IES Jos\u00e9 Mar\u00eda P\u00e9rez Pulido, IES El Paso, CEIP La Sabina, CEIP Montes de Luna, CEIP Jedey, CEIP Monte Bre\u00f1a y CEIP San Jos\u00e9. Como cierre de esta actividad, el alumnado deber\u00e1 elaborar un informe y decidir a qu\u00e9 entidad social van a dirigir parte de los beneficios obtenidos en este evento, en el acto denominado \u201cLiquida y comparte\u201d. Las tres ONG que recibir\u00e1n donaciones son Aanipal, Gambia Escuela JOSUNDME y Nep La Palma<\/p>\n<p class=\"p2\">EPE es un programa educativo ejecutado por la Agencia Universitaria de Empleo de la Fundaci\u00f3n General de la Universidad de La Laguna y financiado por el Servicio Canario de Empleo, entidad dependiente de la consejer\u00eda de Econom\u00eda, Conocimiento y Empleo del Gobierno de Canarias, con la colaboraci\u00f3n con la Consejer\u00eda de Educaci\u00f3n, Universidades, Cultura y Deportes.<\/p>\n<p>[\/vc_column_text][\/vc_column][\/vc_row]<\/p>\n<\/section>","protected":false},"excerpt":{"rendered":"<p>[vc_row][vc_column][vc_column_text] La Feria de Cooperativas y el acto \u2018L\u00edquida y Comparte\u2019 tendr\u00e1 lugar el jueves 1 de junio El programa\u00a0\u2018Ense\u00f1ar para Emprender\u2019 (EPE)\u00a0organiza los \u00faltimos actos en La Palma de su d\u00e9cima edici\u00f3n: la Feria de Cooperativas Escolares y la actividad \u2018L\u00edquida y Comparte\u2019. Ambos eventos, abiertos al p\u00fablico, se celebrar\u00e1n el pr\u00f3ximo jueves, 1&#8230;<\/p>\n","protected":false},"author":10,"featured_media":53743,"comment_status":"closed","ping_status":"closed","sticky":false,"template":"","format":"standard","meta":{"footnotes":""},"categories":[38,1411,655,7],"tags":[40],"featured_image_thumbnail_url":"https:\/\/fg.ull.es\/noticias\/wp-content\/uploads\/sites\/2\/2023\/05\/epe-cierre-la-palma-300x177.jpg","_links":{"self":[{"href":"https:\/\/fg.ull.es\/noticias\/wp-json\/wp\/v2\/posts\/53742"}],"collection":[{"href":"https:\/\/fg.ull.es\/noticias\/wp-json\/wp\/v2\/posts"}],"about":[{"href":"https:\/\/fg.ull.es\/noticias\/wp-json\/wp\/v2\/types\/post"}],"author":[{"embeddable":true,"href":"https:\/\/fg.ull.es\/noticias\/wp-json\/wp\/v2\/users\/10"}],"replies":[{"embeddable":true,"href":"https:\/\/fg.ull.es\/noticias\/wp-json\/wp\/v2\/comments?post=53742"}],"version-history":[{"count":2,"href":"https:\/\/fg.ull.es\/noticias\/wp-json\/wp\/v2\/posts\/53742\/revisions"}],"predecessor-version":[{"id":53918,"href":"https:\/\/fg.ull.es\/noticias\/wp-json\/wp\/v2\/posts\/53742\/revisions\/53918"}],"wp:featuredmedia":[{"embeddable":true,"href":"https:\/\/fg.ull.es\/noticias\/wp-json\/wp\/v2\/media\/53743"}],"wp:attachment":[{"href":"https:\/\/fg.ull.es\/noticias\/wp-json\/wp\/v2\/media?parent=53742"}],"wp:term":[{"taxonomy":"category","embeddable":true,"href":"https:\/\/fg.ull.es\/noticias\/wp-json\/wp\/v2\/categories?post=53742"},{"taxonomy":"post_tag","embeddable":true,"href":"https:\/\/fg.ull.es\/noticias\/wp-json\/wp\/v2\/tags?post=53742"}],"curies":[{"name":"wp","href":"https:\/\/api.w.org\/{rel}","templated":true}]}}