{"id":53545,"date":"2023-05-04T14:04:17","date_gmt":"2023-05-04T13:04:17","guid":{"rendered":"https:\/\/fg.ull.es\/noticias\/?p=53545"},"modified":"2023-05-04T14:07:57","modified_gmt":"2023-05-04T13:07:57","slug":"resolucion-definitiva-de-admisiones-y-no-admisiones-al-procedimiento-de-becas-universitas-prolingua-para-el-alumnado-del-servicio-de-idiomas-de-la-universidad-de-la-laguna-matriculado-durante-el-segun","status":"publish","type":"post","link":"https:\/\/fg.ull.es\/noticias\/2023\/05\/04\/resolucion-definitiva-de-admisiones-y-no-admisiones-al-procedimiento-de-becas-universitas-prolingua-para-el-alumnado-del-servicio-de-idiomas-de-la-universidad-de-la-laguna-matriculado-durante-el-segun\/","title":{"rendered":"Resoluci\u00f3n definitiva de admisiones y no admisiones al procedimiento de Becas Universitas Prolingua para el alumnado del Servicio de Idiomas de la Universidad de La Laguna matriculado durante el segundo cuatrimestre del curso acad\u00e9mico 2022\/2023"},"content":{"rendered":"<p>Finalizado el periodo de alegaciones, y resueltas estas, se hacen p\u00fablicos los listados definitivos de solicitudes admitidas y excluidas del procedimiento.<\/p>\n<ul>\n<li><a href=\"https:\/\/drive.google.com\/file\/d\/1nvIBuyareWSAtXiRoNqkWjTmLooto9ng\/view?usp=share_link\" target=\"_blank\" rel=\"noopener\">Listado definitivo <\/a>(<strong>Figurar en este listado no significa tener concedida la beca)<\/strong><\/li>\n<\/ul>\n<p>Una vez baremados los m\u00e9ritos presentados de las solicitudes admitidas a tr\u00e1mite, y comprobado el cumplimiento de requisito de asistencia, se proceder\u00e1 a publicar los listados provisionales de adjudicaciones de becas.<\/p>\n<p>Para la valoraci\u00f3n de todas y cada una de las solicitudes se ha tomado como fundamento lo especificado en las bases de la <a href=\"https:\/\/fg.ull.es\/noticias\/2023\/03\/08\/convocatoria-de-120-becas-universitas-prolingua-para-el-alumnado-del-servicio-de-idiomas-de-la-universidad-de-la-laguna-matriculado-durante-el-segundo-cuatrimestre-del-curso-2022-2023\/\" target=\"_blank\" rel=\"noopener\">convocatoria<\/a>.<\/p>\n","protected":false},"excerpt":{"rendered":"<p>Finalizado el periodo de alegaciones, y resueltas estas, se hacen p\u00fablicos los listados definitivos de solicitudes admitidas y excluidas del procedimiento. Listado definitivo (Figurar en este listado no significa tener concedida la beca) Una vez baremados los m\u00e9ritos presentados de las solicitudes admitidas a tr\u00e1mite, y comprobado el cumplimiento de requisito de asistencia, se proceder\u00e1&#8230;<\/p>\n","protected":false},"author":6,"featured_media":0,"comment_status":"closed","ping_status":"closed","sticky":false,"template":"","format":"standard","meta":{"footnotes":""},"categories":[1404,1311,232],"tags":[],"featured_image_thumbnail_url":null,"_links":{"self":[{"href":"https:\/\/fg.ull.es\/noticias\/wp-json\/wp\/v2\/posts\/53545"}],"collection":[{"href":"https:\/\/fg.ull.es\/noticias\/wp-json\/wp\/v2\/posts"}],"about":[{"href":"https:\/\/fg.ull.es\/noticias\/wp-json\/wp\/v2\/types\/post"}],"author":[{"embeddable":true,"href":"https:\/\/fg.ull.es\/noticias\/wp-json\/wp\/v2\/users\/6"}],"replies":[{"embeddable":true,"href":"https:\/\/fg.ull.es\/noticias\/wp-json\/wp\/v2\/comments?post=53545"}],"version-history":[{"count":4,"href":"https:\/\/fg.ull.es\/noticias\/wp-json\/wp\/v2\/posts\/53545\/revisions"}],"predecessor-version":[{"id":53549,"href":"https:\/\/fg.ull.es\/noticias\/wp-json\/wp\/v2\/posts\/53545\/revisions\/53549"}],"wp:attachment":[{"href":"https:\/\/fg.ull.es\/noticias\/wp-json\/wp\/v2\/media?parent=53545"}],"wp:term":[{"taxonomy":"category","embeddable":true,"href":"https:\/\/fg.ull.es\/noticias\/wp-json\/wp\/v2\/categories?post=53545"},{"taxonomy":"post_tag","embeddable":true,"href":"https:\/\/fg.ull.es\/noticias\/wp-json\/wp\/v2\/tags?post=53545"}],"curies":[{"name":"wp","href":"https:\/\/api.w.org\/{rel}","templated":true}]}}