{"id":53424,"date":"2023-04-25T13:00:41","date_gmt":"2023-04-25T12:00:41","guid":{"rendered":"https:\/\/fg.ull.es\/noticias\/?p=53424"},"modified":"2023-04-25T13:29:16","modified_gmt":"2023-04-25T12:29:16","slug":"el-alumnado-de-las-cooperativas-escolares-recibe-el-permiso-de-venta-del-ayuntamiento-de-la-laguna-2","status":"publish","type":"post","link":"https:\/\/fg.ull.es\/noticias\/2023\/04\/25\/el-alumnado-de-las-cooperativas-escolares-recibe-el-permiso-de-venta-del-ayuntamiento-de-la-laguna-2\/","title":{"rendered":"El alumnado de las cooperativas escolares recibe el permiso de venta del Ayuntamiento de La Laguna"},"content":{"rendered":"<section class=\"wpb-content-wrapper\"><p>[vc_row][vc_column][vc_column_text]<\/p>\n<h2>Tras obtener el permiso, el estudiantado participar\u00e1 en la Feria de Cooperativas que les permitir\u00e1 exponer y vender los productos y servicios que han elaborado a lo largo del curso escolar<\/h2>\n<p><span style=\"font-weight: 400\">Un grupo de estudiantes de diferentes centros educativos acudi\u00f3 al Ayuntamiento de La Laguna hoy, martes 25 de abril, en representaci\u00f3n de todo el alumnado participante de la X edici\u00f3n del Programa <a href=\"https:\/\/fg.ull.es\/empleo\/ensenar-para-emprender\/\" target=\"_blank\" rel=\"noopener\">\u2018Ense\u00f1ar para Emprender\u2019 (EPE)<\/a> para el acto de solicitud de permiso de venta, una autorizaci\u00f3n para participar en la Feria de Cooperativas Escolares.\u00a0<\/span><\/p>\n<p><span style=\"font-weight: 400\">En este encuentro, particip\u00f3 Rubens Ascanio, primer teniente alcalde del Ayuntamiento de La Laguna; Jos\u00e9 Juan Gavil\u00e1n, concejal de Educaci\u00f3n, Juventud, Desarrollo Econ\u00f3mico\u00a0 Local, Empresa Empleo y OMIC del Ayuntamiento de La Laguna; y Carmen Rosa Garc\u00eda, t\u00e9cnica de emprendimiento de la\u00a0 Fundaci\u00f3n General de la Universidad de La Laguna. El alumnado representante acudi\u00f3 para formalizar la firma de los permisos de venta en las calles del municipio de los productos y servicios que han elaborado durante el a\u00f1o escolar.\u00a0<\/span><\/p>\n<p><span style=\"font-weight: 400\">Los representantes de la mesa institucional se interesaron por los productos y servicios que cada centro va a ofertar en la Feria de Cooperativas Escolares. Tras una ronda de presentaci\u00f3n de las cooperativas por parte del alumnado, destacaron no s\u00f3lo el esfuerzo demostrado en el desarrollo de las cooperativas, sino los valores que ha aportado al alumnado la puesta en marcha del proyecto. M\u00e1s all\u00e1 de la cuesti\u00f3n principal del proyecto, que es el desarrollo de la cultura emprendedora a edades tempranas, el estudiantado manifest\u00f3 su inter\u00e9s por el medio ambiente, el trabajo en equipo y la cooperaci\u00f3n.<\/span><\/p>\n<p><span style=\"font-weight: 400\">Gracias a este permiso, el alumnado participar\u00e1 en la Feria de Cooperativas que les permitir\u00e1 exponer y vender los productos y servicios que han elaborado a lo largo del curso escolar. Este evento tendr\u00e1 lugar el pr\u00f3ximo viernes 5 de mayo, en la Plaza del Adelantado del municipio lagunero. En esta d\u00e9cima edici\u00f3n del proyecto, asistir\u00e1n un total de 1200 estudiantes y 81 cooperativas escolares. Al finalizar el programa, el alumnado tendr\u00e1 que decidir a qu\u00e9 proyecto social destinar\u00e1 parte de los beneficios recaudados.<\/span><\/p>\n<h3 style=\"text-align: center\"><strong><a href=\"https:\/\/drive.google.com\/drive\/folders\/11JfFsH7I7y1ZI_lJ8jUylQlmmH9JsySY\" target=\"_blank\" rel=\"noopener\">Galer\u00eda de im\u00e1genes\u00a0<\/a><\/strong><\/h3>\n<p><b>Ense\u00f1ar para Emprender\u00a0<\/b><\/p>\n<p><span style=\"font-weight: 400\">El proyecto \u2018Ense\u00f1ar para Emprender\u2019 es un programa educativo que pretende fomentar la cultura emprendedora en aulas de infantil, primaria, secundaria y bachillerato, incluyendo aulas enclave y formaci\u00f3n b\u00e1sica, promoviendo conductas, actitudes y valores de colaboraci\u00f3n y emprendimiento, superaci\u00f3n de conflictos, cooperativismo, soluci\u00f3n de problemas y responsabilidades.<\/span><\/p>\n<p><span style=\"font-weight: 400\">EPE es un programa educativo ejecutado por la Agencia Universitaria de Empleo de la Fundaci\u00f3n General de la Universidad de La Laguna y financiado por el Servicio Canario de Empleo, entidad dependiente de la consejer\u00eda de Econom\u00eda, Conocimiento y Empleo del Gobierno de Canarias, con la colaboraci\u00f3n con la Consejer\u00eda de Educaci\u00f3n, Universidades, Cultura y Deportes.<\/span>[\/vc_column_text][\/vc_column][\/vc_row]<\/p>\n<\/section>","protected":false},"excerpt":{"rendered":"<p>[vc_row][vc_column][vc_column_text] Tras obtener el permiso, el estudiantado participar\u00e1 en la Feria de Cooperativas que les permitir\u00e1 exponer y vender los productos y servicios que han elaborado a lo largo del curso escolar Un grupo de estudiantes de diferentes centros educativos acudi\u00f3 al Ayuntamiento de La Laguna hoy, martes 25 de abril, en representaci\u00f3n de todo&#8230;<\/p>\n","protected":false},"author":50,"featured_media":53425,"comment_status":"closed","ping_status":"closed","sticky":false,"template":"","format":"standard","meta":{"footnotes":""},"categories":[278,1411,177,7],"tags":[40],"featured_image_thumbnail_url":"https:\/\/fg.ull.es\/noticias\/wp-content\/uploads\/sites\/2\/2023\/04\/IMG-20230425-WA0066-300x200.jpg","_links":{"self":[{"href":"https:\/\/fg.ull.es\/noticias\/wp-json\/wp\/v2\/posts\/53424"}],"collection":[{"href":"https:\/\/fg.ull.es\/noticias\/wp-json\/wp\/v2\/posts"}],"about":[{"href":"https:\/\/fg.ull.es\/noticias\/wp-json\/wp\/v2\/types\/post"}],"author":[{"embeddable":true,"href":"https:\/\/fg.ull.es\/noticias\/wp-json\/wp\/v2\/users\/50"}],"replies":[{"embeddable":true,"href":"https:\/\/fg.ull.es\/noticias\/wp-json\/wp\/v2\/comments?post=53424"}],"version-history":[{"count":4,"href":"https:\/\/fg.ull.es\/noticias\/wp-json\/wp\/v2\/posts\/53424\/revisions"}],"predecessor-version":[{"id":53429,"href":"https:\/\/fg.ull.es\/noticias\/wp-json\/wp\/v2\/posts\/53424\/revisions\/53429"}],"wp:featuredmedia":[{"embeddable":true,"href":"https:\/\/fg.ull.es\/noticias\/wp-json\/wp\/v2\/media\/53425"}],"wp:attachment":[{"href":"https:\/\/fg.ull.es\/noticias\/wp-json\/wp\/v2\/media?parent=53424"}],"wp:term":[{"taxonomy":"category","embeddable":true,"href":"https:\/\/fg.ull.es\/noticias\/wp-json\/wp\/v2\/categories?post=53424"},{"taxonomy":"post_tag","embeddable":true,"href":"https:\/\/fg.ull.es\/noticias\/wp-json\/wp\/v2\/tags?post=53424"}],"curies":[{"name":"wp","href":"https:\/\/api.w.org\/{rel}","templated":true}]}}