{"id":53416,"date":"2023-04-24T11:25:00","date_gmt":"2023-04-24T10:25:00","guid":{"rendered":"https:\/\/fg.ull.es\/noticias\/?p=53416"},"modified":"2023-04-24T11:39:32","modified_gmt":"2023-04-24T10:39:32","slug":"cuenta-atras-para-los-encuentros-de-la-x-edicion-del-proyecto-ensenar-para-emprender","status":"publish","type":"post","link":"https:\/\/fg.ull.es\/noticias\/2023\/04\/24\/cuenta-atras-para-los-encuentros-de-la-x-edicion-del-proyecto-ensenar-para-emprender\/","title":{"rendered":"Cuenta atr\u00e1s para los encuentros de la X edici\u00f3n del proyecto \u2018Ense\u00f1ar para Emprender\u2019"},"content":{"rendered":"<section class=\"wpb-content-wrapper\"><p>[vc_row][vc_column][vc_column_text]<\/p>\n<h2>En las pr\u00f3ximas semanas tendr\u00e1 lugar el Permiso de Venta, la Feria de Cooperativas Escolares y el acto \u2018Liquida y Comparte\u201d en Tenerife<\/h2>\n<p><span style=\"font-weight: 400\">El proyecto <a href=\"https:\/\/fg.ull.es\/empleo\/ensenar-para-emprender\/\" target=\"_blank\" rel=\"noopener\">Ense\u00f1ar para Emprender (EPE)<\/a> celebra en las pr\u00f3ximas semanas varios encuentros de esta X edici\u00f3n de la iniciativa: el Permiso de Venta, la Feria de Cooperativas Escolares y el acto \u2018L\u00edquida y Comparte\u2019. EPE es una programa educativo que pretende fomentar la cultura emprendedora en aulas de infantil, primaria, secundaria y bachillerato, incluyendo aulas enclave y formaci\u00f3n b\u00e1sica, promoviendo conductas, actitudes y valores de colaboraci\u00f3n y emprendimiento, superaci\u00f3n de conflictos, cooperativismo, soluci\u00f3n de problemas y responsabilidades.<\/span><\/p>\n<p><span style=\"font-weight: 400\">Ma\u00f1ana, martes 25 de abril, tendr\u00e1 lugar el Permiso de Venta en el Sal\u00f3n del Pleno del Ayuntamiento de San Crist\u00f3bal de La Laguna. En este encuentro simb\u00f3lico, varios grupos escolares de diferentes centros educativos ir\u00e1n en representaci\u00f3n de todo el alumnado que participar\u00e1 en la Feria de Cooperativas Escolares.\u00a0<\/span><\/p>\n<p><span style=\"font-weight: 400\">Esta actividad se celebrar\u00e1 el 5 de mayo a las 09:00 en la Plaza del Adelantado. Este encuentro forma parte de la \u00faltima fase del proyecto. Durante varios meses, el alumnado participante ha elaborado productos y servicios propios con materiales reciclados, organiz\u00e1ndose por cooperativas escolares para exponer en esta feria sus creaciones, adem\u00e1s de disfrutar de unas jornadas de juegos y actividades orientadas al proceso emprendedor.\u00a0<\/span><\/p>\n<p><span style=\"font-weight: 400\">Los beneficios que obtenga cada grupo ir\u00e1n destinados a costear una actividad elegida por el propio estudiantado y en forma de donaci\u00f3n a distintas entidades sin \u00e1nimo de lucro. Para finalizar, se celebrar\u00e1n encuentros solidarios, donde el alumnado podr\u00e1 transmitir sus experiencias y vivencias, as\u00ed como hacer entrega de lo recaudado a las personas responsables de las entidades sociales elegidas por la cooperativa.\u00a0<\/span><\/p>\n<p><span style=\"font-weight: 400\">Este proyecto est\u00e1 promovido por la Fundaci\u00f3n General de la Universidad de La Laguna<\/span><span style=\"font-weight: 400\"> y financiado por el Servicio Canario de Empleo, entidad dependiente de la consejer\u00eda de Econom\u00eda, Conocimiento y Empleo del Gobierno de Canarias y con la colaboraci\u00f3n con la Consejer\u00eda de Educaci\u00f3n, Universidades, Cultura y Deportes<\/span>[\/vc_column_text][\/vc_column][\/vc_row]<\/p>\n<\/section>","protected":false},"excerpt":{"rendered":"<p>[vc_row][vc_column][vc_column_text] En las pr\u00f3ximas semanas tendr\u00e1 lugar el Permiso de Venta, la Feria de Cooperativas Escolares y el acto \u2018Liquida y Comparte\u201d en Tenerife El proyecto Ense\u00f1ar para Emprender (EPE) celebra en las pr\u00f3ximas semanas varios encuentros de esta X edici\u00f3n de la iniciativa: el Permiso de Venta, la Feria de Cooperativas Escolares y el&#8230;<\/p>\n","protected":false},"author":50,"featured_media":53417,"comment_status":"closed","ping_status":"closed","sticky":false,"template":"","format":"standard","meta":{"footnotes":""},"categories":[278,1411,655,7],"tags":[40],"featured_image_thumbnail_url":"https:\/\/fg.ull.es\/noticias\/wp-content\/uploads\/sites\/2\/2023\/04\/Banners_EPE-X-EDICION_FB-1-300x157.png","_links":{"self":[{"href":"https:\/\/fg.ull.es\/noticias\/wp-json\/wp\/v2\/posts\/53416"}],"collection":[{"href":"https:\/\/fg.ull.es\/noticias\/wp-json\/wp\/v2\/posts"}],"about":[{"href":"https:\/\/fg.ull.es\/noticias\/wp-json\/wp\/v2\/types\/post"}],"author":[{"embeddable":true,"href":"https:\/\/fg.ull.es\/noticias\/wp-json\/wp\/v2\/users\/50"}],"replies":[{"embeddable":true,"href":"https:\/\/fg.ull.es\/noticias\/wp-json\/wp\/v2\/comments?post=53416"}],"version-history":[{"count":2,"href":"https:\/\/fg.ull.es\/noticias\/wp-json\/wp\/v2\/posts\/53416\/revisions"}],"predecessor-version":[{"id":53419,"href":"https:\/\/fg.ull.es\/noticias\/wp-json\/wp\/v2\/posts\/53416\/revisions\/53419"}],"wp:featuredmedia":[{"embeddable":true,"href":"https:\/\/fg.ull.es\/noticias\/wp-json\/wp\/v2\/media\/53417"}],"wp:attachment":[{"href":"https:\/\/fg.ull.es\/noticias\/wp-json\/wp\/v2\/media?parent=53416"}],"wp:term":[{"taxonomy":"category","embeddable":true,"href":"https:\/\/fg.ull.es\/noticias\/wp-json\/wp\/v2\/categories?post=53416"},{"taxonomy":"post_tag","embeddable":true,"href":"https:\/\/fg.ull.es\/noticias\/wp-json\/wp\/v2\/tags?post=53416"}],"curies":[{"name":"wp","href":"https:\/\/api.w.org\/{rel}","templated":true}]}}