{"id":53257,"date":"2023-03-31T13:19:27","date_gmt":"2023-03-31T12:19:27","guid":{"rendered":"https:\/\/fg.ull.es\/noticias\/?p=53257"},"modified":"2023-07-14T09:51:40","modified_gmt":"2023-07-14T08:51:40","slug":"asomate-a-igual-lab-2023","status":"publish","type":"post","link":"https:\/\/fg.ull.es\/noticias\/2023\/03\/31\/asomate-a-igual-lab-2023\/","title":{"rendered":"LabINS ULL celebra la primera edici\u00f3n de \u2018\u2019As\u00f3mate a Igual Lab\u2019\u2019"},"content":{"rendered":"<section class=\"wpb-content-wrapper\"><p>[vc_row][vc_column][vc_column_text]<span style=\"font-weight: 400\"><strong>El <a href=\"https:\/\/twitter.com\/LabINS_ULL\">Laboratorio de Innovaci\u00f3n Social de la ULL<\/a><\/strong> present\u00f3 <strong>\u2018\u2019As\u00f3mate a Igual Lab 2023\u2019\u2019<\/strong>, un evento abierto para dar a conocer Igual Lab, el Laboratorio de Investigaci\u00f3n para la Transici\u00f3n Igualitaria de Canarias.<\/span><\/p>\n<p><span style=\"font-weight: 400\">La viceconsejera de Igualdad y Diversidad del Gobierno de Canarias, Sylvia Ja\u00e9n Mart\u00ednez, se encarg\u00f3 de inaugurar el evento junto al vicerrector de Agenda Digital, Modernizaci\u00f3n y Campus Central de la Universidad de La Laguna, Jorge Riera Ledesma.\u00a0<\/span><\/p>\n<p><span style=\"font-weight: 400\">Ja\u00e9n explic\u00f3 que \u201chay que apostar por la investigaci\u00f3n acad\u00e9mica y medir la igualdad para hacer mejores pol\u00edticas p\u00fablicas\u201d y que \u201cla ciudadan\u00eda canaria abrace la igualdad como un valor cultural, pero sobre todo sienta que mejora su vida en primera persona\u201d. <\/span><\/p>\n<p><span style=\"font-weight: 400\">Asimismo, afirm\u00f3 que Igual Lab muestra a la poblaci\u00f3n canaria y a las instituciones que la investigaci\u00f3n p\u00fablica sobre igualdad y diversidad debe ser apoyada.<\/span><\/p>\n<p><span style=\"font-weight: 400\">Por su parte, la directora e investigadora de <\/span><a href=\"https:\/\/fg.ull.es\/innovacion\/labins\/\"><span style=\"font-weight: 400\">LabINS ULL<\/span><\/a><span style=\"font-weight: 400\"> y coordinadora general de Igual Lab, M\u00f3nica Dios Rodr\u00edguez, resalt\u00f3 que el proceso de ideaci\u00f3n del Laboratorio de Investigaci\u00f3n para la Transici\u00f3n Igualitaria de Canarias se fundament\u00f3, desde su inicio, sobre los pilares de experimentaci\u00f3n e investigaci\u00f3n aplicada y los principios de igualdad y diversidad abordados desde un enfoque interseccional.\u00a0<\/span><\/p>\n<h2>Las investigadoras de LabINS ULL<\/h2>\n<p><span style=\"font-weight: 400\">Por su parte, Elisa J. P\u00e9rez Rosales, Ariadna Batista Garc\u00eda, Vicenta Poveda Verdejo y Arminda Su\u00e1rez Perdomo, investigadoras responsables de las l\u00edneas que componen Igual Lab, presentaron los avances logrados hasta la fecha y los recursos que han desarrollado. Todos ellos se pueden encontrar <\/span><a href=\"https:\/\/iguallab.es\/\"><span style=\"font-weight: 400\">iguallab.es<\/span><\/a><\/p>\n<p><span style=\"font-weight: 400\">En la jornada intervino tambi\u00e9n la doctora en Filosof\u00eda, Licenciada en Derecho e investigadora canaria,\u00a0 \u00c1ngela Sierra Gonz\u00e1lez, con una conferencia que ten\u00eda como objetivo promover la reflexi\u00f3n en torno a la igualdad y la diversidad, desde un enfoque interseccional, que favorezca la transformaci\u00f3n social desde las pol\u00edticas p\u00fablicas.<\/span><\/p>\n<p><span style=\"font-weight: 400\">\u2018\u2019As\u00f3mate a Igual Lab\u2019\u2019 es la primera de las ediciones que el Laboratorio de Investigaci\u00f3n para la Transici\u00f3n Igualitaria de Canarias, Igual Lab, pretende llevar a cabo para presentar el trabajo que se realiza desde las l\u00edneas de investigaci\u00f3n y actuaci\u00f3n que lo componen.<\/span><\/p>\n<p><b>El Laboratorio de Investigaci\u00f3n para la Transici\u00f3n Igualitaria de Canarias, Igual Lab<\/b><span style=\"font-weight: 400\">, es un espacio de investigaci\u00f3n en el que se trabaja para impulsar la transformaci\u00f3n social en Canarias. <\/span><\/p>\n<p><span style=\"font-weight: 400\">Igual Lab surge gracias al convenio de colaboraci\u00f3n entre el Gobierno de Canarias, a trav\u00e9s de la Viceconsejer\u00eda de Igualdad y Diversidad y la Universidad de La Laguna, a trav\u00e9s del Laboratorio de Innovaci\u00f3n Social (LabINS ULL).<\/span><\/p>\n<p><b>M\u00e1s informaci\u00f3n:\u00a0\u00a0<\/b><\/p>\n<ul>\n<li><a href=\"mailto:iguallab@iguallab.es\"><span style=\"font-weight: 400\">iguallab@iguallab.es<\/span><\/a><\/li>\n<li><span style=\"font-weight: 400\">922 319 785<\/span><\/li>\n<\/ul>\n<p>[\/vc_column_text][\/vc_column][\/vc_row]<\/p>\n<\/section>","protected":false},"excerpt":{"rendered":"<p>[vc_row][vc_column][vc_column_text]El Laboratorio de Innovaci\u00f3n Social de la ULL present\u00f3 \u2018\u2019As\u00f3mate a Igual Lab 2023\u2019\u2019, un evento abierto para dar a conocer Igual Lab, el Laboratorio de Investigaci\u00f3n para la Transici\u00f3n Igualitaria de Canarias. La viceconsejera de Igualdad y Diversidad del Gobierno de Canarias, Sylvia Ja\u00e9n Mart\u00ednez, se encarg\u00f3 de inaugurar el evento junto al vicerrector&#8230;<\/p>\n","protected":false},"author":59,"featured_media":53258,"comment_status":"closed","ping_status":"closed","sticky":false,"template":"","format":"standard","meta":{"footnotes":""},"categories":[10,1159],"tags":[],"featured_image_thumbnail_url":"https:\/\/fg.ull.es\/noticias\/wp-content\/uploads\/sites\/2\/2023\/03\/HCG07367-300x200.jpg","_links":{"self":[{"href":"https:\/\/fg.ull.es\/noticias\/wp-json\/wp\/v2\/posts\/53257"}],"collection":[{"href":"https:\/\/fg.ull.es\/noticias\/wp-json\/wp\/v2\/posts"}],"about":[{"href":"https:\/\/fg.ull.es\/noticias\/wp-json\/wp\/v2\/types\/post"}],"author":[{"embeddable":true,"href":"https:\/\/fg.ull.es\/noticias\/wp-json\/wp\/v2\/users\/59"}],"replies":[{"embeddable":true,"href":"https:\/\/fg.ull.es\/noticias\/wp-json\/wp\/v2\/comments?post=53257"}],"version-history":[{"count":6,"href":"https:\/\/fg.ull.es\/noticias\/wp-json\/wp\/v2\/posts\/53257\/revisions"}],"predecessor-version":[{"id":54066,"href":"https:\/\/fg.ull.es\/noticias\/wp-json\/wp\/v2\/posts\/53257\/revisions\/54066"}],"wp:featuredmedia":[{"embeddable":true,"href":"https:\/\/fg.ull.es\/noticias\/wp-json\/wp\/v2\/media\/53258"}],"wp:attachment":[{"href":"https:\/\/fg.ull.es\/noticias\/wp-json\/wp\/v2\/media?parent=53257"}],"wp:term":[{"taxonomy":"category","embeddable":true,"href":"https:\/\/fg.ull.es\/noticias\/wp-json\/wp\/v2\/categories?post=53257"},{"taxonomy":"post_tag","embeddable":true,"href":"https:\/\/fg.ull.es\/noticias\/wp-json\/wp\/v2\/tags?post=53257"}],"curies":[{"name":"wp","href":"https:\/\/api.w.org\/{rel}","templated":true}]}}