{"id":53215,"date":"2023-03-30T11:20:20","date_gmt":"2023-03-30T10:20:20","guid":{"rendered":"https:\/\/fg.ull.es\/noticias\/?p=53215"},"modified":"2023-07-14T09:52:45","modified_gmt":"2023-07-14T08:52:45","slug":"foro-intergeneracional-en-la-palma","status":"publish","type":"post","link":"https:\/\/fg.ull.es\/noticias\/2023\/03\/30\/foro-intergeneracional-en-la-palma\/","title":{"rendered":"LabINS ULL lleva a cabo el Primer Foro Intergeneracional en La Palma"},"content":{"rendered":"<section class=\"wpb-content-wrapper\"><p>[vc_row][vc_column][vc_column_text]<span style=\"font-weight: 400\">La iniciativa de <\/span><i><span style=\"font-weight: 400\">Espacios para el cambio<\/span><\/i><span style=\"font-weight: 400\">, del <strong>Laboratorio de Innovaci\u00f3n Social de la Universidad de La Laguna (LabINS ULL)<\/strong>, llev\u00f3 a cabo el <\/span><b>Primer\u00a0 Foro Intergeneracional<\/b><span style=\"font-weight: 400\"> en la isla de La Palma tras varios meses de trabajo con la comunidad de los diferentes barrios de Los Llanos de Aridane.<\/span><\/p>\n<p><span style=\"font-weight: 400\">El encuentro comenz\u00f3 con la elaboraci\u00f3n de un mural de 60 m2 en el que participaron alrededor de 180 personas entre ni\u00f1as, ni\u00f1os, madres y padres. <\/span><\/p>\n<p><span style=\"font-weight: 400\">El objetivo consist\u00eda en representar de forma visual las proyecciones de futuro y mejora de Los Llanos de Aridane. Encima del lienzo, se celebr\u00f3, posteriormente, el Primer Foro Intergeneracional de La Palma y se dialog\u00f3 sobre la necesidad de seguir apostando por espacios de encuentro para la construcci\u00f3n de soluciones a nivel local.\u00a0<\/span><\/p>\n<p><span style=\"font-weight: 400\">El alumnado del CEIP La Laguna y las familias confeccionaron esta creaci\u00f3n a trav\u00e9s de los diferentes elementos simb\u00f3licos de la comunidad: monopatines, bicicletas, sillas de ruedas, balones, raquetas y cintas decorativas, entre otros.\u00a0<\/span><\/p>\n<p><span style=\"font-weight: 400\">Para esta creaci\u00f3n se cont\u00f3 con <\/span><span style=\"font-weight: 400\">lonas proporcionadas por la Asociaci\u00f3n Cultural de Amigos para la Difusi\u00f3n del Cine, del Teatro y la Literatura, Charlas de Cine de Tenerife y la empresa C\u00e1ncamo &amp; Company con<\/span> <span style=\"font-weight: 400\">la colaboraci\u00f3n del Proyecto Anti Escuela, de la mano del artista V\u00edctor Seus, natural de La Laguna, y la artista holandesa, Bertine Bielderman. Tambi\u00e9n particip\u00f3 la Fundaci\u00f3n Taburiente, Plena Inclusi\u00f3n Canarias y la Asociaci\u00f3n Tierra Bonita.<\/span><\/p>\n<h2><b>Entidades promotoras y colaboradoras<\/b><\/h2>\n<p><span style=\"font-weight: 400\">Iniciativa promovida por la Direcci\u00f3n General de Investigaci\u00f3n y Coordinaci\u00f3n del Desarrollo Sostenible del Gobierno de Canarias e ideada y desarrollada por el <\/span><a href=\"https:\/\/fg.ull.es\/innovacion\/labins\/\"><span style=\"font-weight: 400\">Laboratorio de Innovaci\u00f3n Social de la Universidad de La Laguna (LabINS ULL)<\/span><\/a><span style=\"font-weight: 400\">, en colaboraci\u00f3n con la Consejer\u00eda de Educaci\u00f3n, Universidades, Cultura y Deportes del Gobierno de Canarias.<\/span><\/p>\n<p><b>Informaci\u00f3n y contacto<\/b><\/p>\n<p><span style=\"font-weight: 400\">M\u00e1s informaci\u00f3n en: <\/span><a href=\"mailto:espaciosparaelcambio@fg.ull.es\"><span style=\"font-weight: 400\">espaciosparaelcambio@fg.ull.es<\/span><\/a><\/p>\n<p>922 319 785<\/p>\n<p>649 286 441<\/p>\n<p><span style=\"font-weight: 400\">IG y FB: <\/span><a href=\"https:\/\/www.instagram.com\/espaciosparaelcambio\/\"><span style=\"font-weight: 400\">@espaciosparaelcambio<\/span><\/a>[\/vc_column_text][\/vc_column][\/vc_row]<\/p>\n<\/section>","protected":false},"excerpt":{"rendered":"<p>[vc_row][vc_column][vc_column_text]La iniciativa de Espacios para el cambio, del Laboratorio de Innovaci\u00f3n Social de la Universidad de La Laguna (LabINS ULL), llev\u00f3 a cabo el Primer\u00a0 Foro Intergeneracional en la isla de La Palma tras varios meses de trabajo con la comunidad de los diferentes barrios de Los Llanos de Aridane. El encuentro comenz\u00f3 con la&#8230;<\/p>\n","protected":false},"author":59,"featured_media":53219,"comment_status":"closed","ping_status":"closed","sticky":false,"template":"","format":"standard","meta":{"footnotes":""},"categories":[10,1159],"tags":[1412],"featured_image_thumbnail_url":"https:\/\/fg.ull.es\/noticias\/wp-content\/uploads\/sites\/2\/2023\/03\/Fr-u8VpWwAMP6bu-300x200.jpg","_links":{"self":[{"href":"https:\/\/fg.ull.es\/noticias\/wp-json\/wp\/v2\/posts\/53215"}],"collection":[{"href":"https:\/\/fg.ull.es\/noticias\/wp-json\/wp\/v2\/posts"}],"about":[{"href":"https:\/\/fg.ull.es\/noticias\/wp-json\/wp\/v2\/types\/post"}],"author":[{"embeddable":true,"href":"https:\/\/fg.ull.es\/noticias\/wp-json\/wp\/v2\/users\/59"}],"replies":[{"embeddable":true,"href":"https:\/\/fg.ull.es\/noticias\/wp-json\/wp\/v2\/comments?post=53215"}],"version-history":[{"count":13,"href":"https:\/\/fg.ull.es\/noticias\/wp-json\/wp\/v2\/posts\/53215\/revisions"}],"predecessor-version":[{"id":54016,"href":"https:\/\/fg.ull.es\/noticias\/wp-json\/wp\/v2\/posts\/53215\/revisions\/54016"}],"wp:featuredmedia":[{"embeddable":true,"href":"https:\/\/fg.ull.es\/noticias\/wp-json\/wp\/v2\/media\/53219"}],"wp:attachment":[{"href":"https:\/\/fg.ull.es\/noticias\/wp-json\/wp\/v2\/media?parent=53215"}],"wp:term":[{"taxonomy":"category","embeddable":true,"href":"https:\/\/fg.ull.es\/noticias\/wp-json\/wp\/v2\/categories?post=53215"},{"taxonomy":"post_tag","embeddable":true,"href":"https:\/\/fg.ull.es\/noticias\/wp-json\/wp\/v2\/tags?post=53215"}],"curies":[{"name":"wp","href":"https:\/\/api.w.org\/{rel}","templated":true}]}}