{"id":53054,"date":"2023-03-17T13:38:54","date_gmt":"2023-03-17T13:38:54","guid":{"rendered":"https:\/\/fg.ull.es\/noticias\/?p=53054"},"modified":"2023-03-24T10:29:44","modified_gmt":"2023-03-24T10:29:44","slug":"el-emprendimiento-se-adentra-en-36-centros-educativos-de-la-provincia-de-santa-cruz-de-tenerife-por-la-iniciativa-ensenar-para-emprender","status":"publish","type":"post","link":"https:\/\/fg.ull.es\/noticias\/2023\/03\/17\/el-emprendimiento-se-adentra-en-36-centros-educativos-de-la-provincia-de-santa-cruz-de-tenerife-por-la-iniciativa-ensenar-para-emprender\/","title":{"rendered":"El emprendimiento se adentra en 36 centros educativos de la provincia de Santa Cruz de Tenerife por la iniciativa \u201cEnse\u00f1ar para Emprender\u201d"},"content":{"rendered":"<section class=\"wpb-content-wrapper\"><p>[vc_row][vc_column][vc_column_text]<\/p>\n<h2>El proyecto \u201cEnse\u00f1ar para Emprender\u201d est\u00e1 desarrollando una serie de talleres formativos en varios centros educativos para fomentar la cultura emprendedora.<\/h2>\n<p><span style=\"font-weight: 400\">Un total de 36 centros educativos de la provincia de Santa Cruz de Tenerife, han participado en los talleres en aula realizados en esta d\u00e9cima edici\u00f3n del proyecto educativo, cooperativo y solidario \u201cEnse\u00f1ar para emprender\u201d (EPE), ejecutada por la Agencia Universitaria de Empleo de la Fundaci\u00f3n General de la Universidad de La Laguna y financiado por el Servicio Canario de Empleo, entidad dependiente de la consejer\u00eda de Econom\u00eda, Conocimiento y Empleo del Gobierno de Canarias y con la colaboraci\u00f3n con la Consejer\u00eda de Educaci\u00f3n, Universidades, Cultura y Deportes.<\/span><\/p>\n<p><span style=\"font-weight: 400\">El principal objetivo del proyecto EPE es la creaci\u00f3n y gesti\u00f3n de una cooperativa escolar. El alumnado participante simula la creaci\u00f3n y gesti\u00f3n de una cooperativa en la que se fabrican productos o servicios y posteriormente se venden en una feria de Cooperativas Escolares.<\/span><\/p>\n<p><span style=\"font-weight: 400\">En esta d\u00e9cima edici\u00f3n, participa el alumnado desde los niveles educativos de infantil hasta bachillerato, incluidas las Aulas Enclave y Formaci\u00f3n Profesional B\u00e1sica. Aproximadamente, de los 1800 estudiantes inscritos en el proyecto, 1020 se han beneficiado de un total de 70 talleres,\u00a0 realizados entre los meses de enero, febrero y marzo en las aulas de la provincia de Santa Cruz de Tenerife, a cargo del personal t\u00e9cnico de &#8220;Ense\u00f1ar Para Emprender&#8221; de la Fundaci\u00f3n General de la Universidad de La Laguna.<\/span><\/p>\n<p><span style=\"font-weight: 400\">En estas visitas, se han tratado los cinco talleres relacionados con la cultura emprendedora, el cooperativismo y el trabajo en equipo del alumnado participante. Asimismo, se ha puesto en com\u00fan la creaci\u00f3n de las cooperativas en cada uno de los centros, as\u00ed como la documentaci\u00f3n necesaria para la creaci\u00f3n de la misma, los materiales y posibles productos o servicios a realizar y la estructura del proyecto.<\/span><\/p>\n<p><span style=\"font-weight: 400\">A ra\u00edz de las sesiones, el alumnado participante dispone de las herramientas y de los recursos para una correcta organizaci\u00f3n del proyecto, dot\u00e1ndolos de v\u00eddeos explicativos, gu\u00edas did\u00e1cticas, fichas did\u00e1cticas, a trav\u00e9s del Campus Virtual de la Fundaci\u00f3n General de la Universidad de La Laguna. Adem\u00e1s, se les ha explicado los tiempos de entrega y el procedimiento del permiso de ventas, la Feria de cooperativas escolares y el acto solidario que pone fin al proyecto, denominado \u201cL\u00edquida y Comparte\u201d.<\/span>[\/vc_column_text][\/vc_column][\/vc_row]<\/p>\n<\/section>","protected":false},"excerpt":{"rendered":"<p>[vc_row][vc_column][vc_column_text] El proyecto \u201cEnse\u00f1ar para Emprender\u201d est\u00e1 desarrollando una serie de talleres formativos en varios centros educativos para fomentar la cultura emprendedora. Un total de 36 centros educativos de la provincia de Santa Cruz de Tenerife, han participado en los talleres en aula realizados en esta d\u00e9cima edici\u00f3n del proyecto educativo, cooperativo y solidario \u201cEnse\u00f1ar&#8230;<\/p>\n","protected":false},"author":50,"featured_media":53055,"comment_status":"closed","ping_status":"closed","sticky":false,"template":"","format":"standard","meta":{"footnotes":""},"categories":[278,1411,656,7],"tags":[40],"featured_image_thumbnail_url":"https:\/\/fg.ull.es\/noticias\/wp-content\/uploads\/sites\/2\/2023\/03\/IMG-0444-1-300x225.jpg","_links":{"self":[{"href":"https:\/\/fg.ull.es\/noticias\/wp-json\/wp\/v2\/posts\/53054"}],"collection":[{"href":"https:\/\/fg.ull.es\/noticias\/wp-json\/wp\/v2\/posts"}],"about":[{"href":"https:\/\/fg.ull.es\/noticias\/wp-json\/wp\/v2\/types\/post"}],"author":[{"embeddable":true,"href":"https:\/\/fg.ull.es\/noticias\/wp-json\/wp\/v2\/users\/50"}],"replies":[{"embeddable":true,"href":"https:\/\/fg.ull.es\/noticias\/wp-json\/wp\/v2\/comments?post=53054"}],"version-history":[{"count":3,"href":"https:\/\/fg.ull.es\/noticias\/wp-json\/wp\/v2\/posts\/53054\/revisions"}],"predecessor-version":[{"id":53058,"href":"https:\/\/fg.ull.es\/noticias\/wp-json\/wp\/v2\/posts\/53054\/revisions\/53058"}],"wp:featuredmedia":[{"embeddable":true,"href":"https:\/\/fg.ull.es\/noticias\/wp-json\/wp\/v2\/media\/53055"}],"wp:attachment":[{"href":"https:\/\/fg.ull.es\/noticias\/wp-json\/wp\/v2\/media?parent=53054"}],"wp:term":[{"taxonomy":"category","embeddable":true,"href":"https:\/\/fg.ull.es\/noticias\/wp-json\/wp\/v2\/categories?post=53054"},{"taxonomy":"post_tag","embeddable":true,"href":"https:\/\/fg.ull.es\/noticias\/wp-json\/wp\/v2\/tags?post=53054"}],"curies":[{"name":"wp","href":"https:\/\/api.w.org\/{rel}","templated":true}]}}