{"id":53013,"date":"2023-03-13T08:48:06","date_gmt":"2023-03-13T08:48:06","guid":{"rendered":"https:\/\/fg.ull.es\/noticias\/?p=53013"},"modified":"2023-03-13T08:58:22","modified_gmt":"2023-03-13T08:58:22","slug":"convocatoria-dirigida-a-la-seleccion-de-localidades-barrios-o-pueblos-para-la-aplicacion-de-la-agenda-canaria-de-desarrollo-sostenible-2030-con-enfoque-comunitario","status":"publish","type":"post","link":"https:\/\/fg.ull.es\/noticias\/2023\/03\/13\/convocatoria-dirigida-a-la-seleccion-de-localidades-barrios-o-pueblos-para-la-aplicacion-de-la-agenda-canaria-de-desarrollo-sostenible-2030-con-enfoque-comunitario\/","title":{"rendered":"Convocatoria dirigida a la selecci\u00f3n de localidades (barrios o pueblos) para la aplicaci\u00f3n de la agenda canaria de desarrollo sostenible 2030 con enfoque comunitario"},"content":{"rendered":"<p><span style=\"font-weight: 400;\">La presente convocatoria tiene como finalidad la selecci\u00f3n de ocho localidades del archipi\u00e9lago canario, una por cada una de sus islas pobladas, de cara a fomentar la aplicaci\u00f3n comunitaria de la Agenda Canaria de Desarrollo Sostenible 2030\u00a0 (ACDS 2030) en la escala inframunicipal.<\/span><\/p>\n<p><span style=\"font-weight: 400;\">Podr\u00e1n participar en esta convocatoria todos los ayuntamientos de la Comunidad Aut\u00f3noma de Canarias que se encuentren adheridos, o en proceso de adhesi\u00f3n, a la ACDS 2030 en el momento de la presentaci\u00f3n de la solicitud.<\/span><\/p>\n<p><span style=\"font-weight: 400;\">Se podr\u00e1 formalizar la solicitud desde el <\/span><b>14 de marzo <\/b><span style=\"font-weight: 400;\">hasta el<\/span><b> 28 de marzo de 2023, adjuntando el formulario de solicitud<\/b><span style=\"font-weight: 400;\">, firmado, junto a los anexos correspondientes y a la documentaci\u00f3n que acredite los requisitos que se establecen en la convocatoria, \u00fanicamente de <\/span><span style=\"font-weight: 400;\">forma telem\u00e1tica<\/span><span style=\"font-weight: 400;\">.<\/span><\/p>\n<ul>\n<li style=\"font-weight: 400;\" aria-level=\"1\"><span style=\"font-weight: 400;\">Bases reguladoras (<\/span><a href=\"https:\/\/drive.google.com\/file\/d\/1Z4aWZxmbUJBgX_7YPrjEuqDse1TiHu7R\/view?usp=sharing\"><span style=\"font-weight: 400;\">Pdf<\/span><\/a><span style=\"font-weight: 400;\">)<\/span><\/li>\n<li style=\"font-weight: 400;\" aria-level=\"1\"><span style=\"font-weight: 400;\">ANEXO I. Formulario de solicitud (<\/span><a href=\"https:\/\/docs.google.com\/document\/d\/1oQJrHmt32Bj8o2vXfzraEQ1TucrOJdi6Mkdqd_BVmTs\/edit?usp=sharing\"><span style=\"font-weight: 400;\">Word<\/span><\/a><span style=\"font-weight: 400;\">, <\/span><a href=\"https:\/\/drive.google.com\/file\/d\/1YeOYNy_rK4pzycizN8FUTcy9RjgRLtDX\/view?usp=sharing\"><span style=\"font-weight: 400;\">Pdf<\/span><\/a><span style=\"font-weight: 400;\">, <\/span><a href=\"https:\/\/drive.google.com\/file\/d\/1YkNHOpZPHwEStfo9SpnU6eI_wAatYDvT\/view?usp=sharing\"><span style=\"font-weight: 400;\">Odt<\/span><\/a><span style=\"font-weight: 400;\">)<\/span><\/li>\n<li style=\"font-weight: 400;\" aria-level=\"1\"><span style=\"font-weight: 400;\">ANEXO II. Acuerdo con asociaciones vecinales y\/o sociales (<\/span><a href=\"https:\/\/docs.google.com\/document\/d\/1DNr_kHMbAAjVlNBU2rCKOBiCYQ-xmr5T9J2HBlO751o\/edit?usp=sharing\"><span style=\"font-weight: 400;\">Word<\/span><\/a><span style=\"font-weight: 400;\">, <\/span><a href=\"https:\/\/drive.google.com\/file\/d\/1YZxbzNs8OPDGoR3tBTjF6aie7UGriCH4\/view?usp=sharing\"><span style=\"font-weight: 400;\">Pdf<\/span><\/a><span style=\"font-weight: 400;\">, <\/span><a href=\"https:\/\/drive.google.com\/file\/d\/1YbbGf6LupozF3DYAD1vFjff-xHQtAVGb\/view?usp=sharing\"><span style=\"font-weight: 400;\">Odt<\/span><\/a><span style=\"font-weight: 400;\">)<\/span><\/li>\n<li style=\"font-weight: 400;\" aria-level=\"1\"><span style=\"font-weight: 400;\">ANEXO III. Acuerdo para la vinculaci\u00f3n de recursos t\u00e9cnicos y\/o profesionales de las Administraciones P\u00fablicas (<\/span><a href=\"https:\/\/docs.google.com\/document\/d\/1WmQJij1Js8l_oVefpAIhW7SOAMb_-QUyDdPnH5CXRzA\/edit?usp=sharing\"><span style=\"font-weight: 400;\">Word<\/span><\/a><span style=\"font-weight: 400;\">, <\/span><a href=\"https:\/\/drive.google.com\/file\/d\/1Z1wQiJuEq0DN7eYfUdlJ2u_hVwjFVR5R\/view?usp=sharing\"><span style=\"font-weight: 400;\">Pdf<\/span><\/a><span style=\"font-weight: 400;\">, <\/span><a href=\"https:\/\/drive.google.com\/file\/d\/1Z4YEZR09cDR0GA_rn-pJY-LCuvttHNmQ\/view?usp=sharing\"><span style=\"font-weight: 400;\">Odt<\/span><\/a><span style=\"font-weight: 400;\">)<\/span><\/li>\n<li style=\"font-weight: 400;\" aria-level=\"1\"><span style=\"font-weight: 400;\">ANEXO IV. Tabla de baremaci\u00f3n (<\/span><a href=\"https:\/\/drive.google.com\/file\/d\/1Y5z5HFXfewRAsmm735wJ0v-SmlwhU70q\/view?usp=sharing\"><span style=\"font-weight: 400;\">Pdf<\/span><\/a><span style=\"font-weight: 400;\">)<\/span><\/li>\n<li style=\"font-weight: 400;\" aria-level=\"1\"><span style=\"font-weight: 400;\">ANEXO A. Equipo t\u00e9cnico del Proyecto \u2018BarriODS\u2019 (<\/span><a href=\"https:\/\/drive.google.com\/file\/d\/1XonOMFZE6YjUgwYlD9PPw8fhLqpD1AUk\/view?usp=sharing\"><span style=\"font-weight: 400;\">Pdf<\/span><\/a><span style=\"font-weight: 400;\">)<\/span><\/li>\n<li style=\"font-weight: 400;\" aria-level=\"1\"><span style=\"font-weight: 400;\">ANEXO B. Vocal\u00edas del Consejo Canario de Desarrollo Sostenible <\/span><span style=\"font-weight: 400;\">(<\/span><a href=\"https:\/\/drive.google.com\/file\/d\/1Xkbm0sejym9GWLr_CdHTrrY4zVQGNfe_\/view?usp=sharing\"><span style=\"font-weight: 400;\">Pdf<\/span><\/a><span style=\"font-weight: 400;\">)<\/span><\/li>\n<li style=\"font-weight: 400;\" aria-level=\"1\"><span style=\"font-weight: 400;\">ANEXO C. Procedimientos para la inscripci\u00f3n y\/o adhesi\u00f3n a diferentes herramientas y planes de acci\u00f3n<\/span> <span style=\"font-weight: 400;\">(<\/span><a href=\"https:\/\/drive.google.com\/file\/d\/1XgloLgOCuIC1L2jEU16gxi5DrCZjJ-3O\/view?usp=sharing\"><span style=\"font-weight: 400;\">Pdf<\/span><\/a><span style=\"font-weight: 400;\">)<\/span><\/li>\n<li style=\"font-weight: 400;\" aria-level=\"1\"><span style=\"font-weight: 400;\">ANEXO R. Alegaciones (<\/span><a href=\"https:\/\/docs.google.com\/document\/d\/1wKh_HDaEh_EWq3U0yz36MDWwAVaCRdPZfZhl5DPZ-QM\/edit?usp=sharing\"><span style=\"font-weight: 400;\">Word<\/span><\/a><span style=\"font-weight: 400;\">, <\/span><a href=\"https:\/\/drive.google.com\/file\/d\/1XebqoyMZ2a2E1RHXR1dZlltiWEMROjCZ\/view?usp=sharing\"><span style=\"font-weight: 400;\">Pdf<\/span><\/a><span style=\"font-weight: 400;\">, <\/span><a href=\"https:\/\/drive.google.com\/file\/d\/1Xg5eHwFEh-XvlgS45aWjSFgUK4iCJsPp\/view?usp=sharing\"><span style=\"font-weight: 400;\">Odt<\/span><\/a><span style=\"font-weight: 400;\">)<\/span><\/li>\n<\/ul>\n<p><span style=\"font-weight: 400;\">Se habilita un correo electr\u00f3nico <\/span><a href=\"mailto:barriods@fg.ull.es\"><span style=\"font-weight: 400;\">barriods@fg.ull.es<\/span><\/a><span style=\"font-weight: 400;\"> y dos tel\u00e9fonos para informar y asesorar sobre este procedimiento, uno para la provincia de Las Palmas (629 357 514) y otro para la provincia de Santa Cruz de Tenerife (608 617 553).<\/span><\/p>\n<p><span style=\"font-weight: 400;\">El proyecto \u2018BarriODS\u2019 lo ejecuta la Fundaci\u00f3n Canaria General de la Universidad de La Laguna y lo impulsa la Direcci\u00f3n General de Investigaci\u00f3n y Coordinaci\u00f3n del Desarrollo Sostenible, adscrita a Presidencia del Gobierno de Canarias, contando con un equipo t\u00e9cnico que lo desarrollar\u00e1 durante el presente a\u00f1o 2023. Se encuentra incluido en el Plan Estrat\u00e9gico de Subvenciones de esa \u00e1rea para el periodo 2020-2022.\u00a0<\/span><\/p>\n<p>&nbsp;<\/p>\n","protected":false},"excerpt":{"rendered":"<p>La presente convocatoria tiene como finalidad la selecci\u00f3n de ocho localidades del archipi\u00e9lago canario, una por cada una de sus islas pobladas, de cara a fomentar la aplicaci\u00f3n comunitaria de la Agenda Canaria de Desarrollo Sostenible 2030\u00a0 (ACDS 2030) en la escala inframunicipal. Podr\u00e1n participar en esta convocatoria todos los ayuntamientos de la Comunidad Aut\u00f3noma&#8230;<\/p>\n","protected":false},"author":47,"featured_media":0,"comment_status":"closed","ping_status":"closed","sticky":false,"template":"","format":"standard","meta":{"footnotes":""},"categories":[657,232],"tags":[],"featured_image_thumbnail_url":null,"_links":{"self":[{"href":"https:\/\/fg.ull.es\/noticias\/wp-json\/wp\/v2\/posts\/53013"}],"collection":[{"href":"https:\/\/fg.ull.es\/noticias\/wp-json\/wp\/v2\/posts"}],"about":[{"href":"https:\/\/fg.ull.es\/noticias\/wp-json\/wp\/v2\/types\/post"}],"author":[{"embeddable":true,"href":"https:\/\/fg.ull.es\/noticias\/wp-json\/wp\/v2\/users\/47"}],"replies":[{"embeddable":true,"href":"https:\/\/fg.ull.es\/noticias\/wp-json\/wp\/v2\/comments?post=53013"}],"version-history":[{"count":4,"href":"https:\/\/fg.ull.es\/noticias\/wp-json\/wp\/v2\/posts\/53013\/revisions"}],"predecessor-version":[{"id":53017,"href":"https:\/\/fg.ull.es\/noticias\/wp-json\/wp\/v2\/posts\/53013\/revisions\/53017"}],"wp:attachment":[{"href":"https:\/\/fg.ull.es\/noticias\/wp-json\/wp\/v2\/media?parent=53013"}],"wp:term":[{"taxonomy":"category","embeddable":true,"href":"https:\/\/fg.ull.es\/noticias\/wp-json\/wp\/v2\/categories?post=53013"},{"taxonomy":"post_tag","embeddable":true,"href":"https:\/\/fg.ull.es\/noticias\/wp-json\/wp\/v2\/tags?post=53013"}],"curies":[{"name":"wp","href":"https:\/\/api.w.org\/{rel}","templated":true}]}}