{"id":52802,"date":"2023-02-27T13:29:26","date_gmt":"2023-02-27T13:29:26","guid":{"rendered":"https:\/\/fg.ull.es\/noticias\/?p=52802"},"modified":"2023-02-27T13:29:49","modified_gmt":"2023-02-27T13:29:49","slug":"el-centro-empresarial-de-arona-celebra-su-quinto-aniversario-con-unas-jornadas-sobre-las-zca-como-agentes-revitalizadores","status":"publish","type":"post","link":"https:\/\/fg.ull.es\/noticias\/2023\/02\/27\/el-centro-empresarial-de-arona-celebra-su-quinto-aniversario-con-unas-jornadas-sobre-las-zca-como-agentes-revitalizadores\/","title":{"rendered":"El Centro Empresarial de Arona celebra su quinto aniversario con unas jornadas sobre las ZCA como agentes revitalizadores"},"content":{"rendered":"<p>El Ayuntamiento de Arona, junto a la Universidad de La Laguna, celebr\u00f3 el viernes 24 de febrero, el quinto aniversario del Centro Empresarial del municipio, ubicado en Las Galletas, con una jornada centrada en el crecimiento de las Zonas Comerciales Abiertas como agente revitalizador, no solo del comercio local sino desde el punto de vista de la movilidad, el turismo y el desarrollo urbano sostenible.<\/p>\n<p>El evento fue inaugurado por el alcalde de Arona, Jos\u00e9 Juli\u00e1n Mena; la rectora de la Universidad de La Laguna, Rosa Mar\u00eda Aguilar; la concejala de Promoci\u00f3n Econ\u00f3mica, Raquel Garc\u00eda, y el director gerente de la Fundaci\u00f3n General de la universidad, Juan Diego Betancor. El periodista Miguel \u00c1ngel Daswani fue el encargado de presentar el acto.<\/p>\n<p>Este espacio, inaugurado en 2018, es el epicentro de los servicios que ofrece el Ayuntamiento junto al programa ARN Innova para apoyar la emprendedur\u00eda, que presta el equipo t\u00e9cnico de Emprende.ULL a trav\u00e9s del convenio firmado entre el consistorio y la ULL. Durante la inauguraci\u00f3n, se hizo hincapi\u00e9 en los resultados de estos cinco a\u00f1os, que se traducen en el asesoramiento a m\u00e1s de 2.340 personas, 1.150 usuarios atendidos, la celebraci\u00f3n de 177 jornadas y charlas dirigidas a emprendedores o las 203 altas de aut\u00f3nomos. Cifras que dan buena cuenta del eficiente trabajo realizado en el Centro Empresarial.<\/p>\n<p>\u201cYo creo en una Arona l\u00edder y capital del Sur. De la gran \u00e1rea metropolitana del Sur\u201d, se\u00f1al\u00f3 Mena. \u201cY ese sue\u00f1o requiere de innovaci\u00f3n, talento y conocimiento. Un conocimiento que es el que aporta la Universidad de La Laguna, de la que hemos ido de la mano. Por tanto, el Centro Empresarial es un elemento fundamental dentro de esa estrategia de fortalecer Arona y de fortalecer a la Comarca Sur\u201d.<\/p>\n<p>Por su parte, Raquel Garc\u00eda, concejala de Promoci\u00f3n Econ\u00f3mica, quiso poner en valor \u201ceste proyecto, iniciado por el alcalde, que ha demostrado ser todo un \u00e9xito. Despu\u00e9s de cinco a\u00f1os, contin\u00faa aumentando el n\u00famero de asistencias, entre vecinos del municipio y del resto de la comarca sur, que quieren abrir su negocio. Me gustar\u00eda tambi\u00e9n destacar, entre todos los magn\u00edficos datos, esos m\u00e1s de 200 aut\u00f3nomos que se han dado de alta en Arona gracias al apoyo e impulso de este centro empresarial, donde, adem\u00e1s, no solo se da el apoyo y la asistencia, sino la formaci\u00f3n que requieren nuestros empresarios\u201d.<\/p>\n<p>El encuentro, retransmitido por\u00a0<em>streaming<\/em>, cont\u00f3 con la ponencia de Ra\u00fal Falc\u00f3n, arquitecto y consultor especializado en planificaci\u00f3n estrat\u00e9gica, desarrollo urbano sostenible, movilidad, accesibilidad, turismo y comercio, donde dio claves para poner en valor a las Zonas Comerciales Abiertas como potenciadoras del tejido empresarial y emprendedor del municipio de Arona.<\/p>\n<p>El evento finaliz\u00f3 con una mesa redonda formada por profesionales del emprendimiento, comercio urbano y zonas comerciales abiertas, en la que debatieron sobre los nuevos paradigmas de estos sectores, vitales para la dinamizaci\u00f3n y consolidaci\u00f3n de dichas zonas, en la que participaron \u00c1ngel Chinea, profesor de la Universidad de La Laguna y experto urbano; Abbas Moujir, secretario general de FAUCA; Ana Luisa Delgado, presidenta de la Zona Comercial Abierta de Las Galletas; Carlos Carlos Bethencourt, en calidad de presidente de la Zona Comercial Abierta de Triana; y Ana Ruiloba, emprendedora y empresaria del municipio de Arona.<\/p>\n<p>El aniversario de este recurso municipal, dirigido a la creaci\u00f3n de empleo, coincide con los datos del paro m\u00e1s bajos de Arona en 15 a\u00f1os. El n\u00famero de desempleados cay\u00f3 en enero por debajo de las 6.000 personas, hasta colocarse en 5.933. Para encontrar una cifra comparable habr\u00eda que remontarse a 2007, a\u00f1o previo a la crisis econ\u00f3mica. Hay que tener en cuenta que en el per\u00edodo de tiempo que va de 2007 a 2023, los habitantes de Arona se han incrementado en m\u00e1s de 30.000 personas, lo que supone un aumento notable de la poblaci\u00f3n activa y, por tanto, de los demandantes de empleo, a pesar de lo cual el n\u00famero de desempleados, tanto absoluto como el porcentaje, ha ca\u00eddo de manera notable.<\/p>\n<p>&nbsp;<\/p>\n<p>Nota y foto cedidas.<\/p>\n","protected":false},"excerpt":{"rendered":"<p>El Ayuntamiento de Arona, junto a la Universidad de La Laguna, celebr\u00f3 el viernes 24 de febrero, el quinto aniversario del Centro Empresarial del municipio, ubicado en Las Galletas, con una jornada centrada en el crecimiento de las Zonas Comerciales Abiertas como agente revitalizador, no solo del comercio local sino desde el punto de vista&#8230;<\/p>\n","protected":false},"author":50,"featured_media":52803,"comment_status":"closed","ping_status":"closed","sticky":false,"template":"","format":"standard","meta":{"footnotes":""},"categories":[1,278,4,7],"tags":[419,46],"featured_image_thumbnail_url":"https:\/\/fg.ull.es\/noticias\/wp-content\/uploads\/sites\/2\/2023\/02\/Aniversario-Centro-Empresarial-de-Arona-300x200.jpg","_links":{"self":[{"href":"https:\/\/fg.ull.es\/noticias\/wp-json\/wp\/v2\/posts\/52802"}],"collection":[{"href":"https:\/\/fg.ull.es\/noticias\/wp-json\/wp\/v2\/posts"}],"about":[{"href":"https:\/\/fg.ull.es\/noticias\/wp-json\/wp\/v2\/types\/post"}],"author":[{"embeddable":true,"href":"https:\/\/fg.ull.es\/noticias\/wp-json\/wp\/v2\/users\/50"}],"replies":[{"embeddable":true,"href":"https:\/\/fg.ull.es\/noticias\/wp-json\/wp\/v2\/comments?post=52802"}],"version-history":[{"count":2,"href":"https:\/\/fg.ull.es\/noticias\/wp-json\/wp\/v2\/posts\/52802\/revisions"}],"predecessor-version":[{"id":52805,"href":"https:\/\/fg.ull.es\/noticias\/wp-json\/wp\/v2\/posts\/52802\/revisions\/52805"}],"wp:featuredmedia":[{"embeddable":true,"href":"https:\/\/fg.ull.es\/noticias\/wp-json\/wp\/v2\/media\/52803"}],"wp:attachment":[{"href":"https:\/\/fg.ull.es\/noticias\/wp-json\/wp\/v2\/media?parent=52802"}],"wp:term":[{"taxonomy":"category","embeddable":true,"href":"https:\/\/fg.ull.es\/noticias\/wp-json\/wp\/v2\/categories?post=52802"},{"taxonomy":"post_tag","embeddable":true,"href":"https:\/\/fg.ull.es\/noticias\/wp-json\/wp\/v2\/tags?post=52802"}],"curies":[{"name":"wp","href":"https:\/\/api.w.org\/{rel}","templated":true}]}}