{"id":52655,"date":"2023-02-22T14:33:00","date_gmt":"2023-02-22T14:33:00","guid":{"rendered":"https:\/\/fg.ull.es\/noticias\/?p=52655"},"modified":"2023-03-20T19:24:28","modified_gmt":"2023-03-20T19:24:28","slug":"convocatoria-perfil-tecnico-informatico-a-2023bde027","status":"publish","type":"post","link":"https:\/\/fg.ull.es\/noticias\/2023\/02\/22\/convocatoria-perfil-tecnico-informatico-a-2023bde027\/","title":{"rendered":"Convocatoria Perfil t\u00e9cnico: Inform\u00e1tico\/a (2023BDE027)"},"content":{"rendered":"<section class=\"wpb-content-wrapper\"><p>[vc_row][vc_column][vc_column_text]<\/p>\n<h4>Se solicitan candidaturas para la constituci\u00f3n de una bolsa de personal con &#8220;Perfil t\u00e9cnico: Inform\u00e1tico\/a&#8221;, de la Fundaci\u00f3n General de la Universidad de La Laguna (2023BDE027).<\/h4>\n<h4>El<strong> periodo de inscripci\u00f3n se inicia<\/strong> el d\u00eda 22\/02\/2023 a las 14:30 horas\u00a0 y finaliza el pr\u00f3ximo 01\/03\/2023 a las 14:29 horas.<\/h4>\n<p>Las personas interesadas en participar en el proceso de selecci\u00f3n deben presentar su candidatura desde la sede electr\u00f3nica de la Fundaci\u00f3n.<\/p>\n<p><span style=\"font-weight: 400\">Para la inscripci\u00f3n es totalmente necesario el cumplimiento de los requisitos expuestos en las bases generales y perfil singular de la convocatoria que se presentan a continuaci\u00f3n:<\/span>[\/vc_column_text][vc_empty_space][\/vc_column][\/vc_row][vc_row][vc_column width=&#8221;1\/2&#8243;][vc_column_text]<\/p>\n<h4>Bases generales<\/h4>\n<p>[\/vc_column_text][\/vc_column][vc_column width=&#8221;1\/2&#8243;][vc_btn title=&#8221;Descargar Bases Generales&#8221; style=&#8221;custom&#8221; custom_background=&#8221;#5c068c&#8221; custom_text=&#8221;#ffffff&#8221; shape=&#8221;square&#8221; align=&#8221;center&#8221; i_align=&#8221;right&#8221; i_icon_fontawesome=&#8221;fas fa-file-alt&#8221; button_block=&#8221;true&#8221; add_icon=&#8221;true&#8221; link=&#8221;url:https%3A%2F%2Fdrive.google.com%2Ffile%2Fd%2F15jAsbkOEJ4Ai8gpFcWNEOhDvomRvmgIQ%2Fview|target:_blank&#8221;][\/vc_column][\/vc_row][vc_row][vc_column][vc_separator][\/vc_column][\/vc_row][vc_row][vc_column width=&#8221;1\/2&#8243;][vc_column_text]<\/p>\n<h4>Perfil singular<\/h4>\n<p>[\/vc_column_text][\/vc_column][vc_column width=&#8221;1\/2&#8243;][vc_btn title=&#8221;Descargar Perfil Singular&#8221; style=&#8221;custom&#8221; custom_background=&#8221;#5c068c&#8221; custom_text=&#8221;#ffffff&#8221; shape=&#8221;square&#8221; align=&#8221;center&#8221; i_align=&#8221;right&#8221; i_icon_fontawesome=&#8221;fas fa-user-friends&#8221; button_block=&#8221;true&#8221; add_icon=&#8221;true&#8221; link=&#8221;url:https%3A%2F%2Fdrive.google.com%2Ffile%2Fd%2F1PXwbgs12-GUUyM3X5hh14eYS3CJZXqST%2Fview%3Fusp%3Dshare_link|target:_blank&#8221;][\/vc_column][\/vc_row][vc_row][vc_column][vc_separator][\/vc_column][\/vc_row][vc_row][vc_column width=&#8221;2\/4&#8243;][vc_column_text]<\/p>\n<h4>Anexo I.<\/h4>\n<h4>Documento de Autobaremaci\u00f3n<\/h4>\n<p>[\/vc_column_text][\/vc_column][vc_column width=&#8221;1\/4&#8243;][vc_btn title=&#8221;(PDF)&#8221; shape=&#8221;square&#8221; color=&#8221;black&#8221; align=&#8221;center&#8221; i_align=&#8221;right&#8221; i_icon_fontawesome=&#8221;fas fa-file-pdf&#8221; button_block=&#8221;true&#8221; add_icon=&#8221;true&#8221; link=&#8221;url:https%3A%2F%2Fdrive.google.com%2Ffile%2Fd%2F1OQqLtn38ij3W2HPPAoLD392xaiQZ4pnl%2Fview%3Fusp%3Dshare_link&#8221;][\/vc_column][vc_column width=&#8221;1\/4&#8243;][vc_btn title=&#8221;(Docx)&#8221; shape=&#8221;square&#8221; color=&#8221;black&#8221; align=&#8221;center&#8221; i_align=&#8221;right&#8221; i_icon_fontawesome=&#8221;fas fa-file-word&#8221; button_block=&#8221;true&#8221; add_icon=&#8221;true&#8221; link=&#8221;url:https%3A%2F%2Fdocs.google.com%2Fdocument%2Fd%2F16Ule-IZFTDhg_gn2RfdCaGQk1NOnzmUb%2Fedit%3Fusp%3Dshare_link%26ouid%3D118031771877093627019%26rtpof%3Dtrue%26sd%3Dtrue&#8221;][vc_btn title=&#8221;(Odt)&#8221; shape=&#8221;square&#8221; color=&#8221;black&#8221; align=&#8221;center&#8221; i_align=&#8221;right&#8221; i_icon_fontawesome=&#8221;far fa-file-alt&#8221; button_block=&#8221;true&#8221; add_icon=&#8221;true&#8221; link=&#8221;url:https%3A%2F%2Fdrive.google.com%2Ffile%2Fd%2F1mb0mStRbmy6L2OdSa7jzKkVdhbg3fkci%2Fview%3Fusp%3Dshare_link&#8221;][\/vc_column][\/vc_row][vc_row][vc_column][vc_separator][\/vc_column][\/vc_row][vc_row][vc_column width=&#8221;1\/2&#8243;][vc_column_text]<\/p>\n<h4>Documento de alegaciones<\/h4>\n<p>[\/vc_column_text][\/vc_column][vc_column width=&#8221;1\/2&#8243;][vc_btn title=&#8221;Descargar aqu\u00ed&#8221; style=&#8221;custom&#8221; custom_background=&#8221;#000f82&#8243; custom_text=&#8221;#ffffff&#8221; shape=&#8221;square&#8221; size=&#8221;lg&#8221; align=&#8221;center&#8221; i_align=&#8221;right&#8221; i_icon_fontawesome=&#8221;fas fa-arrow-circle-down&#8221; button_block=&#8221;true&#8221; add_icon=&#8221;true&#8221; link=&#8221;url:https%3A%2F%2Fdrive.google.com%2Ffile%2Fd%2F1XQRSS_QLBU1Z9C6XZnX-_4uTC4vvwihk%2Fview|target:_blank&#8221;][\/vc_column][\/vc_row][vc_row][vc_column][vc_separator][\/vc_column][\/vc_row][vc_row][vc_column width=&#8221;1\/2&#8243;][vc_column_text]<\/p>\n<h4>Inscripci\u00f3n<\/h4>\n<p>[\/vc_column_text][\/vc_column][vc_column width=&#8221;1\/2&#8243;][vc_btn title=&#8221;Inscripci\u00f3n aqu\u00ed&#8221; style=&#8221;custom&#8221; custom_background=&#8221;#2cbfc6&#8243; custom_text=&#8221;#ffffff&#8221; shape=&#8221;square&#8221; size=&#8221;lg&#8221; align=&#8221;center&#8221; i_align=&#8221;right&#8221; i_icon_fontawesome=&#8221;fas fa-toolbox&#8221; button_block=&#8221;true&#8221; add_icon=&#8221;true&#8221; link=&#8221;url:https%3A%2F%2Fsede.fg.ull.es%2Fes%2Fhome%2Finiciosesion%3FReturnUrl%3D%252fes%252fempleo%252finscripcion%252f52585&#8243;][\/vc_column][\/vc_row][vc_row el_id=&#8221;Separador-doble&#8221; css=&#8221;.vc_custom_1676461663589{padding-top: 10px !important;padding-bottom: 10px !important;}&#8221;][vc_column][vc_separator color=&#8221;black&#8221; style=&#8221;double&#8221; border_width=&#8221;3&#8243; el_id=&#8221;doble-separador&#8221;][vc_empty_space][\/vc_column][\/vc_row][vc_row][vc_column][vc_message]<span style=\"color: #000080\">Los listados se ir\u00e1n incluyendo a medida que se avance en el proceso de convocatoria.<\/span><\/p>\n<p><span style=\"color: #000080\"><strong>Se notificar\u00e1n su disponibilidad mediante el tabl\u00f3n de anuncios<\/strong>.<\/span>[\/vc_message][\/vc_column][\/vc_row][vc_row css=&#8221;.vc_custom_1676461663589{padding-top: 10px !important;padding-bottom: 10px !important;}&#8221;][vc_column][vc_separator color=&#8221;black&#8221; style=&#8221;double&#8221; border_width=&#8221;3&#8243;][\/vc_column][\/vc_row][vc_row][vc_column][vc_message message_box_color=&#8221;success&#8221;]\u00a1\u00daltima actualizaci\u00f3n! &#8211; 19:00 horas del 20 de marzo del 2023.[\/vc_message][\/vc_column][\/vc_row][vc_row css=&#8221;.vc_custom_1676461663589{padding-top: 10px !important;padding-bottom: 10px !important;}&#8221;][vc_column][vc_separator color=&#8221;black&#8221; style=&#8221;double&#8221; border_width=&#8221;3&#8243;][\/vc_column][\/vc_row][vc_row][vc_column][vc_empty_space][vc_column_text]<\/p>\n<h3 style=\"text-align: center\">Etapas de la convocatoria<\/h3>\n<p>[\/vc_column_text][vc_empty_space][vc_separator][vc_empty_space height=&#8221;15px&#8221;][\/vc_column][\/vc_row][vc_row][vc_column][vc_column_text]<\/p>\n<h3>Primer listado provisional de candidaturas admitidas\/excluidas.<\/h3>\n<p>[\/vc_column_text][vc_empty_space][vc_column_text]<\/p>\n<h5>El periodo de reclamaci\u00f3n se inicia el d\u00eda 03\/03\/2023 a las 14:00 y finaliza el pr\u00f3ximo 06\/03\/2023 a las 13:59 horas.<\/h5>\n<p>[\/vc_column_text][vc_column_text]Las alegaciones \u00fanica y exclusivamente se podr\u00e1n presentar telem\u00e1ticamente al correo electr\u00f3nico <a href=\"mailto:seleccion@fg.ull.es\">seleccion@fg.ull.es<\/a> y utilizando documento normalizado: <a href=\"https:\/\/drive.google.com\/open?id=1XQRSS_QLBU1Z9C6XZnX-_4uTC4vvwihk\" target=\"_blank\" rel=\"noopener\">documento de alegaciones<\/a>.[\/vc_column_text][\/vc_column][\/vc_row][vc_row][vc_column][vc_empty_space height=&#8221;15px&#8221;][vc_separator][vc_empty_space height=&#8221;15px&#8221;][\/vc_column][\/vc_row][vc_row][vc_column width=&#8221;1\/2&#8243;][vc_column_text]<\/p>\n<h4>Primer listado provisional (1LP)<\/h4>\n<p>[\/vc_column_text][\/vc_column][vc_column width=&#8221;1\/2&#8243;][vc_btn title=&#8221;Descargar 1LP aqu\u00ed&#8221; style=&#8221;custom&#8221; custom_background=&#8221;#5c068c&#8221; custom_text=&#8221;#ffffff&#8221; shape=&#8221;square&#8221; size=&#8221;lg&#8221; align=&#8221;center&#8221; i_align=&#8221;right&#8221; i_icon_fontawesome=&#8221;far fa-arrow-alt-circle-down&#8221; button_block=&#8221;true&#8221; add_icon=&#8221;true&#8221; link=&#8221;url:https%3A%2F%2Fdrive.google.com%2Ffile%2Fd%2F1B5tLdgPungM4qyKsyfJit83PiWygSfJZ%2Fview%3Fusp%3Dshare_link|target:_blank&#8221;][\/vc_column][\/vc_row][vc_row css=&#8221;.vc_custom_1676461663589{padding-top: 10px !important;padding-bottom: 10px !important;}&#8221;][vc_column][vc_empty_space][vc_separator color=&#8221;black&#8221; style=&#8221;double&#8221; border_width=&#8221;3&#8243;][vc_empty_space][\/vc_column][\/vc_row][vc_row][vc_column][vc_column_text]<\/p>\n<h3>Primer listado definitivo de candidaturas admitidas\/excluidas.<\/h3>\n<p>[\/vc_column_text][vc_empty_space][vc_column_text]Para la valoraci\u00f3n de todas y cada una de las candidaturas se ha tomado como fundamento lo especificado en la convocatoria.[\/vc_column_text][\/vc_column][\/vc_row][vc_row][vc_column][vc_empty_space height=&#8221;15px&#8221;][vc_separator][vc_empty_space height=&#8221;15px&#8221;][\/vc_column][\/vc_row][vc_row][vc_column width=&#8221;1\/2&#8243;][vc_column_text]<\/p>\n<h4>Primer listado definitivo (1LD)<\/h4>\n<p>[\/vc_column_text][\/vc_column][vc_column width=&#8221;1\/2&#8243;][vc_btn title=&#8221;Descargar 1LD aqu\u00ed&#8221; style=&#8221;custom&#8221; custom_background=&#8221;#5c068c&#8221; custom_text=&#8221;#ffffff&#8221; shape=&#8221;square&#8221; size=&#8221;lg&#8221; align=&#8221;center&#8221; i_align=&#8221;right&#8221; i_icon_fontawesome=&#8221;far fa-arrow-alt-circle-down&#8221; button_block=&#8221;true&#8221; add_icon=&#8221;true&#8221; link=&#8221;url:https%3A%2F%2Fdrive.google.com%2Ffile%2Fd%2F1Y5KjXsTJWH9m_B4ExsqmrYG_TSVjSWxv%2Fview%3Fusp%3Dshare_link|target:_blank&#8221;][\/vc_column][\/vc_row][vc_row css=&#8221;.vc_custom_1676461663589{padding-top: 10px !important;padding-bottom: 10px !important;}&#8221;][vc_column][vc_empty_space][vc_separator color=&#8221;black&#8221; style=&#8221;double&#8221; border_width=&#8221;3&#8243;][vc_empty_space][\/vc_column][\/vc_row][vc_row][vc_column][vc_column_text]<\/p>\n<h3>Segundo listado provisional de baremaci\u00f3n de m\u00e9ritos objetivos de las candidaturas admitidas\/excluidas.<\/h3>\n<p>[\/vc_column_text][vc_empty_space][vc_column_text]<\/p>\n<h5><strong>El periodo de reclamaci\u00f3n se inicia el d\u00eda 09\/03\/2023 a las 14:00 y finaliza el pr\u00f3ximo 12\/03\/2023 a las 13:59 horas.\u00a0<\/strong><\/h5>\n<h5><span style=\"font-weight: 400\">Finalizado \u00e9ste y resueltas \u00e9stas, se proceder\u00e1 a publicar el segundo listado definitivo.<\/span><\/h5>\n<p>El periodo de reclamaciones y alegaciones en ning\u00fan caso, ser\u00e1 periodo de subsanaci\u00f3n de documentaci\u00f3n.[\/vc_column_text][\/vc_column][\/vc_row][vc_row][vc_column][vc_empty_space height=&#8221;15px&#8221;][vc_separator][vc_empty_space height=&#8221;15px&#8221;][\/vc_column][\/vc_row][vc_row][vc_column width=&#8221;1\/2&#8243;][vc_column_text]<\/p>\n<h4>Segundo listado provisional (2LP)<\/h4>\n<p>[\/vc_column_text][\/vc_column][vc_column width=&#8221;1\/2&#8243;][vc_btn title=&#8221;Descargar 2LP aqu\u00ed&#8221; style=&#8221;custom&#8221; custom_background=&#8221;rgba(92,6,140,0.85)&#8221; custom_text=&#8221;#ffffff&#8221; shape=&#8221;square&#8221; size=&#8221;lg&#8221; align=&#8221;center&#8221; i_align=&#8221;right&#8221; i_icon_fontawesome=&#8221;far fa-arrow-alt-circle-down&#8221; button_block=&#8221;true&#8221; add_icon=&#8221;true&#8221; link=&#8221;url:https%3A%2F%2Fdrive.google.com%2Ffile%2Fd%2F1_0zyEC-Xuhig2VT-4d-4kqZm4XeQwgQb%2Fview%3Fusp%3Dshare_link|target:_blank&#8221;][\/vc_column][\/vc_row][vc_row css=&#8221;.vc_custom_1676461663589{padding-top: 10px !important;padding-bottom: 10px !important;}&#8221;][vc_column][vc_empty_space][vc_separator color=&#8221;black&#8221; style=&#8221;double&#8221; border_width=&#8221;3&#8243;][vc_empty_space][\/vc_column][\/vc_row][vc_row][vc_column][vc_column_text]<\/p>\n<h3>Segundo listado definitivo de candidaturas admitidas\/excluidas.<\/h3>\n<p>[\/vc_column_text][vc_empty_space][vc_column_text]<\/p>\n<h5><span style=\"font-weight: 400\">Finalizado el periodo de alegaciones, se procede a publicar el segundo listado definitivo de baremaci\u00f3n de m\u00e9ritos objetivos.<\/span><\/h5>\n<p>[\/vc_column_text][\/vc_column][\/vc_row][vc_row][vc_column][vc_empty_space height=&#8221;15px&#8221;][vc_separator][vc_empty_space height=&#8221;15px&#8221;][\/vc_column][\/vc_row][vc_row][vc_column width=&#8221;1\/2&#8243;][vc_column_text]<\/p>\n<h4>Segundo listado definitivo (2LD)<\/h4>\n<p>[\/vc_column_text][\/vc_column][vc_column width=&#8221;1\/2&#8243;][vc_btn title=&#8221;Descargar 2LD aqu\u00ed&#8221; style=&#8221;custom&#8221; custom_background=&#8221;rgba(92,6,140,0.85)&#8221; custom_text=&#8221;#ffffff&#8221; shape=&#8221;square&#8221; size=&#8221;lg&#8221; align=&#8221;center&#8221; i_align=&#8221;right&#8221; i_icon_fontawesome=&#8221;far fa-arrow-alt-circle-down&#8221; button_block=&#8221;true&#8221; add_icon=&#8221;true&#8221; link=&#8221;url:https%3A%2F%2Fdrive.google.com%2Ffile%2Fd%2F1b0euXvp4uSuCxC8uusa-x38S7k_IyR_S%2Fview%3Fusp%3Dshare_link|target:_blank&#8221;][\/vc_column][\/vc_row][vc_row css=&#8221;.vc_custom_1676461663589{padding-top: 10px !important;padding-bottom: 10px !important;}&#8221;][vc_column][vc_empty_space][vc_separator color=&#8221;black&#8221; style=&#8221;double&#8221; border_width=&#8221;3&#8243;][vc_empty_space][\/vc_column][\/vc_row][vc_row][vc_column][vc_column_text]<\/p>\n<h3>Tercer listado provisional de baremaci\u00f3n de la prueba pr\u00e1ctica y entrevista.<\/h3>\n<p>[\/vc_column_text][vc_empty_space][vc_column_text]<\/p>\n<h5>El periodo de reclamaci\u00f3n se inicia el d\u00eda 15\/03\/2023 a las 14:00 y finaliza el pr\u00f3ximo 18\/03\/2023 a las 13:59 horas.<\/h5>\n<p>Finalizado \u00e9ste y resueltas \u00e9stas, se proceder\u00e1 a publicar el tercer listado definitivo.[\/vc_column_text][\/vc_column][\/vc_row][vc_row][vc_column][vc_empty_space height=&#8221;15px&#8221;][vc_separator][vc_empty_space height=&#8221;15px&#8221;][\/vc_column][\/vc_row][vc_row][vc_column width=&#8221;1\/2&#8243;][vc_column_text]<\/p>\n<h4>Tercer listado provisional (3LP)<\/h4>\n<p>[\/vc_column_text][\/vc_column][vc_column width=&#8221;1\/2&#8243;][vc_btn title=&#8221;Descargar 3LP aqu\u00ed&#8221; style=&#8221;custom&#8221; custom_background=&#8221;rgba(92,6,140,0.65)&#8221; custom_text=&#8221;#ffffff&#8221; shape=&#8221;square&#8221; size=&#8221;lg&#8221; align=&#8221;center&#8221; i_align=&#8221;right&#8221; i_icon_fontawesome=&#8221;far fa-arrow-alt-circle-down&#8221; button_block=&#8221;true&#8221; add_icon=&#8221;true&#8221; link=&#8221;url:https%3A%2F%2Fdrive.google.com%2Ffile%2Fd%2F1bVxbQFPrb6QmHxbrmPvjfi4z0GrlTX3S%2Fview%3Fusp%3Dshare_link|target:_blank&#8221;][\/vc_column][\/vc_row][vc_row css=&#8221;.vc_custom_1676461663589{padding-top: 10px !important;padding-bottom: 10px !important;}&#8221;][vc_column][vc_empty_space][vc_separator color=&#8221;black&#8221; style=&#8221;double&#8221; border_width=&#8221;3&#8243;][vc_empty_space][\/vc_column][\/vc_row][vc_row][vc_column][vc_column_text]<\/p>\n<h3>Tercer listado definitivo de baremaci\u00f3n de la prueba pr\u00e1ctica y entrevista.<\/h3>\n<p>[\/vc_column_text][vc_empty_space][vc_column_text]<\/p>\n<h5><span style=\"font-weight: 400\">Finalizado el periodo de alegaciones, se procede a publicar el tercer listado definitivo de baremaci\u00f3n de la prueba pr\u00e1ctica y entrevista.<\/span><\/h5>\n<p><span style=\"font-weight: 400\">Para la valoraci\u00f3n de todas y cada una de las candidaturas se ha tomado como fundamento lo especificado en las bases generales y el perfil singular.<\/span>[\/vc_column_text][\/vc_column][\/vc_row][vc_row][vc_column][vc_empty_space height=&#8221;15px&#8221;][vc_separator][vc_empty_space height=&#8221;15px&#8221;][\/vc_column][\/vc_row][vc_row][vc_column width=&#8221;1\/2&#8243;][vc_column_text]<\/p>\n<h4>Tercer listado definitivo (3LD)<\/h4>\n<p>[\/vc_column_text][\/vc_column][vc_column width=&#8221;1\/2&#8243;][vc_btn title=&#8221;Descargar 3LD aqu\u00ed&#8221; style=&#8221;custom&#8221; custom_background=&#8221;rgba(92,6,140,0.65)&#8221; custom_text=&#8221;#ffffff&#8221; shape=&#8221;square&#8221; size=&#8221;lg&#8221; align=&#8221;center&#8221; i_align=&#8221;right&#8221; i_icon_fontawesome=&#8221;far fa-arrow-alt-circle-down&#8221; button_block=&#8221;true&#8221; add_icon=&#8221;true&#8221; link=&#8221;url:https%3A%2F%2Fdrive.google.com%2Ffile%2Fd%2F1dNgWKwiFwoWwTlT0wqv64wq3Q3T1AdQf%2Fview%3Fusp%3Dshare_link|target:_blank&#8221;][\/vc_column][\/vc_row][vc_row css=&#8221;.vc_custom_1676461663589{padding-top: 10px !important;padding-bottom: 10px !important;}&#8221;][vc_column][vc_empty_space][vc_separator color=&#8221;black&#8221; style=&#8221;double&#8221; border_width=&#8221;3&#8243;][vc_empty_space][\/vc_column][\/vc_row]<\/p>\n<\/section>","protected":false},"excerpt":{"rendered":"<p>[vc_row][vc_column][vc_column_text] Se solicitan candidaturas para la constituci\u00f3n de una bolsa de personal con &#8220;Perfil t\u00e9cnico: Inform\u00e1tico\/a&#8221;, de la Fundaci\u00f3n General de la Universidad de La Laguna (2023BDE027). El periodo de inscripci\u00f3n se inicia el d\u00eda 22\/02\/2023 a las 14:30 horas\u00a0 y finaliza el pr\u00f3ximo 01\/03\/2023 a las 14:29 horas. Las personas interesadas en participar en&#8230;<\/p>\n","protected":false},"author":48,"featured_media":0,"comment_status":"closed","ping_status":"closed","sticky":false,"template":"","format":"standard","meta":{"footnotes":""},"categories":[1405,52,232],"tags":[],"featured_image_thumbnail_url":null,"_links":{"self":[{"href":"https:\/\/fg.ull.es\/noticias\/wp-json\/wp\/v2\/posts\/52655"}],"collection":[{"href":"https:\/\/fg.ull.es\/noticias\/wp-json\/wp\/v2\/posts"}],"about":[{"href":"https:\/\/fg.ull.es\/noticias\/wp-json\/wp\/v2\/types\/post"}],"author":[{"embeddable":true,"href":"https:\/\/fg.ull.es\/noticias\/wp-json\/wp\/v2\/users\/48"}],"replies":[{"embeddable":true,"href":"https:\/\/fg.ull.es\/noticias\/wp-json\/wp\/v2\/comments?post=52655"}],"version-history":[{"count":12,"href":"https:\/\/fg.ull.es\/noticias\/wp-json\/wp\/v2\/posts\/52655\/revisions"}],"predecessor-version":[{"id":53072,"href":"https:\/\/fg.ull.es\/noticias\/wp-json\/wp\/v2\/posts\/52655\/revisions\/53072"}],"wp:attachment":[{"href":"https:\/\/fg.ull.es\/noticias\/wp-json\/wp\/v2\/media?parent=52655"}],"wp:term":[{"taxonomy":"category","embeddable":true,"href":"https:\/\/fg.ull.es\/noticias\/wp-json\/wp\/v2\/categories?post=52655"},{"taxonomy":"post_tag","embeddable":true,"href":"https:\/\/fg.ull.es\/noticias\/wp-json\/wp\/v2\/tags?post=52655"}],"curies":[{"name":"wp","href":"https:\/\/api.w.org\/{rel}","templated":true}]}}