{"id":52469,"date":"2023-02-13T13:50:28","date_gmt":"2023-02-13T13:50:28","guid":{"rendered":"https:\/\/fg.ull.es\/noticias\/?p=52469"},"modified":"2023-02-16T10:28:34","modified_gmt":"2023-02-16T10:28:34","slug":"la-iniciativa-espacios-para-el-cambio-organiza-su-primer-foro-online","status":"publish","type":"post","link":"https:\/\/fg.ull.es\/noticias\/2023\/02\/13\/la-iniciativa-espacios-para-el-cambio-organiza-su-primer-foro-online\/","title":{"rendered":"La iniciativa Espacios para el cambio, del Laboratorio de Innovaci\u00f3n Social de la ULL, organiza su primer foro online"},"content":{"rendered":"<p><span style=\"font-weight: 400\">La iniciativa <\/span><b><i>Espacios para el cambio<\/i><\/b> <span style=\"font-weight: 400\">celebr\u00f3 su primer foro online el martes 8 de febrero, en el que se reunieron los centros educativos participantes\u00a0 junto a las entidades promotoras y colaboradoras. Este proyecto consiste en el establecimiento de laboratorios ciudadanos intergeneracionales en el territorio canario vinculados a la aplicaci\u00f3n de la Agenda Canaria 2030.<\/span><\/p>\n<p><span style=\"font-weight: 400\">El objetivo de esta jornada fue exponer las diferentes hojas de ruta llevadas a cabo en cada isla, adem\u00e1s de transmitir las expectativas y prop\u00f3sitos que se esperan alcanzar en las pr\u00f3ximas etapas.<\/span><\/p>\n<p><span style=\"font-weight: 400\">Los equipos directivos de cada centro trasladaron sus impresiones acerca de la integraci\u00f3n del proyecto y de sus respectivos resultados. Asimismo, se se\u00f1alaron necesidades, intereses y propuestas de mejora para el futuro, a trav\u00e9s de una herramienta digital de participaci\u00f3n colectiva con el fin de fortalecer las redes de colaboraci\u00f3n.\u00a0<\/span><\/p>\n<p><i><span style=\"font-weight: 400\">Espacios para el cambio<\/span><\/i><span style=\"font-weight: 400\"> es una iniciativa de la Direcci\u00f3n General de Investigaci\u00f3n y Coordinaci\u00f3n del Desarrollo Sostenible del Gobierno de Canarias y el Laboratorio de Innovaci\u00f3n Social de la Universidad de La Laguna (LabINS ULL). Cuenta con la colaboraci\u00f3n de la Consejer\u00eda de Educaci\u00f3n, Universidades, Cultura y Deportes del Gobierno de Canarias.<\/span><\/p>\n","protected":false},"excerpt":{"rendered":"<p>La iniciativa Espacios para el cambio celebr\u00f3 su primer foro online el martes 8 de febrero, en el que se reunieron los centros educativos participantes\u00a0 junto a las entidades promotoras y colaboradoras. Este proyecto consiste en el establecimiento de laboratorios ciudadanos intergeneracionales en el territorio canario vinculados a la aplicaci\u00f3n de la Agenda Canaria 2030&#8230;.<\/p>\n","protected":false},"author":50,"featured_media":52470,"comment_status":"closed","ping_status":"closed","sticky":false,"template":"","format":"standard","meta":{"footnotes":""},"categories":[174,10,655,7],"tags":[1410,1158],"featured_image_thumbnail_url":"https:\/\/fg.ull.es\/noticias\/wp-content\/uploads\/sites\/2\/2023\/02\/230208_Reunion-de-centros-300x129.png","_links":{"self":[{"href":"https:\/\/fg.ull.es\/noticias\/wp-json\/wp\/v2\/posts\/52469"}],"collection":[{"href":"https:\/\/fg.ull.es\/noticias\/wp-json\/wp\/v2\/posts"}],"about":[{"href":"https:\/\/fg.ull.es\/noticias\/wp-json\/wp\/v2\/types\/post"}],"author":[{"embeddable":true,"href":"https:\/\/fg.ull.es\/noticias\/wp-json\/wp\/v2\/users\/50"}],"replies":[{"embeddable":true,"href":"https:\/\/fg.ull.es\/noticias\/wp-json\/wp\/v2\/comments?post=52469"}],"version-history":[{"count":3,"href":"https:\/\/fg.ull.es\/noticias\/wp-json\/wp\/v2\/posts\/52469\/revisions"}],"predecessor-version":[{"id":52481,"href":"https:\/\/fg.ull.es\/noticias\/wp-json\/wp\/v2\/posts\/52469\/revisions\/52481"}],"wp:featuredmedia":[{"embeddable":true,"href":"https:\/\/fg.ull.es\/noticias\/wp-json\/wp\/v2\/media\/52470"}],"wp:attachment":[{"href":"https:\/\/fg.ull.es\/noticias\/wp-json\/wp\/v2\/media?parent=52469"}],"wp:term":[{"taxonomy":"category","embeddable":true,"href":"https:\/\/fg.ull.es\/noticias\/wp-json\/wp\/v2\/categories?post=52469"},{"taxonomy":"post_tag","embeddable":true,"href":"https:\/\/fg.ull.es\/noticias\/wp-json\/wp\/v2\/tags?post=52469"}],"curies":[{"name":"wp","href":"https:\/\/api.w.org\/{rel}","templated":true}]}}