{"id":52407,"date":"2023-02-06T11:23:41","date_gmt":"2023-02-06T11:23:41","guid":{"rendered":"https:\/\/fg.ull.es\/noticias\/?p=52407"},"modified":"2023-03-24T10:27:22","modified_gmt":"2023-03-24T10:27:22","slug":"un-total-de-44-centros-educativos-ponen-en-marcha-la-decima-edicion-de-ensenar-para-emprender","status":"publish","type":"post","link":"https:\/\/fg.ull.es\/noticias\/2023\/02\/06\/un-total-de-44-centros-educativos-ponen-en-marcha-la-decima-edicion-de-ensenar-para-emprender\/","title":{"rendered":"Un total de 43 centros educativos ponen en marcha la d\u00e9cima edici\u00f3n de \u201cEnse\u00f1ar Para Emprender\u201d"},"content":{"rendered":"<p><span style=\"font-weight: 400\">La Fundaci\u00f3n General de la Universidad de La Laguna re\u00fane a 43 centros educativos de Tenerife para poner en marcha la d\u00e9cima edici\u00f3n \u201cEnse\u00f1ar Para Emprender\u201d. Esta iniciativa pretende fomentar la cultura emprendedora en aulas de primaria, secundaria, bachillerato, formaci\u00f3n profesional y aulas enclave.<\/span><\/p>\n<p><span style=\"font-weight: 400\">Este proyecto educativo ofrece un programa formativo con la finalidad de animar y formar al alumnado participante en habilidades, t\u00e9cnicas y actitudes emprendedoras. A lo largo del curso escolar, el estudiantado elaborar\u00e1 productos y servicios propios realizados con materiales reciclados, organiz\u00e1ndose por cooperativas escolares.<\/span><\/p>\n<p><span style=\"font-weight: 400\">Tras este periodo formativo y creativo, el equipo t\u00e9cnico de la Fundaci\u00f3n General pondr\u00e1 en marcha la Feria de Cooperativas Escolares, donde los 43 centros educativos participantes se re\u00fanen para exponer sus creaciones y disfrutar de unas jornadas de juegos y actividades orientadas al proceso emprendedor. Los beneficios que obtenga cada cooperativa ir\u00e1n destinados a costear una actividad elegida por el propio alumnado y en forma de donaci\u00f3n a distintas entidades sin \u00e1nimo de lucro. Un acto solidario denominado \u201cL\u00edquida y Comparte\u201d que pone fin a este proyecto educativo.\u00a0<\/span><\/p>\n<p><span style=\"font-weight: 400\">\u201cEnse\u00f1ar Para Emprender\u201d est\u00e1 promovido por la Consejer\u00eda de Educaci\u00f3n del Gobierno de Canarias, con la Fundaci\u00f3n General de la Universidad de Las Palmas de Gran Canaria y la Fundaci\u00f3n General de la Universidad de La Laguna, a trav\u00e9s de su servicio gratuito de asesoramiento y consolidaci\u00f3n empresarial, Emprende.ull. Un proyecto financiado por el Servicio Canario de Empleo.\u00a0<\/span><\/p>\n","protected":false},"excerpt":{"rendered":"<p>La Fundaci\u00f3n General de la Universidad de La Laguna re\u00fane a 43 centros educativos de Tenerife para poner en marcha la d\u00e9cima edici\u00f3n \u201cEnse\u00f1ar Para Emprender\u201d. Esta iniciativa pretende fomentar la cultura emprendedora en aulas de primaria, secundaria, bachillerato, formaci\u00f3n profesional y aulas enclave. Este proyecto educativo ofrece un programa formativo con la finalidad de&#8230;<\/p>\n","protected":false},"author":50,"featured_media":52408,"comment_status":"closed","ping_status":"closed","sticky":false,"template":"","format":"standard","meta":{"footnotes":""},"categories":[278,1411,655,7],"tags":[40],"featured_image_thumbnail_url":"https:\/\/fg.ull.es\/noticias\/wp-content\/uploads\/sites\/2\/2023\/02\/Foto-1-Centro-Educativo-300x225.jpeg","_links":{"self":[{"href":"https:\/\/fg.ull.es\/noticias\/wp-json\/wp\/v2\/posts\/52407"}],"collection":[{"href":"https:\/\/fg.ull.es\/noticias\/wp-json\/wp\/v2\/posts"}],"about":[{"href":"https:\/\/fg.ull.es\/noticias\/wp-json\/wp\/v2\/types\/post"}],"author":[{"embeddable":true,"href":"https:\/\/fg.ull.es\/noticias\/wp-json\/wp\/v2\/users\/50"}],"replies":[{"embeddable":true,"href":"https:\/\/fg.ull.es\/noticias\/wp-json\/wp\/v2\/comments?post=52407"}],"version-history":[{"count":3,"href":"https:\/\/fg.ull.es\/noticias\/wp-json\/wp\/v2\/posts\/52407\/revisions"}],"predecessor-version":[{"id":52421,"href":"https:\/\/fg.ull.es\/noticias\/wp-json\/wp\/v2\/posts\/52407\/revisions\/52421"}],"wp:featuredmedia":[{"embeddable":true,"href":"https:\/\/fg.ull.es\/noticias\/wp-json\/wp\/v2\/media\/52408"}],"wp:attachment":[{"href":"https:\/\/fg.ull.es\/noticias\/wp-json\/wp\/v2\/media?parent=52407"}],"wp:term":[{"taxonomy":"category","embeddable":true,"href":"https:\/\/fg.ull.es\/noticias\/wp-json\/wp\/v2\/categories?post=52407"},{"taxonomy":"post_tag","embeddable":true,"href":"https:\/\/fg.ull.es\/noticias\/wp-json\/wp\/v2\/tags?post=52407"}],"curies":[{"name":"wp","href":"https:\/\/api.w.org\/{rel}","templated":true}]}}