{"id":52356,"date":"2023-02-01T12:50:12","date_gmt":"2023-02-01T12:50:12","guid":{"rendered":"https:\/\/fg.ull.es\/noticias\/?p=52356"},"modified":"2023-02-15T10:54:48","modified_gmt":"2023-02-15T10:54:48","slug":"segundo-listado-provisional-perfil-investigador-a-proyecto-bioter-2023bde004","status":"publish","type":"post","link":"https:\/\/fg.ull.es\/noticias\/2023\/02\/01\/segundo-listado-provisional-perfil-investigador-a-proyecto-bioter-2023bde004\/","title":{"rendered":"Segundo listado provisional perfil: Investigador\/a proyecto BIOTER (2023BDE004)"},"content":{"rendered":"<section class=\"wpb-content-wrapper\"><p>[vc_row][vc_column][vc_column_text]<\/p>\n<h4>Se procede a publicar el <strong>segundo listado provisional<\/strong>, tras la baremaci\u00f3n de<strong> m\u00e9ritos objetivos<\/strong> de las candidaturas admitidas\/excluidas.Convocatoria de empleo participar en el \u201cProyecto BIOTER Artr\u00f3podos: Evaluaci\u00f3n del estado de conservaci\u00f3n y distribuci\u00f3n de especies cr\u00edticamente amenazadas de artr\u00f3podos terrestres de Canarias\u201d, de la Fundaci\u00f3n General de la Universidad de La Laguna (2023BDE004).<\/h4>\n<h4>El periodo de reclamaci\u00f3n se inicia el d\u00eda 01\/02\/2023 a las 13:00 y finaliza el pr\u00f3ximo 04\/02\/2023 a las 12:59 horas.<\/h4>\n<p>A partir de este momento, comienza el periodo de alegaciones que, en ning\u00fan caso, ser\u00e1 periodo de subsanaci\u00f3n de documentaci\u00f3n. Finalizado \u00e9ste, a las\u00a0<strong>12:59 horas del 04\/02\/2023<\/strong>, y resueltas \u00e9stas, se proceder\u00e1 a publicar el segundo listado definitivo.<\/p>\n<p>Las alegaciones \u00fanica y exclusivamente se podr\u00e1n presentar telem\u00e1ticamente al correo electr\u00f3nico <a href=\"mailto:seleccion@fg.ull.es\">seleccion@fg.ull.es<\/a> y utilizando el siguiente documento normalizado:\u00a0<a href=\"https:\/\/drive.google.com\/open?id=1XQRSS_QLBU1Z9C6XZnX-_4uTC4vvwihk\" target=\"_blank\" rel=\"noopener\">documento de alegaciones<\/a>.[\/vc_column_text][vc_empty_space][\/vc_column][\/vc_row][vc_row][vc_column width=&#8221;1\/2&#8243;][vc_column_text]<\/p>\n<h4>Bases generales<\/h4>\n<p>[\/vc_column_text][\/vc_column][vc_column width=&#8221;1\/2&#8243;][vc_btn title=&#8221;Descargar Bases Generales&#8221; style=&#8221;custom&#8221; custom_background=&#8221;#5c068c&#8221; custom_text=&#8221;#ffffff&#8221; shape=&#8221;square&#8221; align=&#8221;center&#8221; i_align=&#8221;right&#8221; i_icon_fontawesome=&#8221;fas fa-file-alt&#8221; button_block=&#8221;true&#8221; add_icon=&#8221;true&#8221; link=&#8221;url:https%3A%2F%2Fdrive.google.com%2Ffile%2Fd%2F15jAsbkOEJ4Ai8gpFcWNEOhDvomRvmgIQ%2Fview|target:_blank&#8221;][\/vc_column][\/vc_row][vc_row][vc_column][vc_separator][\/vc_column][\/vc_row][vc_row][vc_column width=&#8221;1\/2&#8243;][vc_column_text]<\/p>\n<h4>Perfil singular<\/h4>\n<p>[\/vc_column_text][\/vc_column][vc_column width=&#8221;1\/2&#8243;][vc_btn title=&#8221;Descargar Perfil Singular&#8221; style=&#8221;custom&#8221; custom_background=&#8221;#5c068c&#8221; custom_text=&#8221;#ffffff&#8221; shape=&#8221;square&#8221; align=&#8221;center&#8221; i_align=&#8221;right&#8221; i_icon_fontawesome=&#8221;fas fa-user-friends&#8221; button_block=&#8221;true&#8221; add_icon=&#8221;true&#8221; link=&#8221;url:https%3A%2F%2Fdrive.google.com%2Ffile%2Fd%2F10M18MQAqka5o9tO7VSlUEY62gkQq0DKS%2Fview%3Fusp%3Dshare_link|target:_blank&#8221;][\/vc_column][\/vc_row][vc_row][vc_column][vc_separator][\/vc_column][\/vc_row][vc_row][vc_column width=&#8221;1\/2&#8243;][vc_column_text]<\/p>\n<h4>Descargar listado<\/h4>\n<p>[\/vc_column_text][\/vc_column][vc_column width=&#8221;1\/2&#8243;][vc_btn title=&#8221;Descargar aqu\u00ed&#8221; style=&#8221;custom&#8221; custom_background=&#8221;#5c068c&#8221; custom_text=&#8221;#ffffff&#8221; shape=&#8221;square&#8221; size=&#8221;lg&#8221; align=&#8221;center&#8221; i_align=&#8221;right&#8221; i_icon_fontawesome=&#8221;far fa-arrow-alt-circle-down&#8221; button_block=&#8221;true&#8221; add_icon=&#8221;true&#8221; link=&#8221;url:https%3A%2F%2Fdrive.google.com%2Ffile%2Fd%2F1A6F76aP6tKU0PernAE5Rq6mqb1pxtf2Y%2Fview%3Fusp%3Dshare_link|target:_blank&#8221;][\/vc_column][\/vc_row][vc_row][vc_column][vc_separator][\/vc_column][\/vc_row][vc_row][vc_column width=&#8221;1\/2&#8243;][vc_column_text]<\/p>\n<h4>Documento de alegaciones<\/h4>\n<p>[\/vc_column_text][\/vc_column][vc_column width=&#8221;1\/2&#8243;][vc_btn title=&#8221;Descargar aqu\u00ed&#8221; style=&#8221;custom&#8221; custom_background=&#8221;#000f82&#8243; custom_text=&#8221;#ffffff&#8221; shape=&#8221;square&#8221; size=&#8221;lg&#8221; align=&#8221;center&#8221; i_align=&#8221;right&#8221; i_icon_fontawesome=&#8221;fas fa-arrow-circle-down&#8221; button_block=&#8221;true&#8221; add_icon=&#8221;true&#8221; link=&#8221;url:https%3A%2F%2Fdrive.google.com%2Fopen%3Fid%3D1XQRSS_QLBU1Z9C6XZnX-_4uTC4vvwihk|target:_blank&#8221;][\/vc_column][\/vc_row][vc_row][vc_column][vc_separator][\/vc_column][\/vc_row]<\/p>\n<\/section>","protected":false},"excerpt":{"rendered":"<p>[vc_row][vc_column][vc_column_text] Se procede a publicar el segundo listado provisional, tras la baremaci\u00f3n de m\u00e9ritos objetivos de las candidaturas admitidas\/excluidas.Convocatoria de empleo participar en el \u201cProyecto BIOTER Artr\u00f3podos: Evaluaci\u00f3n del estado de conservaci\u00f3n y distribuci\u00f3n de especies cr\u00edticamente amenazadas de artr\u00f3podos terrestres de Canarias\u201d, de la Fundaci\u00f3n General de la Universidad de La Laguna (2023BDE004). El&#8230;<\/p>\n","protected":false},"author":48,"featured_media":0,"comment_status":"closed","ping_status":"closed","sticky":false,"template":"","format":"standard","meta":{"footnotes":""},"categories":[52,232],"tags":[],"featured_image_thumbnail_url":null,"_links":{"self":[{"href":"https:\/\/fg.ull.es\/noticias\/wp-json\/wp\/v2\/posts\/52356"}],"collection":[{"href":"https:\/\/fg.ull.es\/noticias\/wp-json\/wp\/v2\/posts"}],"about":[{"href":"https:\/\/fg.ull.es\/noticias\/wp-json\/wp\/v2\/types\/post"}],"author":[{"embeddable":true,"href":"https:\/\/fg.ull.es\/noticias\/wp-json\/wp\/v2\/users\/48"}],"replies":[{"embeddable":true,"href":"https:\/\/fg.ull.es\/noticias\/wp-json\/wp\/v2\/comments?post=52356"}],"version-history":[{"count":1,"href":"https:\/\/fg.ull.es\/noticias\/wp-json\/wp\/v2\/posts\/52356\/revisions"}],"predecessor-version":[{"id":52357,"href":"https:\/\/fg.ull.es\/noticias\/wp-json\/wp\/v2\/posts\/52356\/revisions\/52357"}],"wp:attachment":[{"href":"https:\/\/fg.ull.es\/noticias\/wp-json\/wp\/v2\/media?parent=52356"}],"wp:term":[{"taxonomy":"category","embeddable":true,"href":"https:\/\/fg.ull.es\/noticias\/wp-json\/wp\/v2\/categories?post=52356"},{"taxonomy":"post_tag","embeddable":true,"href":"https:\/\/fg.ull.es\/noticias\/wp-json\/wp\/v2\/tags?post=52356"}],"curies":[{"name":"wp","href":"https:\/\/api.w.org\/{rel}","templated":true}]}}