{"id":52283,"date":"2023-01-24T12:11:19","date_gmt":"2023-01-24T12:11:19","guid":{"rendered":"https:\/\/fg.ull.es\/noticias\/?p=52283"},"modified":"2023-01-24T12:11:19","modified_gmt":"2023-01-24T12:11:19","slug":"primer-listado-definitivo-perfil-tecnico-historia-2023bde001","status":"publish","type":"post","link":"https:\/\/fg.ull.es\/noticias\/2023\/01\/24\/primer-listado-definitivo-perfil-tecnico-historia-2023bde001\/","title":{"rendered":"Primer listado definitivo Perfil t\u00e9cnico: Historia (2023BDE001)"},"content":{"rendered":"<section class=\"wpb-content-wrapper\"><p>[vc_row][vc_column][vc_column_text]<\/p>\n<h4>Finalizado el periodo de alegaciones, se procede a publicar el primer listado definitivo de candidaturas admitidas\/excluidas. Convocatoria de empleo de personal investigador para participar en proyecto sobre \u201cAfecci\u00f3n de la infraestructura viaria de La Rambla-Icod al patrimonio cultural, hist\u00f3rico y paisaj\u00edstico del camino de la ladera y de Santa Catalina, de la Fundaci\u00f3n General de la Universidad de La Laguna (2023BDE001).<\/h4>\n<p>Para la valoraci\u00f3n de todas y cada una de las candidaturas se ha tomado como fundamento lo especificado en:[\/vc_column_text][vc_empty_space][\/vc_column][\/vc_row][vc_row][vc_column width=&#8221;1\/2&#8243;][vc_column_text]<\/p>\n<h4>Bases generales<\/h4>\n<p>[\/vc_column_text][\/vc_column][vc_column width=&#8221;1\/2&#8243;][vc_btn title=&#8221;Descargar Bases Generales&#8221; style=&#8221;custom&#8221; custom_background=&#8221;#5c068c&#8221; custom_text=&#8221;#ffffff&#8221; shape=&#8221;square&#8221; align=&#8221;center&#8221; i_align=&#8221;right&#8221; i_icon_fontawesome=&#8221;fas fa-file-alt&#8221; button_block=&#8221;true&#8221; add_icon=&#8221;true&#8221; link=&#8221;url:https%3A%2F%2Fdrive.google.com%2Ffile%2Fd%2F15jAsbkOEJ4Ai8gpFcWNEOhDvomRvmgIQ%2Fview|target:_blank&#8221;][\/vc_column][\/vc_row][vc_row][vc_column][vc_separator][\/vc_column][\/vc_row][vc_row][vc_column width=&#8221;1\/2&#8243;][vc_column_text]<\/p>\n<h4>Perfil singular<\/h4>\n<p>[\/vc_column_text][\/vc_column][vc_column width=&#8221;1\/2&#8243;][vc_btn title=&#8221;Descargar Perfil Singular&#8221; style=&#8221;custom&#8221; custom_background=&#8221;#5c068c&#8221; custom_text=&#8221;#ffffff&#8221; shape=&#8221;square&#8221; align=&#8221;center&#8221; i_align=&#8221;right&#8221; i_icon_fontawesome=&#8221;fas fa-user-friends&#8221; button_block=&#8221;true&#8221; add_icon=&#8221;true&#8221; link=&#8221;url:https%3A%2F%2Fdrive.google.com%2Ffile%2Fd%2F1_FKO4M0YvWWPJ4xYSKT5PLyhhIvUzOHh%2Fview%3Fusp%3Dshare_link|target:_blank&#8221;][\/vc_column][\/vc_row][vc_row][vc_column][vc_separator][\/vc_column][\/vc_row][vc_row][vc_column width=&#8221;1\/2&#8243;][vc_column_text]<\/p>\n<h4>Descargar listado<\/h4>\n<p>[\/vc_column_text][\/vc_column][vc_column width=&#8221;1\/2&#8243;][vc_btn title=&#8221;Descargar aqu\u00ed&#8221; style=&#8221;custom&#8221; custom_background=&#8221;#5c068c&#8221; custom_text=&#8221;#ffffff&#8221; shape=&#8221;square&#8221; size=&#8221;lg&#8221; align=&#8221;center&#8221; i_align=&#8221;right&#8221; i_icon_fontawesome=&#8221;far fa-arrow-alt-circle-down&#8221; button_block=&#8221;true&#8221; add_icon=&#8221;true&#8221; link=&#8221;url:https%3A%2F%2Fdrive.google.com%2Ffile%2Fd%2F11kHW330-_lby1XprucLrMFzNWeUBWUf_%2Fview%3Fusp%3Dshare_link|target:_blank&#8221;][\/vc_column][\/vc_row]<\/p>\n<\/section>","protected":false},"excerpt":{"rendered":"<p>[vc_row][vc_column][vc_column_text] Finalizado el periodo de alegaciones, se procede a publicar el primer listado definitivo de candidaturas admitidas\/excluidas. Convocatoria de empleo de personal investigador para participar en proyecto sobre \u201cAfecci\u00f3n de la infraestructura viaria de La Rambla-Icod al patrimonio cultural, hist\u00f3rico y paisaj\u00edstico del camino de la ladera y de Santa Catalina, de la Fundaci\u00f3n General&#8230;<\/p>\n","protected":false},"author":48,"featured_media":0,"comment_status":"closed","ping_status":"closed","sticky":false,"template":"","format":"standard","meta":{"footnotes":""},"categories":[1405,52,232],"tags":[],"featured_image_thumbnail_url":null,"_links":{"self":[{"href":"https:\/\/fg.ull.es\/noticias\/wp-json\/wp\/v2\/posts\/52283"}],"collection":[{"href":"https:\/\/fg.ull.es\/noticias\/wp-json\/wp\/v2\/posts"}],"about":[{"href":"https:\/\/fg.ull.es\/noticias\/wp-json\/wp\/v2\/types\/post"}],"author":[{"embeddable":true,"href":"https:\/\/fg.ull.es\/noticias\/wp-json\/wp\/v2\/users\/48"}],"replies":[{"embeddable":true,"href":"https:\/\/fg.ull.es\/noticias\/wp-json\/wp\/v2\/comments?post=52283"}],"version-history":[{"count":1,"href":"https:\/\/fg.ull.es\/noticias\/wp-json\/wp\/v2\/posts\/52283\/revisions"}],"predecessor-version":[{"id":52284,"href":"https:\/\/fg.ull.es\/noticias\/wp-json\/wp\/v2\/posts\/52283\/revisions\/52284"}],"wp:attachment":[{"href":"https:\/\/fg.ull.es\/noticias\/wp-json\/wp\/v2\/media?parent=52283"}],"wp:term":[{"taxonomy":"category","embeddable":true,"href":"https:\/\/fg.ull.es\/noticias\/wp-json\/wp\/v2\/categories?post=52283"},{"taxonomy":"post_tag","embeddable":true,"href":"https:\/\/fg.ull.es\/noticias\/wp-json\/wp\/v2\/tags?post=52283"}],"curies":[{"name":"wp","href":"https:\/\/api.w.org\/{rel}","templated":true}]}}