{"id":52246,"date":"2023-01-19T12:42:51","date_gmt":"2023-01-19T12:42:51","guid":{"rendered":"https:\/\/fg.ull.es\/noticias\/?p=52246"},"modified":"2023-01-20T07:46:09","modified_gmt":"2023-01-20T07:46:09","slug":"primer-listado-provisional-bolsa-de-personas-becarias-con-perfil-historia-2023bdb002","status":"publish","type":"post","link":"https:\/\/fg.ull.es\/noticias\/2023\/01\/19\/primer-listado-provisional-bolsa-de-personas-becarias-con-perfil-historia-2023bdb002\/","title":{"rendered":"Primer listado provisional bolsa de personas becarias con Perfil: Historia (2023BDB002)"},"content":{"rendered":"<section class=\"wpb-content-wrapper\"><p>[vc_row][vc_column][vc_column_text]<\/p>\n<h4>Se procede a publicar el primer listado provisional de candidaturas admitidas\/excluidas. Bolsa de personas becarias para participar en proyecto sobre \u201cAfecci\u00f3n de la infraestructura viaria de La Rambla-Icod al patrimonio cultural, hist\u00f3rico y paisaj\u00edstico del camino de la ladera y de Santa Catalina\u201d, de la Fundaci\u00f3n General de la Universidad de La Laguna (2023BDB002).<\/h4>\n<h4>El periodo de reclamaci\u00f3n se inicia el d\u00eda 19\/01\/2023 a las 12:30 y finaliza el pr\u00f3ximo 22\/01\/2023 a las 12:29 horas.<\/h4>\n<p>A partir de este momento, comienza el periodo de alegaciones que, en ning\u00fan caso, ser\u00e1 periodo de subsanaci\u00f3n de documentaci\u00f3n. Finalizado \u00e9ste, a las\u00a0<strong>12:29 horas del <\/strong>22\/01\/2023,\u00a0\u00a0y resueltas \u00e9stas, se proceder\u00e1 a publicar el primer listado definitivo.<\/p>\n<p>Las alegaciones \u00fanica y exclusivamente se podr\u00e1n presentar telem\u00e1ticamente al correo electr\u00f3nico <a href=\"mailto:seleccion@fg.ull.es\">seleccion@fg.ull.es<\/a> y utilizando el siguiente documento normalizado:\u00a0<a href=\"https:\/\/drive.google.com\/open?id=1XQRSS_QLBU1Z9C6XZnX-_4uTC4vvwihk\" target=\"_blank\" rel=\"noopener\">documento de alegaciones<\/a>.[\/vc_column_text][vc_empty_space][\/vc_column][\/vc_row][vc_row][vc_column width=&#8221;1\/2&#8243;][vc_column_text]<\/p>\n<h4>Bases generales<\/h4>\n<p>[\/vc_column_text][\/vc_column][vc_column width=&#8221;1\/2&#8243;][vc_btn title=&#8221;Descargar Bases Generales beca formativa AUI&#8221; style=&#8221;custom&#8221; custom_background=&#8221;#5c068c&#8221; custom_text=&#8221;#ffffff&#8221; shape=&#8221;square&#8221; align=&#8221;center&#8221; i_align=&#8221;right&#8221; i_icon_fontawesome=&#8221;fas fa-file-alt&#8221; button_block=&#8221;true&#8221; add_icon=&#8221;true&#8221; link=&#8221;url:https%3A%2F%2Fdrive.google.com%2Ffile%2Fd%2F1SQB3QzBq_dL606-aweqkvtgCZn0be-3J%2Fview|target:_blank&#8221;][\/vc_column][\/vc_row][vc_row][vc_column][vc_separator][\/vc_column][\/vc_row][vc_row][vc_column width=&#8221;1\/2&#8243;][vc_column_text]<\/p>\n<h4>Perfil singular<\/h4>\n<p>[\/vc_column_text][\/vc_column][vc_column width=&#8221;1\/2&#8243;][vc_btn title=&#8221;Descargar Perfil Singular&#8221; style=&#8221;custom&#8221; custom_background=&#8221;#5c068c&#8221; custom_text=&#8221;#ffffff&#8221; shape=&#8221;square&#8221; align=&#8221;center&#8221; i_align=&#8221;right&#8221; i_icon_fontawesome=&#8221;fas fa-user-friends&#8221; button_block=&#8221;true&#8221; add_icon=&#8221;true&#8221; link=&#8221;url:https%3A%2F%2Fdrive.google.com%2Ffile%2Fd%2F1xZ1-51Kjx6HFIkhz5lgxCgd3XYev5px7%2Fview%3Fusp%3Dshare_link|target:_blank&#8221;][\/vc_column][\/vc_row][vc_row][vc_column][vc_separator][\/vc_column][\/vc_row][vc_row][vc_column width=&#8221;1\/2&#8243;][vc_column_text]<\/p>\n<h4>Descargar listado<\/h4>\n<p>[\/vc_column_text][\/vc_column][vc_column width=&#8221;1\/2&#8243;][vc_btn title=&#8221;Descargar aqu\u00ed&#8221; style=&#8221;custom&#8221; custom_background=&#8221;#5c068c&#8221; custom_text=&#8221;#ffffff&#8221; shape=&#8221;square&#8221; size=&#8221;lg&#8221; align=&#8221;center&#8221; i_align=&#8221;right&#8221; i_icon_fontawesome=&#8221;far fa-arrow-alt-circle-down&#8221; button_block=&#8221;true&#8221; add_icon=&#8221;true&#8221; link=&#8221;url:https%3A%2F%2Fdrive.google.com%2Ffile%2Fd%2F118pa712pWU-WKNplnYw-dSIrIXtEoGv-%2Fview%3Fusp%3Dshare_link|target:_blank&#8221;][\/vc_column][\/vc_row][vc_row][vc_column][vc_separator][\/vc_column][\/vc_row][vc_row][vc_column width=&#8221;1\/2&#8243;][vc_column_text]<\/p>\n<h4>Documento de alegaciones<\/h4>\n<p>[\/vc_column_text][\/vc_column][vc_column width=&#8221;1\/2&#8243;][vc_btn title=&#8221;Descargar aqu\u00ed&#8221; style=&#8221;custom&#8221; custom_background=&#8221;#000f82&#8243; custom_text=&#8221;#ffffff&#8221; shape=&#8221;square&#8221; size=&#8221;lg&#8221; align=&#8221;center&#8221; i_align=&#8221;right&#8221; i_icon_fontawesome=&#8221;fas fa-arrow-circle-down&#8221; button_block=&#8221;true&#8221; add_icon=&#8221;true&#8221; link=&#8221;url:https%3A%2F%2Fdrive.google.com%2Fopen%3Fid%3D1XQRSS_QLBU1Z9C6XZnX-_4uTC4vvwihk|target:_blank&#8221;][\/vc_column][\/vc_row][vc_row][vc_column][vc_separator][\/vc_column][\/vc_row]<\/p>\n<\/section>","protected":false},"excerpt":{"rendered":"<p>[vc_row][vc_column][vc_column_text] Se procede a publicar el primer listado provisional de candidaturas admitidas\/excluidas. Bolsa de personas becarias para participar en proyecto sobre \u201cAfecci\u00f3n de la infraestructura viaria de La Rambla-Icod al patrimonio cultural, hist\u00f3rico y paisaj\u00edstico del camino de la ladera y de Santa Catalina\u201d, de la Fundaci\u00f3n General de la Universidad de La Laguna (2023BDB002)&#8230;.<\/p>\n","protected":false},"author":48,"featured_media":0,"comment_status":"closed","ping_status":"closed","sticky":false,"template":"","format":"standard","meta":{"footnotes":""},"categories":[1397,1406,52,232],"tags":[],"featured_image_thumbnail_url":null,"_links":{"self":[{"href":"https:\/\/fg.ull.es\/noticias\/wp-json\/wp\/v2\/posts\/52246"}],"collection":[{"href":"https:\/\/fg.ull.es\/noticias\/wp-json\/wp\/v2\/posts"}],"about":[{"href":"https:\/\/fg.ull.es\/noticias\/wp-json\/wp\/v2\/types\/post"}],"author":[{"embeddable":true,"href":"https:\/\/fg.ull.es\/noticias\/wp-json\/wp\/v2\/users\/48"}],"replies":[{"embeddable":true,"href":"https:\/\/fg.ull.es\/noticias\/wp-json\/wp\/v2\/comments?post=52246"}],"version-history":[{"count":2,"href":"https:\/\/fg.ull.es\/noticias\/wp-json\/wp\/v2\/posts\/52246\/revisions"}],"predecessor-version":[{"id":52252,"href":"https:\/\/fg.ull.es\/noticias\/wp-json\/wp\/v2\/posts\/52246\/revisions\/52252"}],"wp:attachment":[{"href":"https:\/\/fg.ull.es\/noticias\/wp-json\/wp\/v2\/media?parent=52246"}],"wp:term":[{"taxonomy":"category","embeddable":true,"href":"https:\/\/fg.ull.es\/noticias\/wp-json\/wp\/v2\/categories?post=52246"},{"taxonomy":"post_tag","embeddable":true,"href":"https:\/\/fg.ull.es\/noticias\/wp-json\/wp\/v2\/tags?post=52246"}],"curies":[{"name":"wp","href":"https:\/\/api.w.org\/{rel}","templated":true}]}}