{"id":52022,"date":"2022-12-15T11:36:54","date_gmt":"2022-12-15T11:36:54","guid":{"rendered":"https:\/\/fg.ull.es\/noticias\/?p=52022"},"modified":"2023-03-24T10:27:23","modified_gmt":"2023-03-24T10:27:23","slug":"comienza-una-nueva-edicion-del-proyecto-educativo-ensenar-para-emprender","status":"publish","type":"post","link":"https:\/\/fg.ull.es\/noticias\/2022\/12\/15\/comienza-una-nueva-edicion-del-proyecto-educativo-ensenar-para-emprender\/","title":{"rendered":"Comienza una nueva edici\u00f3n del proyecto educativo \u201cEnse\u00f1ar para Emprender\u201d"},"content":{"rendered":"<section class=\"wpb-content-wrapper\"><p>[vc_row][vc_column][vc_column_text]<\/p>\n<h2>Los centros educativos interesados en participar pueden inscribirse hasta el 9 de enero<\/h2>\n<p>Llega la d\u00e9cima edici\u00f3n de \u201cEnse\u00f1ar para Emprender\u201d (EPE), un proyecto educativo que pretende fomentar la cultura emprendedora en aulas de infantil, primaria, secundaria y bachillerato, incluyendo aulas enclave y formaci\u00f3n b\u00e1sica. Para ello, se trabajar\u00e1 en promover conductas, actitudes y valores de colaboraci\u00f3n y emprendimiento, superaci\u00f3n de conflictos, cooperativismo, soluci\u00f3n de problemas y responsabilidades. Los centros educativos interesados en participar pueden <a href=\"https:\/\/docs.google.com\/forms\/d\/e\/1FAIpQLSfuJ1TikxXvMAjbngFcSydV14JgizgUt-TgVRhDenYLgJCJ2w\/viewform?vc=0&amp;c=0&amp;w=1&amp;flr=0\" target=\"_blank\" rel=\"noopener\">inscribirse<\/a> hasta el 9 de enero.<\/p>\n<p>A lo largo del curso escolar, el alumnado participante elaborar\u00e1 productos y servicios propios realizados con materiales reciclados, organiz\u00e1ndose por cooperativas escolares y, una vez, finalizado este periodo formativo y creativo, el equipo t\u00e9cnico de la Fundaci\u00f3n General de la Universidad de La Laguna pondr\u00e1 en marcha la Feria de Cooperativas Escolares. Este evento reunir\u00e1 a todos los centros educativos participantes para exponer sus creaciones y disfrutar de unas jornadas de juegos y actividades orientadas al proceso emprendedor. Los beneficios que obtenga cada cooperativa ir\u00e1n destinados a costear una actividad elegida por el propio alumnado y en forma de donaci\u00f3n a distintas entidades sin \u00e1nimo de lucro.<\/p>\n<p>Para finalizar, tendr\u00e1 lugar la celebraci\u00f3n de \u201cL\u00edquida y Comparte\u201d, un acto solidario donde el alumnado podr\u00e1 transmitir sus experiencias y vivencias, as\u00ed como hacer entrega de lo recaudado a las personas responsables de las entidades sociales elegidas por la cooperativa. Desde la fundaci\u00f3n universitaria se realizar\u00e1 un seguimiento y acompa\u00f1amiento durante todas las fases del proceso, desde la creaci\u00f3n, a la gesti\u00f3n, administraci\u00f3n y cierre de la cooperativa.<\/p>\n<p>Este proyecto est\u00e1 promovido por la Fundaci\u00f3n General de la Universidad de La Laguna y la Fundaci\u00f3n General de la Universidad de Las Palmas de Gran Canaria, y financiado por el Servicio Canario de Empleo, con la colaboraci\u00f3n de la Consejer\u00eda de Educaci\u00f3n del Gobierno de Canarias, a trav\u00e9s de su servicio gratuito de asesoramiento y consolidaci\u00f3n empresarial, Emprende.ull, perteneciente a la Agencia Universitaria de Empleo.[\/vc_column_text][\/vc_column][\/vc_row]<\/p>\n<\/section>","protected":false},"excerpt":{"rendered":"<p>[vc_row][vc_column][vc_column_text] Los centros educativos interesados en participar pueden inscribirse hasta el 9 de enero Llega la d\u00e9cima edici\u00f3n de \u201cEnse\u00f1ar para Emprender\u201d (EPE), un proyecto educativo que pretende fomentar la cultura emprendedora en aulas de infantil, primaria, secundaria y bachillerato, incluyendo aulas enclave y formaci\u00f3n b\u00e1sica. Para ello, se trabajar\u00e1 en promover conductas, actitudes y&#8230;<\/p>\n","protected":false},"author":50,"featured_media":52024,"comment_status":"closed","ping_status":"closed","sticky":false,"template":"","format":"standard","meta":{"footnotes":""},"categories":[278,1411,655,7],"tags":[40],"featured_image_thumbnail_url":"https:\/\/fg.ull.es\/noticias\/wp-content\/uploads\/sites\/2\/2022\/12\/X-EPE-2022-2023-300x169.png","_links":{"self":[{"href":"https:\/\/fg.ull.es\/noticias\/wp-json\/wp\/v2\/posts\/52022"}],"collection":[{"href":"https:\/\/fg.ull.es\/noticias\/wp-json\/wp\/v2\/posts"}],"about":[{"href":"https:\/\/fg.ull.es\/noticias\/wp-json\/wp\/v2\/types\/post"}],"author":[{"embeddable":true,"href":"https:\/\/fg.ull.es\/noticias\/wp-json\/wp\/v2\/users\/50"}],"replies":[{"embeddable":true,"href":"https:\/\/fg.ull.es\/noticias\/wp-json\/wp\/v2\/comments?post=52022"}],"version-history":[{"count":3,"href":"https:\/\/fg.ull.es\/noticias\/wp-json\/wp\/v2\/posts\/52022\/revisions"}],"predecessor-version":[{"id":52026,"href":"https:\/\/fg.ull.es\/noticias\/wp-json\/wp\/v2\/posts\/52022\/revisions\/52026"}],"wp:featuredmedia":[{"embeddable":true,"href":"https:\/\/fg.ull.es\/noticias\/wp-json\/wp\/v2\/media\/52024"}],"wp:attachment":[{"href":"https:\/\/fg.ull.es\/noticias\/wp-json\/wp\/v2\/media?parent=52022"}],"wp:term":[{"taxonomy":"category","embeddable":true,"href":"https:\/\/fg.ull.es\/noticias\/wp-json\/wp\/v2\/categories?post=52022"},{"taxonomy":"post_tag","embeddable":true,"href":"https:\/\/fg.ull.es\/noticias\/wp-json\/wp\/v2\/tags?post=52022"}],"curies":[{"name":"wp","href":"https:\/\/api.w.org\/{rel}","templated":true}]}}