{"id":51195,"date":"2022-08-05T12:00:51","date_gmt":"2022-08-05T11:00:51","guid":{"rendered":"https:\/\/fg.ull.es\/noticias\/?p=51195"},"modified":"2022-08-05T12:00:51","modified_gmt":"2022-08-05T11:00:51","slug":"convocatoria-de-empleo-para-la-fundacion-canaria-general-de-la-universidad-de-la-laguna-puesto","status":"publish","type":"post","link":"https:\/\/fg.ull.es\/noticias\/2022\/08\/05\/convocatoria-de-empleo-para-la-fundacion-canaria-general-de-la-universidad-de-la-laguna-puesto\/","title":{"rendered":"Convocatoria de empleo para la Fundaci\u00f3n Canaria General de La Universidad de La Laguna. &#8220;Puesto: T\u00e9cnico\/a de empleo&#8221;"},"content":{"rendered":"<section class=\"wpb-content-wrapper\"><p>[vc_row][vc_column][vc_column_text]<\/p>\n<h4>La Fundaci\u00f3n Canaria General de La Universidad de La Laguna, solicita candidaturas para el Perfil: T\u00e9cnico\/a de empleo.<\/h4>\n<h4>Las personas interesadas en participar en el proceso de selecci\u00f3n deben presentar su candidatura \u00a0a trav\u00e9s de la Web o APP del SCE (recomendable).<\/h4>\n<p><a href=\"http:\/\/www3.gobiernodecanarias.org\/empleo\/portal\/web\/sce\/servicios\/ofertas\/ofertas_empleo\/05.2022.007255\">Orientaci\u00f3n Granadilla de Abona<\/a><\/p>\n<p><a href=\"http:\/\/www3.gobiernodecanarias.org\/empleo\/portal\/web\/sce\/servicios\/ofertas\/ofertas_empleo\/05.2022.007252\">Orientaci\u00f3n Puerto de La Cruz<\/a><\/p>\n<p>Para la inscripci\u00f3n es totalmente necesario el cumplimiento de los requisitos expuestos en el perfil singular de la convocatoria que se presentan a continuaci\u00f3n:[\/vc_column_text][vc_empty_space][\/vc_column][\/vc_row][vc_row][vc_column][vc_separator][\/vc_column][\/vc_row][vc_row][vc_column width=&#8221;1\/2&#8243;][vc_column_text]<\/p>\n<h4>Perfil singular<\/h4>\n<p>[\/vc_column_text][\/vc_column][vc_column width=&#8221;1\/2&#8243;][vc_btn title=&#8221;Descargar Perfil Singular&#8221; style=&#8221;custom&#8221; custom_background=&#8221;#c2185b&#8221; custom_text=&#8221;#ffffff&#8221; shape=&#8221;square&#8221; align=&#8221;center&#8221; i_align=&#8221;right&#8221; i_icon_fontawesome=&#8221;&#8221; button_block=&#8221;true&#8221; add_icon=&#8221;true&#8221; link=&#8221;url:https%3A%2F%2Fdrive.google.com%2Ffile%2Fd%2F1YAxgIw1j3cxisLgWiKTDra80AwgS7a2y%2Fview%3Fusp%3Dsharing&#8221;][\/vc_column][\/vc_row][vc_row][vc_column][vc_separator][\/vc_column][\/vc_row]<\/p>\n<\/section>","protected":false},"excerpt":{"rendered":"<p>[vc_row][vc_column][vc_column_text] La Fundaci\u00f3n Canaria General de La Universidad de La Laguna, solicita candidaturas para el Perfil: T\u00e9cnico\/a de empleo. Las personas interesadas en participar en el proceso de selecci\u00f3n deben presentar su candidatura \u00a0a trav\u00e9s de la Web o APP del SCE (recomendable). Orientaci\u00f3n Granadilla de Abona Orientaci\u00f3n Puerto de La Cruz Para la inscripci\u00f3n&#8230;<\/p>\n","protected":false},"author":48,"featured_media":0,"comment_status":"closed","ping_status":"closed","sticky":false,"template":"","format":"standard","meta":{"footnotes":""},"categories":[52,232],"tags":[],"featured_image_thumbnail_url":null,"_links":{"self":[{"href":"https:\/\/fg.ull.es\/noticias\/wp-json\/wp\/v2\/posts\/51195"}],"collection":[{"href":"https:\/\/fg.ull.es\/noticias\/wp-json\/wp\/v2\/posts"}],"about":[{"href":"https:\/\/fg.ull.es\/noticias\/wp-json\/wp\/v2\/types\/post"}],"author":[{"embeddable":true,"href":"https:\/\/fg.ull.es\/noticias\/wp-json\/wp\/v2\/users\/48"}],"replies":[{"embeddable":true,"href":"https:\/\/fg.ull.es\/noticias\/wp-json\/wp\/v2\/comments?post=51195"}],"version-history":[{"count":0,"href":"https:\/\/fg.ull.es\/noticias\/wp-json\/wp\/v2\/posts\/51195\/revisions"}],"wp:attachment":[{"href":"https:\/\/fg.ull.es\/noticias\/wp-json\/wp\/v2\/media?parent=51195"}],"wp:term":[{"taxonomy":"category","embeddable":true,"href":"https:\/\/fg.ull.es\/noticias\/wp-json\/wp\/v2\/categories?post=51195"},{"taxonomy":"post_tag","embeddable":true,"href":"https:\/\/fg.ull.es\/noticias\/wp-json\/wp\/v2\/tags?post=51195"}],"curies":[{"name":"wp","href":"https:\/\/api.w.org\/{rel}","templated":true}]}}