{"id":50433,"date":"2022-04-05T07:54:48","date_gmt":"2022-04-05T06:54:48","guid":{"rendered":"https:\/\/fg.ull.es\/noticias\/?p=50433"},"modified":"2022-04-05T07:54:48","modified_gmt":"2022-04-05T06:54:48","slug":"el-papel-de-las-mujeres-en-las-instituciones-la-politica-y-la-universidad","status":"publish","type":"post","link":"https:\/\/fg.ull.es\/noticias\/2022\/04\/05\/el-papel-de-las-mujeres-en-las-instituciones-la-politica-y-la-universidad\/","title":{"rendered":"El papel de las mujeres en las instituciones: La Pol\u00edtica y La Universidad"},"content":{"rendered":"<section class=\"wpb-content-wrapper\"><p>[vc_row][vc_column][vc_column_text]Este lunes se ha publicado desde Igual Lab, Laboratorio de Investigaci\u00f3n para la Transici\u00f3n Igualitaria de Canarias, la entrevista con Sylvia Ja\u00e9n, viceconsejera de Igualdad y Diversidad, y Rosa Aguilar, rectora de la Universidad de La Laguna. Ambas mantienen un conversatorio en el que abordan sus trayectorias profesionales y, c\u00f3mo este camino andado, supone el desarrollo de mecanismos de interacci\u00f3n que se generan entre el ejercicio de la pol\u00edtica y la instituci\u00f3n acad\u00e9mica. Estos puentes se articulan a trav\u00e9s del acuerdo de un convenio como el firmado por ambas instituciones con un objetivo com\u00fan, trabajar por un futuro igualitario y diverso para Canarias.<\/p>\n<p>Puedes encontrarla en sus redes sociales (<a href=\"https:\/\/www.facebook.com\/profile.php?id=100069790128412\">Facebook<\/a>, <a href=\"https:\/\/twitter.com\/IgualLab\">Twitter <\/a>e <a href=\"https:\/\/www.instagram.com\/iguallab\/\">Instagram<\/a>), en su<a href=\"https:\/\/iguallab.es\/multimedia\/\"> p\u00e1gina web<\/a> y en el <a href=\"https:\/\/www.youtube.com\/watch?v=btIHNQ9BsCY&amp;t=2s&amp;ab_channel=Fundaci%C3%B3nGeneraldelaUniversidaddeLaLaguna\">canal de Youtube de la Fundaci\u00f3n<\/a>.<\/p>\n<p>Durante el resto de la semana iremos informando a trav\u00e9s de la publicaci\u00f3n de varias entrevistas realizadas a las investigadoras de cada una de las l\u00edneas de trabajo de Igual Lab: Resiliencia aplicada al desarrollo de la igualdad en Canarias; Patrimonio Cultural Inmaterial como Configuraci\u00f3n de la Identidad atravesando tradiciones en pro de la igualdad, equidad y diversidad y, Nuevo Paradigma: Datos y Metodolog\u00eda para la transformaci\u00f3n de las realidades en Canarias.<\/p>\n<p>En ellas se profundizar\u00e1 sobre lo que se est\u00e1 cociendo en Igual Lab y lo que est\u00e1 por venir. Este espacio de investigaci\u00f3n de Igual Lab se desarrolla en el marco del convenio de colaboraci\u00f3n entre el Gobierno de Canarias a trav\u00e9s de la Consejer\u00eda de Derechos Sociales, Igualdad, Diversidad y Juventud, y la Universidad de La Laguna a trav\u00e9s del Laboratorio de Innovaci\u00f3n Social LabINS, bajo el paraguas de la Estrategia Canaria de Transici\u00f3n Igualitaria, un plan para el fomento de la igualdad y diversidad en el Archipi\u00e9lago.<\/p>\n<p>&nbsp;<\/p>\n<p>\u00a1No te lo pierdas y sigue sus redes sociales![\/vc_column_text][\/vc_column][\/vc_row][vc_row][vc_column][vc_video link=&#8221;https:\/\/www.youtube.com\/watch?v=UoHH2wOcJuU&amp;t=3s&#8221;][\/vc_column][\/vc_row]<\/p>\n<\/section>","protected":false},"excerpt":{"rendered":"<p>[vc_row][vc_column][vc_column_text]Este lunes se ha publicado desde Igual Lab, Laboratorio de Investigaci\u00f3n para la Transici\u00f3n Igualitaria de Canarias, la entrevista con Sylvia Ja\u00e9n, viceconsejera de Igualdad y Diversidad, y Rosa Aguilar, rectora de la Universidad de La Laguna. Ambas mantienen un conversatorio en el que abordan sus trayectorias profesionales y, c\u00f3mo este camino andado, supone el&#8230;<\/p>\n","protected":false},"author":1,"featured_media":50436,"comment_status":"closed","ping_status":"closed","sticky":false,"template":"","format":"standard","meta":{"footnotes":""},"categories":[174,1159,7],"tags":[],"featured_image_thumbnail_url":"https:\/\/fg.ull.es\/noticias\/wp-content\/uploads\/sites\/2\/2022\/04\/caratula-entrevista-rectorasylvia1-2-300x169.png","_links":{"self":[{"href":"https:\/\/fg.ull.es\/noticias\/wp-json\/wp\/v2\/posts\/50433"}],"collection":[{"href":"https:\/\/fg.ull.es\/noticias\/wp-json\/wp\/v2\/posts"}],"about":[{"href":"https:\/\/fg.ull.es\/noticias\/wp-json\/wp\/v2\/types\/post"}],"author":[{"embeddable":true,"href":"https:\/\/fg.ull.es\/noticias\/wp-json\/wp\/v2\/users\/1"}],"replies":[{"embeddable":true,"href":"https:\/\/fg.ull.es\/noticias\/wp-json\/wp\/v2\/comments?post=50433"}],"version-history":[{"count":0,"href":"https:\/\/fg.ull.es\/noticias\/wp-json\/wp\/v2\/posts\/50433\/revisions"}],"wp:featuredmedia":[{"embeddable":true,"href":"https:\/\/fg.ull.es\/noticias\/wp-json\/wp\/v2\/media\/50436"}],"wp:attachment":[{"href":"https:\/\/fg.ull.es\/noticias\/wp-json\/wp\/v2\/media?parent=50433"}],"wp:term":[{"taxonomy":"category","embeddable":true,"href":"https:\/\/fg.ull.es\/noticias\/wp-json\/wp\/v2\/categories?post=50433"},{"taxonomy":"post_tag","embeddable":true,"href":"https:\/\/fg.ull.es\/noticias\/wp-json\/wp\/v2\/tags?post=50433"}],"curies":[{"name":"wp","href":"https:\/\/api.w.org\/{rel}","templated":true}]}}