{"id":49664,"date":"2021-11-16T12:39:30","date_gmt":"2021-11-16T12:39:30","guid":{"rendered":"https:\/\/fg.ull.es\/noticias\/?p=49664"},"modified":"2022-11-16T13:11:08","modified_gmt":"2022-11-16T13:11:08","slug":"el-nuevo-talento-empresarial-gestado-en-emprendeull-afronta-una-nueva-cita-de-presentaciones-en-final-sprint","status":"publish","type":"post","link":"https:\/\/fg.ull.es\/noticias\/2021\/11\/16\/el-nuevo-talento-empresarial-gestado-en-emprendeull-afronta-una-nueva-cita-de-presentaciones-en-final-sprint\/","title":{"rendered":"El nuevo talento empresarial gestado en EmprendeULL afronta una nueva cita de presentaciones en Final Sprint"},"content":{"rendered":"<section class=\"wpb-content-wrapper\"><p>[vc_row][vc_column][vc_custom_heading text=&#8221;La fecha para dar a conocer los nuevos proyectos de empresas ser\u00e1 el viernes, 19 de noviembre, a las diez de la ma\u00f1ana en streaming<br \/>\n&#8220;][\/vc_column][\/vc_row][vc_row][vc_column][vc_column_text]<span style=\"font-weight: 400\">Todo el talento emprendedor que ha confiando en EmprendeULL para perfilar su proyecto empresarial se dar\u00e1 cita el pr\u00f3ximo viernes, 19 de noviembre, a partir de las 10.00 horas en el encuentro virtual -al que se podr\u00e1 acceder a trav\u00e9s del <\/span><a href=\"https:\/\/www.facebook.com\/emprendeull\"><span style=\"font-weight: 400\">Facebook de Emprende<\/span><\/a><span style=\"font-weight: 400\"> y del <\/span><a href=\"https:\/\/www.facebook.com\/ayuntamientoarona\"><span style=\"font-weight: 400\">Ayuntamiento de Arona<\/span><\/a><span style=\"font-weight: 400\">&#8211; Final Sprint.\u00a0\u00a0<\/span><\/p>\n<p><span style=\"font-weight: 400\">Final Sprint, el segundo de este a\u00f1o, es una oportunidad para presentar los 19 proyectos empresariales que se han desarrollado en los \u00faltimos meses en la unidad para el impulso del emprendimiento de la Fundaci\u00f3n General de la Universidad de La Laguna. En esta ocasi\u00f3n, las entidades que apoyar\u00e1n estas nuevas ideas de negocio otorgando un premio o un obsequio especial a la que consideren m\u00e1s destacada ser\u00e1n <\/span><span style=\"font-weight: 400\">la <\/span><a href=\"https:\/\/www.ull.es\/catedras\/catedra-jovenes-emprendedores\/\"><span style=\"font-weight: 400\">C\u00e1tedra Fundaci\u00f3n Disa de J\u00f3venes emprendedores<\/span><\/a><span style=\"font-weight: 400\">; los narradores <\/span><a href=\"https:\/\/www.facebook.com\/diegogreinfeld\"><span style=\"font-weight: 400\">Diego G. Reinfeld<\/span><\/a><span style=\"font-weight: 400\"> y <\/span><a href=\"https:\/\/www.facebook.com\/Fabio-Gonz%C3%A1lez-Narrador-Ilustrador-206879972700142\"><span style=\"font-weight: 400\">Fabio Gonz\u00e1lez Torres<\/span><\/a><span style=\"font-weight: 400\">; <\/span><a href=\"https:\/\/metriz.com\/\"><span style=\"font-weight: 400\">Agencia de marketing y publicidad Metriz<\/span><\/a><span style=\"font-weight: 400\">; <\/span><a href=\"https:\/\/www.fredolsen.es\/es\"><span style=\"font-weight: 400\">Fred Olsen<\/span><\/a><span style=\"font-weight: 400\">; <\/span><a href=\"https:\/\/www.canal4tenerife.tv\/\"><span style=\"font-weight: 400\">\u00a0Canal 4<\/span><\/a><span style=\"font-weight: 400\">; <\/span><a href=\"https:\/\/www.facebook.com\/lahuellaaudiovisual\"><span style=\"font-weight: 400\">La Huella Audiovisual, servicios audiovisuales<\/span><\/a><span style=\"font-weight: 400\">; y <\/span><a href=\"https:\/\/tienda.terclima.com\/\"><span style=\"font-weight: 400\">TerClima<\/span><\/a><span style=\"font-weight: 400\">.<\/span><\/p>\n<p><span style=\"font-weight: 400\">Tras la apertura oficial, con la presencia de diversos representantes de la Universidad de La Laguna Christophe Gaziello, <\/span><b>Gazz<\/b><span style=\"font-weight: 400\">, emprendedor, humorista, comunicador y creador audiovisual ser\u00e1 entrevistado por el presentador del acto, <\/span><b>Jota<\/b><span style=\"font-weight: 400\">. A continuaci\u00f3n dar\u00e1 comienzo el apartado \u201cMis dos minutos de gloria\u201d, en el que las personas asesoradas en EmprendeULL presentar\u00e1n su modelo empresarial.<\/span><\/p>\n<p><span style=\"font-weight: 400\">Comenzar\u00e1 Diego Ortiz Hintz, con su empresa <\/span><b>TouristEd-Turismo y Educaci\u00f3n<\/b><span style=\"font-weight: 400\">, que nace con el prop\u00f3sito de educar a trav\u00e9s del turismo para que este se pueda convertir en una herramienta para el desarrollo local, la puesta en valor de los oficios tradicionales, la conservaci\u00f3n de espacios naturales y el crecimiento personal.<\/span><\/p>\n<p><span style=\"font-weight: 400\">Virginia Dorta Luis, con su empresa <\/span><b>Salado Dise\u00f1o e Ingenieria<\/b><span style=\"font-weight: 400\">, es una ingeniera de dise\u00f1o de producto dedicada al interiorismo creativo, ingenier\u00eda de fabricaci\u00f3n y dise\u00f1o de productos.<\/span><\/p>\n<p><span style=\"font-weight: 400\">Ana Bel\u00e9n Cruz Hern\u00e1ndez hablar\u00e1 de <\/span><b>RH en +<\/b><span style=\"font-weight: 400\"> Consultora de recursos humanos basada en dar un estilo de trabajo positivo en los equipos de las empresas y hacerlas crecer de forma natural.<\/span><\/p>\n<p><span style=\"font-weight: 400\">Catherine Ivonn Delpino presentar\u00e1 <\/span><b>La Casita de la Empanada<\/b><span style=\"font-weight: 400\">, una f\u00e1brica basada en elaborar las empanadas indispensables en los desayunos de familias con tradici\u00f3n venezolana. Preparan packs de empanadas para restauraci\u00f3n y empresas con perfil gastron\u00f3mico.<\/span><\/p>\n<p><span style=\"font-weight: 400\">Carla Garc\u00eda Mora ha creado <\/span><b>Bloomming Studio<\/b><span style=\"font-weight: 400\">. Carla es arquitecta, dise\u00f1adora de interiores e introduce las flores como elemento art\u00edstico en sus creaciones para empresas.<\/span><\/p>\n<p><span style=\"font-weight: 400\">Por su parte, Fernando Nieto es el fundador de <\/span><b>Fresquito&amp;Conritmo<\/b><span style=\"font-weight: 400\">, un estudio creativo que crea contenido en redes, web, brand content, dise\u00f1o, copy y campa\u00f1as.<\/span><\/p>\n<p><span style=\"font-weight: 400\">Georgina Magali Caballero ha dinamizado la zona comercial de Las Galletas con <\/span><b>Mil sue\u00f1os personalizables<\/b><span style=\"font-weight: 400\"> un local en el que personaliza regalos.<\/span><\/p>\n<p><span style=\"font-weight: 400\">Jana Vaskova acerca a personas de su pa\u00eds natal, Checoslovaquia, y otros pa\u00edses, ayud\u00e1ndoles a gestionar inversiones en Tenerife con <\/span><b>TenerifeIN<\/b><span style=\"font-weight: 400\">, adem\u00e1s de ayudarlos a otras acciones rutinarias del d\u00eda a d\u00eda.\u00a0<\/span><\/p>\n<p><span style=\"font-weight: 400\">Alejandra Nicosia Reitano presentar\u00e1 <\/span><b>El Ojo en la Diana,<\/b><span style=\"font-weight: 400\"> un proyecto basado en focalizar la Investigaci\u00f3n, el Desarrollo y la Innovaci\u00f3n Neurocient\u00edfica hacia la transferencia social, en el que participan el IUNE (Instituto Universitario de Neurociencia) y DEJ SA d\u00f3nde pondr\u00e1n en marcha una serie de procesos internos de forma colaborativa para gestionar\/desarrollar procesos de innovaci\u00f3n y transferencia a trav\u00e9s de la investigaci\u00f3n en Neurociencia y las IT (Information Technology) como uni\u00f3n de Hardware &#8211; Software (Desarrollo, Integraci\u00f3n, Procesamiento, Algoritmos).<\/span><\/p>\n<p><span style=\"font-weight: 400\">Jesica Moya Rios es psic\u00f3loga y ha creado el retiro <\/span><b>Liberanimus<\/b><span style=\"font-weight: 400\">, donde las personas contactan con la naturaleza e incluyen herramientas para la tranquilidad y la vida sin estr\u00e9s.<\/span><\/p>\n<p><span style=\"font-weight: 400\">Juan Labory Fern\u00e1ndez presentar\u00e1 en sus dos minutos <\/span><b>Cancel Fashion<\/b><span style=\"font-weight: 400\">, una comunidad de dise\u00f1o de moda, estilismo y creatividad visual<\/span><\/p>\n<p><span style=\"font-weight: 400\">Luc\u00eda Morais Gonz\u00e1lez, Andrea Luna M\u00e1rquez Pareja, Diana Barbero Pareja y \u00c1ngela Garcinu\u00f1o Feliciano han creado <\/span><b>GlutApp<\/b><span style=\"font-weight: 400\">, una aplicaci\u00f3n para la comunidad cel\u00edaca con la que se puede comprobar qu\u00e9 alimentos pueden comerse y adem\u00e1s plantear recetas y nuevas formas de conseguir platos tradicionales sin gluten.<\/span><\/p>\n<p><span style=\"font-weight: 400\">Nicol\u00e1s Ismael Muchiutti\u00a0 es un rehabilitador neurol\u00f3gico que ha gestionado un equipo de ayuda a personas de la tercera edad, con un enfoque rehabilitativo, con su proyecto <\/span><b>Mehrcare<\/b><span style=\"font-weight: 400\">.\u00a0<\/span><\/p>\n<p><span style=\"font-weight: 400\">David Mendez Abreu ha creado una web para docentes, 12ntes, basada en el juego, que ayuda a que se agilicen las clases a base de din\u00e1micas de interactividad.\u00a0<\/span><\/p>\n<p><span style=\"font-weight: 400\">Marta Rodr\u00edguez Belzuz forma parte de un grupo de enfermeros y enfermeras que han creado un equipo de voluntariado, <\/span><b>Nunca Solo<\/b><span style=\"font-weight: 400\">, para que acompa\u00f1en a personas mayores que puedan sentirse solas.<\/span><\/p>\n<p><span style=\"font-weight: 400\">Adri\u00e1n Valer\u00f3n Hern\u00e1ndez Abad es antrop\u00f3logo social y cultural con formaci\u00f3n en barranquismo y escalada que hablar\u00e1 de <\/span><b>La Roquita<\/b><span style=\"font-weight: 400\">, un espacio sensorial in door enfocado a ense\u00f1ar a familias y ni\u00f1as\/os escalada en La Laguna.\u00a0<\/span><\/p>\n<p><span style=\"font-weight: 400\">Carmelo Le\u00f3n Garcia ha creado una pasta de celulosa para acolchado agr\u00edcola biodegradable que se coloca en la tierra y protege a la planta. La ha llamado <\/span><b>Agrocol<\/b><span style=\"font-weight: 400\">. Este modelo de utilidad ha sido registrado en la OEPM (Oficina Espa\u00f1ola de Patentes y Marcas).<\/span><\/p>\n<p><span style=\"font-weight: 400\">Ana Mar\u00eda \u00c1lvarez\u00a0 es maestra y fundadora de <\/span><b>Roots &amp; Food<\/b><span style=\"font-weight: 400\">, un concepto basado en la alimentaci\u00f3n consciente en las escuelas, como forma de ense\u00f1anza, de conocimiento por parte del alumnado y con la colaboraci\u00f3n de un cocinero y nutricionista crean men\u00fas donde los ni\u00f1os y las ni\u00f1as ven al alimento desde el principio al final.<\/span><\/p>\n<p><span style=\"font-weight: 400\">Cintia Quintana Moreno pondr\u00e1 el punto final a los pitch con <\/span><b>Born With Calufa<\/b><span style=\"font-weight: 400\">, una comunidad de talento canario que sirve de escaparate para promocionar e interaccionar el comercio local. Es un espacio donde se descubre y comparte. Cintia comenz\u00f3 creando la comunidad s\u00f3lo para artesanas y artesanos y ahora se han unido otros comercios locales.<\/span>[\/vc_column_text][\/vc_column][\/vc_row]<\/p>\n<\/section>","protected":false},"excerpt":{"rendered":"<p>[vc_row][vc_column][vc_custom_heading text=&#8221;La fecha para dar a conocer los nuevos proyectos de empresas ser\u00e1 el viernes, 19 de noviembre, a las diez de la ma\u00f1ana en streaming &#8220;][\/vc_column][\/vc_row][vc_row][vc_column][vc_column_text]Todo el talento emprendedor que ha confiando en EmprendeULL para perfilar su proyecto empresarial se dar\u00e1 cita el pr\u00f3ximo viernes, 19 de noviembre, a partir de las 10.00 horas&#8230;<\/p>\n","protected":false},"author":1,"featured_media":49665,"comment_status":"closed","ping_status":"closed","sticky":false,"template":"","format":"standard","meta":{"footnotes":""},"categories":[344,278],"tags":[509,214,47,1341,1374],"featured_image_thumbnail_url":"https:\/\/fg.ull.es\/noticias\/wp-content\/uploads\/sites\/2\/2021\/11\/Final-Sprint-2-Pantallas-1920x1080px-1-300x169.jpg","_links":{"self":[{"href":"https:\/\/fg.ull.es\/noticias\/wp-json\/wp\/v2\/posts\/49664"}],"collection":[{"href":"https:\/\/fg.ull.es\/noticias\/wp-json\/wp\/v2\/posts"}],"about":[{"href":"https:\/\/fg.ull.es\/noticias\/wp-json\/wp\/v2\/types\/post"}],"author":[{"embeddable":true,"href":"https:\/\/fg.ull.es\/noticias\/wp-json\/wp\/v2\/users\/1"}],"replies":[{"embeddable":true,"href":"https:\/\/fg.ull.es\/noticias\/wp-json\/wp\/v2\/comments?post=49664"}],"version-history":[{"count":1,"href":"https:\/\/fg.ull.es\/noticias\/wp-json\/wp\/v2\/posts\/49664\/revisions"}],"predecessor-version":[{"id":51780,"href":"https:\/\/fg.ull.es\/noticias\/wp-json\/wp\/v2\/posts\/49664\/revisions\/51780"}],"wp:featuredmedia":[{"embeddable":true,"href":"https:\/\/fg.ull.es\/noticias\/wp-json\/wp\/v2\/media\/49665"}],"wp:attachment":[{"href":"https:\/\/fg.ull.es\/noticias\/wp-json\/wp\/v2\/media?parent=49664"}],"wp:term":[{"taxonomy":"category","embeddable":true,"href":"https:\/\/fg.ull.es\/noticias\/wp-json\/wp\/v2\/categories?post=49664"},{"taxonomy":"post_tag","embeddable":true,"href":"https:\/\/fg.ull.es\/noticias\/wp-json\/wp\/v2\/tags?post=49664"}],"curies":[{"name":"wp","href":"https:\/\/api.w.org\/{rel}","templated":true}]}}