{"id":49391,"date":"2021-09-22T13:55:08","date_gmt":"2021-09-22T12:55:08","guid":{"rendered":"https:\/\/fg.ull.es\/noticias\/?p=49391"},"modified":"2021-09-22T13:55:08","modified_gmt":"2021-09-22T12:55:08","slug":"septiembre-retoma-la-formacion-de-empresarios-y-emprendedores-con-el-programa-arona-emprende","status":"publish","type":"post","link":"https:\/\/fg.ull.es\/noticias\/2021\/09\/22\/septiembre-retoma-la-formacion-de-empresarios-y-emprendedores-con-el-programa-arona-emprende\/","title":{"rendered":"Septiembre retoma la formaci\u00f3n de empresarios y emprendedores con el programa \u2018Arona Emprende\u2019"},"content":{"rendered":"<section class=\"wpb-content-wrapper\"><p>[vc_row][vc_column][vc_custom_heading text=&#8221;El Ayuntamiento de Arona y la Fundaci\u00f3n de la Universidad de La Laguna han puesto en marcha los nuevos cursos de Arona Emprende. Son totalmente gratuitos y en la modalidad de p\u00edldoras formativas la accesibilidad ser\u00e1 online&#8221;][\/vc_column][\/vc_row][vc_row][vc_column][vc_column_text]El Ayuntamiento de Arona, a trav\u00e9s del \u00c1rea de Promoci\u00f3n Econ\u00f3mica, y la Fundaci\u00f3n de la Universidad de La Laguna ponen en marcha los nuevos cursos de\u00a0<a href=\"https:\/\/www.arona.org\/Directorio\/ctl\/Ver\/mid\/438?id=75688\">Arona Emprende<\/a>, con una serie de acciones formativas dirigidas especialmente a emprendedores y empresarios del municipio, con el Centro Empresarial de Arona, en Las Galletas, como epicentro de este impulso de apoyo al tejido empresarial.\u00a0El Centro Empresarial ha realizado, en lo que va de a\u00f1o, m\u00e1s de 750 consultas por parte de empresas del municipio, todo ello en el contexto de la grave crisis econ\u00f3mica generada por la pandemia, lo que lo convierte en un instrumento fundamental para impulsar el crecimiento econ\u00f3mico municipal<\/p>\n<p>Arona Emprende se compone de un ciclo de p\u00edldoras formativas espec\u00edficas y\u00a0<i>webinars<\/i>\u00a0que se imparten \u00edntegramente en formato online, y dos cursos espec\u00edficos, dentro de la acci\u00f3n \u2018Convierte tu pasi\u00f3n en negocio\u2019, en formato mixto online y presencial:\u00a0<i>Gastronom\u00eda y Turismo<\/i>\u00a0y\u00a0<i>Creaci\u00f3n de contenido para redes\u00a0<\/i>y un curso certificable para subvenciones, denominado<i>\u00a0<\/i><i>Curso certificable de emprendimiento<\/i><i>.<\/i><\/p>\n<p>Los cursos son totalmente gratuitos y en la modalidad de p\u00edldoras formativas\u00a0los usuarios pueden conectarse desde cualquier dispositivo digital desde cualquier lugar.<\/p>\n<p><b>Cursos<\/b><\/p>\n<p>La docencia comenzar\u00e1 con el<i> Curso certificable de emprendimiento<\/i><i>,\u00a0<\/i>impartido<i>\u00a0<\/i>online\u00a0por Samuel Reyes Su\u00e1rez y Montsant Cabrera Argany\u00a0del lunes 27 de septiembre al viernes 31 de diciembre\u00a0de 2021. El objetivo es ampliar el conocimiento y la formaci\u00f3n a empresas y emprendedoras y emprendedores respecto a formas jur\u00eddicas, madurez de su idea de negocio, viabilidad econ\u00f3mica y sostenible, tendencias, innovaci\u00f3n, venta de producto y servicio, an\u00e1lisis de clientes, canales de venta, aspectos legales y herramientas de gesti\u00f3n.<\/p>\n<p>M\u00e1s informaci\u00f3n sobre\u00a0Emprendimiento en Arona\u00a0<a href=\"https:\/\/www.arona.org\/Areas-Municipales\/Promocion-Economica-y-Empleo\">aqu\u00ed<\/a>\u00a0y para inscribirse\u00a0<a href=\"https:\/\/docs.google.com\/forms\/d\/1eqqBGI7L60Zg_PjZ3CvCJlnu6MyzotgnhHp9WlucghI\/edit\">aqu\u00ed<\/a>.<\/p>\n<p>&nbsp;<\/p>\n<p>El segundo curso es\u00a0<b><i>Creaci\u00f3n de contenido para redes<\/i><\/b>, del 18 al 22 de octubre en horario de 10.00 a 13.00 horas. Igual que el anterior, ser\u00e1 online (lunes, martes y mi\u00e9rcoles) y presencial (jueves y viernes).<\/p>\n<p>Est\u00e1 especialmente dirigido a personas creativas\u00a0que les guste comunicar en redes sociales y saber c\u00f3mo crear comunidad y mantenerla como base para el funcionamiento y crecimiento de su empresa o proyecto.<\/p>\n<p>Los ponentes son\u00a0<a href=\"https:\/\/marhumccormick.com\/\" target=\"_blank\" rel=\"noopener\">Marh\u00fa McCormick,<\/a>\u00a0experta en fotograf\u00eda gastron\u00f3mica y creaci\u00f3n de contenido para redes, y la community manager\u00a0<a href=\"https:\/\/www.google.com\/url?q=https:\/\/instagram.com\/andreatocuyog?utm_medium%3Dcopy_link&amp;sa=D&amp;source=calendar&amp;usd=2&amp;usg=AOvVaw1lQ_FQRatBHSMM0zF73p1X\" target=\"_blank\" rel=\"noopener\">Andrea Tocuyo<\/a>, experta en fidelizar y aumentar la comunidad de tu marca.<\/p>\n<p>Las inscripciones se pueden realizar en\u00a0<a href=\"https:\/\/docs.google.com\/forms\/d\/1-mmG2yy3d59cgiCojooAPD6w5ANXiP7NdJTLdfIS1oI\/edit\">este enlace<\/a>.<\/p>\n<p>Ya se est\u00e1 impartiendo<i> Gastronom\u00eda y turismo<\/i>, que se llevar\u00e1 a cabo entre el 20 y el 24 de septiembre (20, 21 y 22 online y 23 y 24 presencial en el Centro Cultural de Los Cristianos) en horario de 10.00 a 13.00 horas. Debido a limitaciones por COVID-19, a la formaci\u00f3n presencial solo podr\u00e1n asistir 24 personas debido a las limitaciones de espacio, por lo que, cuanto antes se inscriban los y las interesadas, m\u00e1s posibilidades tendr\u00e1 para acceder al curso.<\/p>\n<p>El objetivo es conseguir crear un negocio relacionado con la gastronom\u00eda mejorando el enfoque hacia el cliente, ya sea un restaurante o una actividad tur\u00edstica gastron\u00f3mica. Mar\u00eda Luz G\u00f3mez, empresaria con experiencia en gestionar restaurantes de ambiente familiar como\u00a0 \u00a0Restaurante La Casa de Mi Abuela, ser\u00e1 la ponente.<\/p>\n<p>El enlace para la inscripci\u00f3n es\u00a0<a href=\"https:\/\/docs.google.com\/forms\/d\/1-v_U9C69rbfXNhARezLisYW3kbmbZICymlVvEU-TTCg\/edit\">https:\/\/docs.google.com\/forms\/d\/1-v_U9C69rbfXNhARezLisYW3kbmbZICymlVvEU-TTCg\/edit<\/a><\/p>\n<p><b>P\u00edldoras y webinars<\/b><\/p>\n<p>En cuanto a las p\u00edldoras formativas, Arona y la Fundaci\u00f3n ULL han preparado un abanico de interesantes piezas dirigidas para mejorar los negocios de Arona.<\/p>\n<p>Todas ser\u00e1n online, gratuitas y en horario de 16.00 a 18.00 horas. El 30 de septiembre tendr\u00e1 lugar la webinar\u00a0<a href=\"https:\/\/docs.google.com\/forms\/d\/1tJ1TyRbFe3Hdk1zQd_YgUXdXQHyJbNCbeC09KOnjY_Q\/edit\"><i>\u00bfTu empresa est\u00e1 protegida frente a un ciberataque?<\/i><\/a>. El 14 de octubre,\u00a0<a href=\"https:\/\/docs.google.com\/forms\/d\/149zg47JzIuIWQwMxMRV7XFU_acT-IndS4Cj_tjfy88M\/edit\"><i>Aprende a poner precio a tus productos<\/i><\/a>; el 28 de octubre\u00a0<a href=\"https:\/\/docs.google.com\/forms\/d\/1YRM80zyAvTc5w_5A_WWbciXXaeQQWsEBdMRwk8elK2I\/edit\"><i>Seguridad alimentaria en tu local<\/i><\/a>; el 11 de noviembre\u00a0<a href=\"https:\/\/docs.google.com\/forms\/d\/1lrhBQ3H_7xgHh0Ecpf9GL1RTw9uyQijprNC5YKDpcM8\/edit\"><i>Nuevas oportunidades de negocio post-covid 19<\/i><\/a>\u00a0y la \u00faltima ser\u00e1\u00a0<a href=\"https:\/\/docs.google.com\/forms\/d\/1-Lhi1BA1MLjJGAoUq5WtP3v-A_wD5JhZkPNmMpiBnnY\/edit\"><i>\u00bfEst\u00e1 tu local preparado para los nuevos clientes?<\/i><\/a>, el 25 de noviembre.<\/p>\n<p>Para m\u00e1s informaci\u00f3n, los y las interesadas puedes llamar al Centro Empresarial de Arona, al 010 o al 922761600, de lunes a viernes de 8:00 a 15:00 horas o al email\u00a0<a href=\"mailto:promocioneconomica@arona.org\">promocioneconomica@arona.org<\/a>.<\/p>\n<p>El alcalde de Arona, Jos\u00e9 Juli\u00e1n Mena, ha subrayado \u201cla gran acogida y el buen funcionamiento que siempre han tenido estas formaciones de emprendimiento entre los empresarios y emprendedores de Arona. Estos cursos les han servido a los emprendedores de nuestro municipio para motivarlos y darles ideas para sus negocios, algo que beneficia a toda la sociedad de este municipio y que este Ayuntamiento va a continuar fomentando\u201d. El alcalde destaca, adem\u00e1s, \u201cque desde el Ayuntamiento hemos preparado, dentro del nuevo Plan Activa Arona 2021, una partida de 300.000 euros para todos los que inicien una actividad econ\u00f3mica, adem\u00e1s de las subvenciones para pymes, micropymes y aut\u00f3nomos, con un presupuesto total de 1,6 millones de euros. Es necesario continuar impulsando a nuestro tejido empresarial y crear empleo para dejar atr\u00e1s esta crisis provocada por la pandemia\u201d.<\/p>\n<p>Por su parte, Raquel Garc\u00eda, edil de Promoci\u00f3n Econ\u00f3mica, destaca \u201cel compromiso de Arona con sus emprendedores, no solo con las nuevas subvenciones del Plan Activa Arona 2021, sino ofreciendo todas las herramientas necesarias para poner en marcha sus negocios a trav\u00e9s de los cursos, talleres y seminarios que se imparten dentro del programa Arona Emprende, adem\u00e1s de un asesoramiento continuo del Centro Empresarial de Arona, en Las Galletas. La intenci\u00f3n del Ayuntamiento\u00a0cuando pusimos en marcha el Centro Empresarial -prosigue- \u00a0era que se convirtiera en un referente formativo y de apoyo al emprendimiento en el municipio, con acciones concretas y reales que contribuyeran a fortalecer el tejido empresarial y a diversificar la econom\u00eda de nuestro entorno\u201d.[\/vc_column_text][\/vc_column][\/vc_row]<\/p>\n<\/section>","protected":false},"excerpt":{"rendered":"<p>[vc_row][vc_column][vc_custom_heading text=&#8221;El Ayuntamiento de Arona y la Fundaci\u00f3n de la Universidad de La Laguna han puesto en marcha los nuevos cursos de Arona Emprende. Son totalmente gratuitos y en la modalidad de p\u00edldoras formativas la accesibilidad ser\u00e1 online&#8221;][\/vc_column][\/vc_row][vc_row][vc_column][vc_column_text]El Ayuntamiento de Arona, a trav\u00e9s del \u00c1rea de Promoci\u00f3n Econ\u00f3mica, y la Fundaci\u00f3n de la Universidad de&#8230;<\/p>\n","protected":false},"author":1,"featured_media":49392,"comment_status":"closed","ping_status":"closed","sticky":false,"template":"","format":"standard","meta":{"footnotes":""},"categories":[38,344,278,4,7],"tags":[419,47],"featured_image_thumbnail_url":"https:\/\/fg.ull.es\/noticias\/wp-content\/uploads\/sites\/2\/2021\/09\/centro-empresarial-1-300x194.jpeg","_links":{"self":[{"href":"https:\/\/fg.ull.es\/noticias\/wp-json\/wp\/v2\/posts\/49391"}],"collection":[{"href":"https:\/\/fg.ull.es\/noticias\/wp-json\/wp\/v2\/posts"}],"about":[{"href":"https:\/\/fg.ull.es\/noticias\/wp-json\/wp\/v2\/types\/post"}],"author":[{"embeddable":true,"href":"https:\/\/fg.ull.es\/noticias\/wp-json\/wp\/v2\/users\/1"}],"replies":[{"embeddable":true,"href":"https:\/\/fg.ull.es\/noticias\/wp-json\/wp\/v2\/comments?post=49391"}],"version-history":[{"count":0,"href":"https:\/\/fg.ull.es\/noticias\/wp-json\/wp\/v2\/posts\/49391\/revisions"}],"wp:featuredmedia":[{"embeddable":true,"href":"https:\/\/fg.ull.es\/noticias\/wp-json\/wp\/v2\/media\/49392"}],"wp:attachment":[{"href":"https:\/\/fg.ull.es\/noticias\/wp-json\/wp\/v2\/media?parent=49391"}],"wp:term":[{"taxonomy":"category","embeddable":true,"href":"https:\/\/fg.ull.es\/noticias\/wp-json\/wp\/v2\/categories?post=49391"},{"taxonomy":"post_tag","embeddable":true,"href":"https:\/\/fg.ull.es\/noticias\/wp-json\/wp\/v2\/tags?post=49391"}],"curies":[{"name":"wp","href":"https:\/\/api.w.org\/{rel}","templated":true}]}}