{"id":49149,"date":"2021-08-09T10:00:25","date_gmt":"2021-08-09T09:00:25","guid":{"rendered":"https:\/\/fg.ull.es\/noticias\/?p=49149"},"modified":"2023-06-09T14:21:48","modified_gmt":"2023-06-09T13:21:48","slug":"7-retos-de-la-persona-emprendedora","status":"publish","type":"post","link":"https:\/\/fg.ull.es\/noticias\/2021\/08\/09\/7-retos-de-la-persona-emprendedora\/","title":{"rendered":"7 retos de la persona emprendedora"},"content":{"rendered":"<section class=\"wpb-content-wrapper\"><p>[vc_row][vc_column][vc_column_text]Existe una variable important\u00edsima que solemos dejar a un lado a lo largo del proceso emprendedor: las personas. Y como tal, tu propia gesti\u00f3n personal influye directamente en la gesti\u00f3n de tu propio negocio.<\/p>\n<p>Surge una idea, elaboras un plan y comienzas con la acci\u00f3n para llevarlo a cabo. Pero a veces, teniendo a\u00fan todo lo necesario (buen producto o servicio, plan estrat\u00e9gico, etc.), donde has seguido todos los pasos, tu negocio sigue sin funcionar o no crece como hab\u00edas previsto. O puede que sepas perfectamente lo que tienes que hacer para que funcione, pero algo impide que te lances a ello.<\/p>\n<p>Puede que lo que est\u00e9 ocurriendo es que t\u00fa te estas bloqueando tu propio proyecto. Por lo que como vamos a ver, es importante generar una mentalidad adecuada para llevar tu proyecto al m\u00e1ximo nivel.<\/p>\n<p>\u00bfHay algo que crees que pueda impulsar tu negocio y aun no lo hayas hecho?<\/p>\n<h3>\u00bfQu\u00e9 son los retos emprendedores?<\/h3>\n<p>Son numerosos los desaf\u00edos a los que se enfrenta la persona emprendedora. Pero en una situaci\u00f3n como la que estamos viviendo actualmente la cosa se complica a\u00fan m\u00e1s. La vida nos ha dado un giro de 180 grados desde que el COVID-19 apareci\u00f3. Si ya de por s\u00ed, la persona emprendedora se encontraba continuamente de frente y cara a cara con la incertidumbre, actualmente el desaf\u00edo es a\u00fan mayor.<\/p>\n<p>Cuando comenzamos el viaje emprendedor surgen una serie de bloqueos que debemos ir enfrentando y gestionando. Quiz\u00e1s piensas que esto ocurre solo al principio y que una vez que te liberes de ellos desaparecen. Pero la realidad es que estos nunca te abandonar\u00e1n del todo. Cuando ya llevas un tiempo con un producto o servicio en marcha pueden incluso transformarse en otros tan paralizantes como los primeros.<\/p>\n<p><a href=\"http:\/\/bit.ly\/3JcrLB1\"><img decoding=\"async\" loading=\"lazy\" class=\"aligncenter wp-image-48770 size-full\" src=\"https:\/\/fg.ull.es\/noticias\/wp-content\/uploads\/sites\/2\/2021\/06\/CTAS_-5-1.jpg\" alt=\"\" width=\"2501\" height=\"855\" srcset=\"https:\/\/fg.ull.es\/noticias\/wp-content\/uploads\/sites\/2\/2021\/06\/CTAS_-5-1.jpg 2501w, https:\/\/fg.ull.es\/noticias\/wp-content\/uploads\/sites\/2\/2021\/06\/CTAS_-5-1-300x103.jpg 300w, https:\/\/fg.ull.es\/noticias\/wp-content\/uploads\/sites\/2\/2021\/06\/CTAS_-5-1-1024x350.jpg 1024w, https:\/\/fg.ull.es\/noticias\/wp-content\/uploads\/sites\/2\/2021\/06\/CTAS_-5-1-768x263.jpg 768w, https:\/\/fg.ull.es\/noticias\/wp-content\/uploads\/sites\/2\/2021\/06\/CTAS_-5-1-1536x525.jpg 1536w, https:\/\/fg.ull.es\/noticias\/wp-content\/uploads\/sites\/2\/2021\/06\/CTAS_-5-1-2048x700.jpg 2048w, https:\/\/fg.ull.es\/noticias\/wp-content\/uploads\/sites\/2\/2021\/06\/CTAS_-5-1-375x128.jpg 375w, https:\/\/fg.ull.es\/noticias\/wp-content\/uploads\/sites\/2\/2021\/06\/CTAS_-5-1-750x256.jpg 750w, https:\/\/fg.ull.es\/noticias\/wp-content\/uploads\/sites\/2\/2021\/06\/CTAS_-5-1-1140x390.jpg 1140w\" sizes=\"(max-width: 2501px) 100vw, 2501px\" \/><\/a><\/p>\n<h3>\u00bfA qu\u00e9 retos te enfrentas?<\/h3>\n<p>Te estar\u00e1s preguntando cuales pueden ser esos retos de los que estamos hablando y hasta puede que ya haya llegado a tu cabeza alguno de ellos. A continuaci\u00f3n, te cuento algunos de los m\u00e1s comunes:<\/p>\n<ol>\n<li><strong>La soledad: <\/strong>El ser humano es social por naturaleza, necesita del contacto de otros, de su comprensi\u00f3n para poder sobrevivir. Y sin embargo uno de los males a los que se enfrenta la persona emprendedora a lo largo de todo el proceso emprendedor es del sentimiento de soledad. Nos sentimos solos e incomprendidos, nuestra familia y amigos no se encuentran en la misma situaci\u00f3n que nosotros y por mucho que nos gustar\u00eda que nos comprendieran y escucharan esto no suele ocurrir. Ellos quieren entendernos, cr\u00e9eme, pero no pueden. Es dif\u00edcil que empaticen con algo que nunca han vivido. Busca este entendimiento en personas que est\u00e1n en tu misma situaci\u00f3n: Comparte con otros emprendedores (Coworkings, Mastermind groups, Mentores).<\/li>\n<li><strong> Mantener la ilusi\u00f3n del principio: <\/strong>Si algo caracteriza a la persona emprendedora es la perseverancia y la motivaci\u00f3n. A pesar de las mil dificultades que aparecen durante el camino, y que se prevean que aparezcan, comienzas con much\u00edsima ilusi\u00f3n y con ganas de comerte el mundo. Pero esta energ\u00eda se va diluyendo. Necesitamos QUERER. \u00a1Porque sin esp\u00edritu, sin fuerza, sin ganas, no vamos a hacer nada bueno!<strong><br \/>\n<\/strong><\/li>\n<li>\u00a0<strong>Miedo al fracaso:<\/strong> El problema es que esperas acertar a la primera. El fracaso es no haberlo intentado nunca. Edison, despu\u00e9s de miles de intentos (que no fracasos) hasta que invent\u00f3 la bombilla dec\u00eda: \u201cNo eran fracasos. Simplemente descubr\u00ed 999 formas de c\u00f3mo no hacer una bombilla\u201d. Debes aprender a regular tus expectativas. A pesar de haber puesto ya tu proyecto en marcha y haber conseguido much\u00edsimas cosas seguir\u00e1s teniendo miedo. El miedo es una emoci\u00f3n natural que nos ayuda a mejorar. El problema surge cuando lo alimentamos y nos paraliza. \u00a1\u00a1No alimentes tus miedos, m\u00edralos a la cara y preg\u00fantate que recurso necesitas para afrontarlo!!<\/li>\n<li><strong>Saber poner l\u00edmites: <\/strong>Yo las llamo las l\u00edneas rojas, esas que son infranqueables para ti. Debes aprender a decir que no, a ti mismo y a los dem\u00e1s. Cuando todo depende de nosotros, pensamos que estar las veinticuatro horas trabajando nos va a ayudar. No solemos ponernos horarios y si lo hacemos vamos traspasando ese l\u00edmite a costa de nuestra salud mental y f\u00edsica. La realidad es que eres una persona humana y necesitas establecer cu\u00e1les van a ser esos l\u00edmites que te van a permitir continuar disfrutando de lo que haces. \u00a1\u00a1\u00a1No te quemes!!!<strong><br \/>\n<\/strong><\/li>\n<li><strong>Autovalorarte: <\/strong>Si t\u00fa no crees en ti, ni en tu producto o servicio, \u00bfc\u00f3mo esperas que tu cliente lo haga? Siento decirte que es la \u201cCr\u00f3nica de una muerte anunciada\u201d. Somos m\u00e1s capaces de lo que normalmente creemos. Y en base al valor que le estas dando a lo que ofreces pondr\u00e1s su precio. El \u201cs\u00edndrome del impostor\u201d estar\u00e1 acompa\u00f1\u00e1ndote en muchos momentos de tu proceso emprendedor. Seguramente cuando empezaste, tu entorno tampoco cre\u00eda en ti, pensar\u00edan que era producto de un capricho temporal o de una afici\u00f3n. Siempre habr\u00e1 alguien que sepa m\u00e1s que t\u00fa, pero tambi\u00e9n que sepa menos. Lo importante realmente es que definas bien a quien te quieres dirigir. Aprende a quererte, a hablarte bien, \u00a1\u00a1a valorar lo que haces!!<\/li>\n<li><strong>Miedo a crecer<\/strong>: Pues s\u00ed, crecer tambi\u00e9n asusta. Porque eso significa que necesitamos m\u00e1s energ\u00eda, m\u00e1s recursos, m\u00e1s tiempo y continuar con esa ilusi\u00f3n del principio durante mucho tiempo no es tan f\u00e1cil como parece. Volvemos a tener que salir de nuestra zona de confort para poder crecer. \u00a1\u00a1Revisa si es el momento adecuado y l\u00e1nzate!!<\/li>\n<li><strong>La incertidumbre: <\/strong>Poder hacer frente a la incertidumbre requiere de mucha flexibilidad y aceptaci\u00f3n. Puedes planificar al m\u00e1ximo (y de hecho debes hacerlo), pero siempre habr\u00e1 una parte que se te escapar\u00e1 y para la que tambi\u00e9n debes estar preparado. Estar\u00e1s en una continua monta\u00f1a rusa donde incluso sin que cambie nada en el exterior, tu estado de \u00e1nimo cambie. Por nuestra naturaleza nos gusta sentir control, pero no es un control real, siempre habr\u00e1 una parte, la incertidumbre \u00bfC\u00f3mo la gestionas? Planificando y aceptando que hay cosas que no dependen de ti y trabajando sobre las que si puedes modificar.<\/li>\n<\/ol>\n<h3>Superando los miedos<\/h3>\n<p>Si lo piensas bien hemos hablado en cada uno de los retos de una misma esencia: <strong>Trabajar sobre tus creencias limitantes<\/strong>.<\/p>\n<p>Las<strong> creencias<\/strong> son los filtros a trav\u00e9s de los cuales ves la realidad. Son tus lentes, dependiendo de las que lleves puestas ver\u00e1s la realidad de una forma u otra totalmente distinta. Pero la realidad seguir\u00e1 siendo la misma. La realidad no cambia, cambias t\u00fa.<\/p>\n<p>Para gestionar las creencias comienza por identificar aquellas que utilizas de manera m\u00e1s cotidiana. Tienes que saber cu\u00e1les son las reglas por las que te riges para poder establecer unas realmente \u00fatiles.<\/p>\n<p>Identifica de d\u00f3nde vienen tus<strong> creencias limitantes<\/strong>:<\/p>\n<ul>\n<li>De <strong>tus padres\/familia<\/strong>. Seguro que tienes alguna creencia que si lo piensas bien no te pertenece. La has heredado, as\u00ed que si no es cierta lib\u00e9rate de ella cuanto antes. \u00a1\u00a1No esperes m\u00e1s!!<\/li>\n<li>De la <strong>sociedad.<\/strong> Las pel\u00edculas que ves llevan una serie de valores impl\u00edcitos que has ido aprendiendo. En \u201cTitanic\u201d los ricos son ego\u00edstas y aburridos, as\u00ed que mejor no tener dinero \u00a1!No te creas nada de lo que ves!!<\/li>\n<li>De <strong>tu propia experiencia<\/strong>. Algo que te haya ocurrido en el pasado generar\u00e1 una creencia que puede marcar tu futuro. \u00a1\u00a1Pero cuidado, no siempre la historia se repite!!<\/li>\n<\/ul>\n<h3>Tips antibloqueos<\/h3>\n<ul>\n<li><span style=\"font-weight: 400\">Pasa del mundo de las <\/span><b><i>ideas al mundo ejecutor<\/i><\/b><span style=\"font-weight: 400\">. <\/span><span style=\"font-weight: 400\">Tomar acci\u00f3n, da ese paso que va a hacer que sigas avanzando. El primer paso no te lleva a donde quieres, pero te saca de donde esta. <\/span><i><span style=\"font-weight: 400\">Acci\u00f3n, acci\u00f3n y m\u00e1s acci\u00f3n.<\/span><\/i><\/li>\n<li>Compararte para <strong>inspirarte<\/strong>, no para perder. No te creas todo lo que ves, puede que la persona con la que te comparas no tenga tanto \u00e9xito como te imaginas.<\/li>\n<li>Ten una <strong>mente flexible<\/strong>. Seguro que a lo largo de todo el proyecto debas cambiar cosas y adaptarte, eso se llama aprendizaje y no es nada malo.<\/li>\n<li>No te <strong>bloquees<\/strong> con cosas que no necesitas para avanzar. No tiene que estar todo perfecto para que puedas seguir avanzando.<\/li>\n<li><strong>Constancia, perseverancia e ilusi\u00f3n<\/strong>. Act\u00faa como si fuera el primer d\u00eda, aunque lleves mucho tiempo.<\/li>\n<\/ul>\n<p><a href=\"http:\/\/bit.ly\/3JcrLB1\"><strong>Y ahora qu\u00e9 me dices, \u00bfte faltan motivos o te sobran excusas? \u00a1\u00a1\u00a1A por ello!!!<\/strong><\/a><\/p>\n<h3>Consulta nuestras \u00faltimas entradas al <a href=\"https:\/\/fg.ull.es\/empleo\/emprende-ull\/\">#BlogEmprende.ull<\/a><\/h3>\n<ul>\n<li><a href=\"https:\/\/fg.ull.es\/noticias\/2023\/05\/03\/subvencion-para-la-promocion-del-empleo-autonomo-2023\/\"><strong>Subvenci\u00f3n para la Promoci\u00f3n del Empleo Aut\u00f3nomo 2023<\/strong><\/a><\/li>\n<li><a href=\"https:\/\/fg.ull.es\/noticias\/2021\/07\/02\/5-consejos-de-marketing-digital-para-emprendedoras-y-emprendedores\/\"><strong>5 consejos de marketing digital para emprendedoras y emprendedores<\/strong><\/a><\/li>\n<li><a href=\"https:\/\/fg.ull.es\/noticias\/2018\/08\/17\/asesoramiento-para-emprender-con-metodo-emprendeull\/\"><strong>\u00bfNecesitas asesoramiento para emprender? Te contamos todo sobre el m\u00e9todo Emprende.ull<\/strong><\/a><\/li>\n<li><a href=\"https:\/\/fg.ull.es\/noticias\/2020\/05\/07\/kit-rapido-para-trabajar-en-remoto-primera-parte\/\"><strong>Kit r\u00e1pido para trabajar en remoto (I Parte)<\/strong><\/a><\/li>\n<li><a href=\"https:\/\/fg.ull.es\/noticias\/2021\/07\/12\/claves-para-hacer-crecer-tu-marca-personal\/\"><strong>Claves para hacer crecer tu marca personal<\/strong><\/a><\/li>\n<li><a href=\"https:\/\/fg.ull.es\/noticias\/2020\/07\/17\/la-importancia-del-diseno-de-marca\/\"><strong>La importancia del dise\u00f1o de marca<\/strong><\/a><\/li>\n<li><a href=\"https:\/\/fg.ull.es\/noticias\/2021\/07\/21\/marketing-digital-con-facebook-e-instagram-ads\/\"><strong>Marketing digital con Facebook e Instagram Ads<\/strong><\/a><\/li>\n<\/ul>\n<p>[\/vc_column_text][\/vc_column][\/vc_row][vc_row][vc_column][vc_empty_space height=&#8221;20px&#8221;][\/vc_column][\/vc_row][vc_row][vc_column][vc_single_image image=&#8221;49154&#8243; add_caption=&#8221;yes&#8221; alignment=&#8221;center&#8221; style=&#8221;vc_box_circle_2&#8243; onclick=&#8221;custom_link&#8221; img_link_target=&#8221;_blank&#8221; link=&#8221;https:\/\/www.beflowpsicologia.com\/&#8221;][\/vc_column][\/vc_row][vc_row][vc_column][vc_empty_space][vc_btn title=&#8221;Pide cita y emprende con nosotras!&#8221; color=&#8221;warning&#8221; align=&#8221;center&#8221; link=&#8221;url:http%3A%2F%2Fbit.ly%2F3JcrLB1&#8243;][\/vc_column][\/vc_row]<\/p>\n<\/section>","protected":false},"excerpt":{"rendered":"<p>[vc_row][vc_column][vc_column_text]Existe una variable important\u00edsima que solemos dejar a un lado a lo largo del proceso emprendedor: las personas. Y como tal, tu propia gesti\u00f3n personal influye directamente en la gesti\u00f3n de tu propio negocio. Surge una idea, elaboras un plan y comienzas con la acci\u00f3n para llevarlo a cabo. Pero a veces, teniendo a\u00fan todo&#8230;<\/p>\n","protected":false},"author":10,"featured_media":49152,"comment_status":"closed","ping_status":"closed","sticky":false,"template":"","format":"standard","meta":{"footnotes":""},"categories":[374,278],"tags":[509,214,1377],"featured_image_thumbnail_url":"https:\/\/fg.ull.es\/noticias\/wp-content\/uploads\/sites\/2\/2021\/08\/people-2557396_1920-1-300x200.jpg","_links":{"self":[{"href":"https:\/\/fg.ull.es\/noticias\/wp-json\/wp\/v2\/posts\/49149"}],"collection":[{"href":"https:\/\/fg.ull.es\/noticias\/wp-json\/wp\/v2\/posts"}],"about":[{"href":"https:\/\/fg.ull.es\/noticias\/wp-json\/wp\/v2\/types\/post"}],"author":[{"embeddable":true,"href":"https:\/\/fg.ull.es\/noticias\/wp-json\/wp\/v2\/users\/10"}],"replies":[{"embeddable":true,"href":"https:\/\/fg.ull.es\/noticias\/wp-json\/wp\/v2\/comments?post=49149"}],"version-history":[{"count":6,"href":"https:\/\/fg.ull.es\/noticias\/wp-json\/wp\/v2\/posts\/49149\/revisions"}],"predecessor-version":[{"id":53828,"href":"https:\/\/fg.ull.es\/noticias\/wp-json\/wp\/v2\/posts\/49149\/revisions\/53828"}],"wp:featuredmedia":[{"embeddable":true,"href":"https:\/\/fg.ull.es\/noticias\/wp-json\/wp\/v2\/media\/49152"}],"wp:attachment":[{"href":"https:\/\/fg.ull.es\/noticias\/wp-json\/wp\/v2\/media?parent=49149"}],"wp:term":[{"taxonomy":"category","embeddable":true,"href":"https:\/\/fg.ull.es\/noticias\/wp-json\/wp\/v2\/categories?post=49149"},{"taxonomy":"post_tag","embeddable":true,"href":"https:\/\/fg.ull.es\/noticias\/wp-json\/wp\/v2\/tags?post=49149"}],"curies":[{"name":"wp","href":"https:\/\/api.w.org\/{rel}","templated":true}]}}