{"id":49083,"date":"2021-07-29T13:00:39","date_gmt":"2021-07-29T12:00:39","guid":{"rendered":"https:\/\/fg.ull.es\/noticias\/?p=49083"},"modified":"2021-07-29T13:00:39","modified_gmt":"2021-07-29T12:00:39","slug":"tercer-listado-provisional-de-la-convocatoria-de-seleccion-de-personal-tecnico-para-participar-en-el-proyecto-con-titulo-seguimiento-de-la-calidad-del-agua-depurada-en-los-puntos-de-suministr","status":"publish","type":"post","link":"https:\/\/fg.ull.es\/noticias\/2021\/07\/29\/tercer-listado-provisional-de-la-convocatoria-de-seleccion-de-personal-tecnico-para-participar-en-el-proyecto-con-titulo-seguimiento-de-la-calidad-del-agua-depurada-en-los-puntos-de-suministr\/","title":{"rendered":"Tercer listado provisional de la convocatoria de selecci\u00f3n de personal t\u00e9cnico para participar en el proyecto con t\u00edtulo \u201cSeguimiento de la calidad del agua depurada en los puntos de suministro de la Epel Balten. Anal\u00edtica del \u00e1rea sanitaria (2021BDE053)"},"content":{"rendered":"<section class=\"wpb-content-wrapper\"><p>[vc_row][vc_column][vc_column_text]<\/p>\n<h4>Se procede a publicar el tercer listado provisional de la convocatoria de selecci\u00f3n de personal t\u00e9cnico para participar en el proyecto con t\u00edtulo \u201cSeguimiento de la calidad del agua depurada en los puntos de suministro de la Epel Balten. Anal\u00edtica del \u00e1rea sanitaria (2021BDE053)<\/h4>\n<h4>El periodo de reclamaci\u00f3n se inicia el d\u00eda 29\/07\/2021 a las 13:00 horas y finaliza el pr\u00f3ximo 01\/08\/2021 a las 12:59 horas.<\/h4>\n<p>A partir de este momento, comienza el periodo de alegaciones que, en ning\u00fan caso, ser\u00e1 periodo de subsanaci\u00f3n de documentaci\u00f3n. Finalizado \u00e9ste, y resueltas \u00e9stas, se proceder\u00e1 a publicar el tercer listado definitivo.<\/p>\n<p>Las alegaciones \u00fanica y exclusivamente se podr\u00e1n presentar telem\u00e1ticamente al correo electr\u00f3nico seleccion@fg.ull.es y utilizando el siguiente documento normalizado: <a href=\"https:\/\/drive.google.com\/open?id=1XQRSS_QLBU1Z9C6XZnX-_4uTC4vvwihk\" target=\"_blank\" rel=\"noopener\">documento de alegaciones<\/a>.[\/vc_column_text][vc_empty_space][\/vc_column][\/vc_row][vc_row][vc_column width=&#8221;1\/2&#8243;][vc_column_text]<\/p>\n<p>Bases generales<\/p>\n<p>[\/vc_column_text][\/vc_column][vc_column width=&#8221;1\/2&#8243;][vc_btn title=&#8221;Descargar Bases Generales&#8221; style=&#8221;custom&#8221; custom_background=&#8221;#c2185b&#8221; custom_text=&#8221;#ffffff&#8221; shape=&#8221;square&#8221; align=&#8221;center&#8221; i_align=&#8221;right&#8221; i_icon_fontawesome=&#8221;fa fa-arrow-circle-o-down&#8221; button_block=&#8221;true&#8221; add_icon=&#8221;true&#8221; link=&#8221;url:https%3A%2F%2Fdrive.google.com%2Fopen%3Fid%3D15jAsbkOEJ4Ai8gpFcWNEOhDvomRvmgIQ||target:%20_blank|&#8221;][\/vc_column][\/vc_row][vc_row][vc_column][vc_separator][\/vc_column][\/vc_row][vc_row][vc_column width=&#8221;1\/2&#8243;][vc_column_text]<\/p>\n<p>Perfil singular<\/p>\n<p>[\/vc_column_text][\/vc_column][vc_column width=&#8221;1\/2&#8243;][vc_btn title=&#8221;Descargar Perfil Singular&#8221; style=&#8221;custom&#8221; custom_background=&#8221;#c2185b&#8221; custom_text=&#8221;#ffffff&#8221; shape=&#8221;square&#8221; align=&#8221;center&#8221; i_align=&#8221;right&#8221; i_icon_fontawesome=&#8221;&#8221; button_block=&#8221;true&#8221; add_icon=&#8221;true&#8221; link=&#8221;url:https%3A%2F%2Fdrive.google.com%2Ffile%2Fd%2F1sI5pEOsBN6lw_NwZN5osvtMWB092iTWv%2Fview%3Fusp%3Dsharing|target:_blank&#8221;][\/vc_column][\/vc_row][vc_row][vc_column][vc_separator][\/vc_column][\/vc_row][vc_row][vc_column width=&#8221;1\/2&#8243;][vc_column_text]Descargar listado[\/vc_column_text][\/vc_column][vc_column width=&#8221;1\/2&#8243;][vc_btn title=&#8221;Descargar aqu\u00ed&#8221; style=&#8221;custom&#8221; custom_background=&#8221;#d800a2&#8243; custom_text=&#8221;#ffffff&#8221; shape=&#8221;square&#8221; size=&#8221;lg&#8221; align=&#8221;center&#8221; i_align=&#8221;right&#8221; i_icon_fontawesome=&#8221;&#8221; button_block=&#8221;true&#8221; add_icon=&#8221;true&#8221; link=&#8221;url:https%3A%2F%2Fdrive.google.com%2Ffile%2Fd%2F16xJ2Kw_KTNFonWy2ieuNYJW5BS16R4ud%2Fview%3Fusp%3Dsharing|target:_blank&#8221;][\/vc_column][\/vc_row][vc_row][vc_column][vc_separator][\/vc_column][\/vc_row][vc_row][vc_column width=&#8221;1\/2&#8243;][vc_column_text]Documento de alegaciones[\/vc_column_text][\/vc_column][vc_column width=&#8221;1\/2&#8243;][vc_btn title=&#8221;Descargar aqu\u00ed&#8221; style=&#8221;custom&#8221; custom_background=&#8221;#000f82&#8243; custom_text=&#8221;#ffffff&#8221; shape=&#8221;square&#8221; size=&#8221;lg&#8221; align=&#8221;center&#8221; i_align=&#8221;right&#8221; i_icon_fontawesome=&#8221;fa fa-plus-circle&#8221; button_block=&#8221;true&#8221; add_icon=&#8221;true&#8221; link=&#8221;url:https%3A%2F%2Fdrive.google.com%2Ffile%2Fd%2F1XQRSS_QLBU1Z9C6XZnX-_4uTC4vvwihk%2Fview||target:%20_blank|&#8221;][\/vc_column][\/vc_row]<\/p>\n<\/section>","protected":false},"excerpt":{"rendered":"<p>[vc_row][vc_column][vc_column_text] Se procede a publicar el tercer listado provisional de la convocatoria de selecci\u00f3n de personal t\u00e9cnico para participar en el proyecto con t\u00edtulo \u201cSeguimiento de la calidad del agua depurada en los puntos de suministro de la Epel Balten. Anal\u00edtica del \u00e1rea sanitaria (2021BDE053) El periodo de reclamaci\u00f3n se inicia el d\u00eda 29\/07\/2021 a&#8230;<\/p>\n","protected":false},"author":5,"featured_media":0,"comment_status":"closed","ping_status":"closed","sticky":false,"template":"","format":"standard","meta":{"footnotes":""},"categories":[52,232],"tags":[],"featured_image_thumbnail_url":null,"_links":{"self":[{"href":"https:\/\/fg.ull.es\/noticias\/wp-json\/wp\/v2\/posts\/49083"}],"collection":[{"href":"https:\/\/fg.ull.es\/noticias\/wp-json\/wp\/v2\/posts"}],"about":[{"href":"https:\/\/fg.ull.es\/noticias\/wp-json\/wp\/v2\/types\/post"}],"author":[{"embeddable":true,"href":"https:\/\/fg.ull.es\/noticias\/wp-json\/wp\/v2\/users\/5"}],"replies":[{"embeddable":true,"href":"https:\/\/fg.ull.es\/noticias\/wp-json\/wp\/v2\/comments?post=49083"}],"version-history":[{"count":0,"href":"https:\/\/fg.ull.es\/noticias\/wp-json\/wp\/v2\/posts\/49083\/revisions"}],"wp:attachment":[{"href":"https:\/\/fg.ull.es\/noticias\/wp-json\/wp\/v2\/media?parent=49083"}],"wp:term":[{"taxonomy":"category","embeddable":true,"href":"https:\/\/fg.ull.es\/noticias\/wp-json\/wp\/v2\/categories?post=49083"},{"taxonomy":"post_tag","embeddable":true,"href":"https:\/\/fg.ull.es\/noticias\/wp-json\/wp\/v2\/tags?post=49083"}],"curies":[{"name":"wp","href":"https:\/\/api.w.org\/{rel}","templated":true}]}}