{"id":48416,"date":"2021-05-10T11:00:21","date_gmt":"2021-05-10T10:00:21","guid":{"rendered":"https:\/\/fg.ull.es\/noticias\/?p=48416"},"modified":"2021-05-10T11:00:21","modified_gmt":"2021-05-10T10:00:21","slug":"segundo-listado-definitivo-de-la-convocatoria-de-seleccion-de-personal-investigador-para-participar-en-proyectos-de-investigacion-sobre-actividad-funcional-del-cerebro-en-aplicaciones-de-interfaces-ce","status":"publish","type":"post","link":"https:\/\/fg.ull.es\/noticias\/2021\/05\/10\/segundo-listado-definitivo-de-la-convocatoria-de-seleccion-de-personal-investigador-para-participar-en-proyectos-de-investigacion-sobre-actividad-funcional-del-cerebro-en-aplicaciones-de-interfaces-ce\/","title":{"rendered":"Segundo listado definitivo de la convocatoria de selecci\u00f3n de personal investigador para participar en proyectos de investigaci\u00f3n sobre actividad funcional del cerebro en aplicaciones de interfaces cerebro m\u00e1quina (2021BDE025)."},"content":{"rendered":"<section class=\"wpb-content-wrapper\"><p>[vc_row][vc_column][vc_column_text]<\/p>\n<h4>Finalizado el periodo de alegaciones, se procede a publicar el segundo listado definitivo de la convocatoria de selecci\u00f3n de personal investigador para participar en proyectos de investigaci\u00f3n sobre actividad funcional del cerebro en aplicaciones de interfaces cerebro m\u00e1quina (2021BDE025).<\/h4>\n<p>Para la valoraci\u00f3n de todas y cada una de las candidaturas se ha tomado como fundamento lo especificado en:[\/vc_column_text][vc_empty_space][\/vc_column][\/vc_row][vc_row][vc_column width=&#8221;1\/2&#8243;][vc_column_text]<\/p>\n<p>Bases generales<\/p>\n<p>[\/vc_column_text][\/vc_column][vc_column width=&#8221;1\/2&#8243;][vc_btn title=&#8221;Descargar Bases Generales&#8221; style=&#8221;custom&#8221; custom_background=&#8221;#c2185b&#8221; custom_text=&#8221;#ffffff&#8221; shape=&#8221;square&#8221; align=&#8221;center&#8221; i_align=&#8221;right&#8221; i_icon_fontawesome=&#8221;fa fa-arrow-circle-o-down&#8221; button_block=&#8221;true&#8221; add_icon=&#8221;true&#8221; link=&#8221;url:https%3A%2F%2Fdrive.google.com%2Fopen%3Fid%3D15jAsbkOEJ4Ai8gpFcWNEOhDvomRvmgIQ||target:%20_blank|&#8221;][\/vc_column][\/vc_row][vc_row][vc_column][vc_separator][\/vc_column][\/vc_row][vc_row][vc_column width=&#8221;1\/2&#8243;][vc_column_text]<\/p>\n<p>Perfil singular<\/p>\n<p>[\/vc_column_text][\/vc_column][vc_column width=&#8221;1\/2&#8243;][vc_btn title=&#8221;Descargar Perfil Singular&#8221; style=&#8221;custom&#8221; custom_background=&#8221;#c2185b&#8221; custom_text=&#8221;#ffffff&#8221; shape=&#8221;square&#8221; align=&#8221;center&#8221; i_align=&#8221;right&#8221; i_icon_fontawesome=&#8221;&#8221; button_block=&#8221;true&#8221; add_icon=&#8221;true&#8221; link=&#8221;url:https%3A%2F%2Fdrive.google.com%2Ffile%2Fd%2F1Lxioz50te1C6osC34MeX3DExYgUXdSGz%2Fview%3Fusp%3Dsharing|target:_blank&#8221;][\/vc_column][\/vc_row][vc_row][vc_column][vc_separator][\/vc_column][\/vc_row][vc_row][vc_column width=&#8221;1\/2&#8243;][vc_column_text]Descargar listado[\/vc_column_text][\/vc_column][vc_column width=&#8221;1\/2&#8243;][vc_btn title=&#8221;Descargar aqu\u00ed&#8221; style=&#8221;custom&#8221; custom_background=&#8221;#d800a2&#8243; custom_text=&#8221;#ffffff&#8221; shape=&#8221;square&#8221; size=&#8221;lg&#8221; align=&#8221;center&#8221; i_align=&#8221;right&#8221; i_icon_fontawesome=&#8221;&#8221; button_block=&#8221;true&#8221; add_icon=&#8221;true&#8221; link=&#8221;url:https%3A%2F%2Fdrive.google.com%2Ffile%2Fd%2F1FyPE3Ss5P2G-xFThzePbONM_-8k570Qu%2Fview%3Fusp%3Dsharing|target:_blank&#8221;][\/vc_column][\/vc_row]<\/p>\n<\/section>","protected":false},"excerpt":{"rendered":"<p>[vc_row][vc_column][vc_column_text] Finalizado el periodo de alegaciones, se procede a publicar el segundo listado definitivo de la convocatoria de selecci\u00f3n de personal investigador para participar en proyectos de investigaci\u00f3n sobre actividad funcional del cerebro en aplicaciones de interfaces cerebro m\u00e1quina (2021BDE025). Para la valoraci\u00f3n de todas y cada una de las candidaturas se ha tomado como&#8230;<\/p>\n","protected":false},"author":5,"featured_media":0,"comment_status":"closed","ping_status":"closed","sticky":false,"template":"","format":"standard","meta":{"footnotes":""},"categories":[52,232],"tags":[],"featured_image_thumbnail_url":null,"_links":{"self":[{"href":"https:\/\/fg.ull.es\/noticias\/wp-json\/wp\/v2\/posts\/48416"}],"collection":[{"href":"https:\/\/fg.ull.es\/noticias\/wp-json\/wp\/v2\/posts"}],"about":[{"href":"https:\/\/fg.ull.es\/noticias\/wp-json\/wp\/v2\/types\/post"}],"author":[{"embeddable":true,"href":"https:\/\/fg.ull.es\/noticias\/wp-json\/wp\/v2\/users\/5"}],"replies":[{"embeddable":true,"href":"https:\/\/fg.ull.es\/noticias\/wp-json\/wp\/v2\/comments?post=48416"}],"version-history":[{"count":0,"href":"https:\/\/fg.ull.es\/noticias\/wp-json\/wp\/v2\/posts\/48416\/revisions"}],"wp:attachment":[{"href":"https:\/\/fg.ull.es\/noticias\/wp-json\/wp\/v2\/media?parent=48416"}],"wp:term":[{"taxonomy":"category","embeddable":true,"href":"https:\/\/fg.ull.es\/noticias\/wp-json\/wp\/v2\/categories?post=48416"},{"taxonomy":"post_tag","embeddable":true,"href":"https:\/\/fg.ull.es\/noticias\/wp-json\/wp\/v2\/tags?post=48416"}],"curies":[{"name":"wp","href":"https:\/\/api.w.org\/{rel}","templated":true}]}}