{"id":48359,"date":"2021-04-28T19:25:30","date_gmt":"2021-04-28T18:25:30","guid":{"rendered":"https:\/\/fg.ull.es\/noticias\/?p=48359"},"modified":"2021-04-28T19:25:30","modified_gmt":"2021-04-28T18:25:30","slug":"tercer-listado-definitivo-bolsa-de-empleo-tecnico-de-apoyo-a-estudiantes-con-necesidades-especificas-de-apoyo-educativo-2020bde020","status":"publish","type":"post","link":"https:\/\/fg.ull.es\/noticias\/2021\/04\/28\/tercer-listado-definitivo-bolsa-de-empleo-tecnico-de-apoyo-a-estudiantes-con-necesidades-especificas-de-apoyo-educativo-2020bde020\/","title":{"rendered":"Tercer listado definitivo Bolsa de empleo T\u00e9cnico de apoyo a estudiantes con necesidades espec\u00edficas de apoyo educativo (2020BDE020)"},"content":{"rendered":"<section class=\"wpb-content-wrapper\"><p>[vc_row][vc_column][vc_column_text]<\/p>\n<h4>Finalizado el periodo de alegaciones, se procede a publicar el tercer listado definitivo de baremaci\u00f3n de la prueba pr\u00e1ctica.\u00a0 Bolsa de empleo T\u00e9cnico de apoyo a estudiantes con necesidades espec\u00edficas de apoyo educativo (2020BDE020) de la Fundaci\u00f3n General Universidad de La Laguna.<\/h4>\n<p>Para la valoraci\u00f3n de todas y cada una de las candidaturas se ha tomado como fundamento lo especificado en:[\/vc_column_text][vc_empty_space][\/vc_column][\/vc_row][vc_row][vc_column width=&#8221;1\/2&#8243;][vc_column_text]<\/p>\n<p>Bases generales<\/p>\n<p>[\/vc_column_text][\/vc_column][vc_column width=&#8221;1\/2&#8243;][vc_btn title=&#8221;Descargar Bases Generales&#8221; style=&#8221;custom&#8221; custom_background=&#8221;#c2185b&#8221; custom_text=&#8221;#ffffff&#8221; shape=&#8221;square&#8221; align=&#8221;center&#8221; i_align=&#8221;right&#8221; i_icon_fontawesome=&#8221;&#8221; button_block=&#8221;true&#8221; add_icon=&#8221;true&#8221; link=&#8221;url:https%3A%2F%2Fdrive.google.com%2Ffile%2Fd%2F15jAsbkOEJ4Ai8gpFcWNEOhDvomRvmgIQ%2Fview|target:_blank&#8221;][\/vc_column][\/vc_row][vc_row][vc_column][vc_separator][\/vc_column][\/vc_row][vc_row][vc_column width=&#8221;1\/2&#8243;][vc_column_text]<\/p>\n<p>Perfil singular<\/p>\n<p>[\/vc_column_text][\/vc_column][vc_column width=&#8221;1\/2&#8243;][vc_btn title=&#8221;Descargar Perfil Singular&#8221; style=&#8221;custom&#8221; custom_background=&#8221;#c2185b&#8221; custom_text=&#8221;#ffffff&#8221; shape=&#8221;square&#8221; align=&#8221;center&#8221; i_align=&#8221;right&#8221; i_icon_fontawesome=&#8221;&#8221; button_block=&#8221;true&#8221; add_icon=&#8221;true&#8221; link=&#8221;url:https%3A%2F%2Fdrive.google.com%2Ffile%2Fd%2F1eX5Kc0U21mEUqcBX18Pm9nRj3rk0fm4D%2Fview%3Fusp%3Dsharing|target:_blank&#8221;][\/vc_column][\/vc_row][vc_row][vc_column][vc_separator][\/vc_column][\/vc_row][vc_row][vc_column width=&#8221;1\/2&#8243;][vc_column_text]Descargar listado[\/vc_column_text][\/vc_column][vc_column width=&#8221;1\/2&#8243;][vc_btn title=&#8221;Descargar aqu\u00ed&#8221; style=&#8221;custom&#8221; custom_background=&#8221;#d800a2&#8243; custom_text=&#8221;#ffffff&#8221; shape=&#8221;square&#8221; size=&#8221;lg&#8221; align=&#8221;center&#8221; i_align=&#8221;right&#8221; i_icon_fontawesome=&#8221;&#8221; button_block=&#8221;true&#8221; add_icon=&#8221;true&#8221; link=&#8221;url:https%3A%2F%2Fdrive.google.com%2Ffile%2Fd%2F1CPZIoOhf6rEbWWMbHBoLhq_LnQ79hz2v%2Fview%3Fusp%3Dsharing|target:_blank&#8221;][\/vc_column][\/vc_row]<\/p>\n<\/section>","protected":false},"excerpt":{"rendered":"<p>[vc_row][vc_column][vc_column_text] Finalizado el periodo de alegaciones, se procede a publicar el tercer listado definitivo de baremaci\u00f3n de la prueba pr\u00e1ctica.\u00a0 Bolsa de empleo T\u00e9cnico de apoyo a estudiantes con necesidades espec\u00edficas de apoyo educativo (2020BDE020) de la Fundaci\u00f3n General Universidad de La Laguna. Para la valoraci\u00f3n de todas y cada una de las candidaturas se&#8230;<\/p>\n","protected":false},"author":1,"featured_media":0,"comment_status":"closed","ping_status":"closed","sticky":false,"template":"","format":"standard","meta":{"footnotes":""},"categories":[52,232],"tags":[],"featured_image_thumbnail_url":null,"_links":{"self":[{"href":"https:\/\/fg.ull.es\/noticias\/wp-json\/wp\/v2\/posts\/48359"}],"collection":[{"href":"https:\/\/fg.ull.es\/noticias\/wp-json\/wp\/v2\/posts"}],"about":[{"href":"https:\/\/fg.ull.es\/noticias\/wp-json\/wp\/v2\/types\/post"}],"author":[{"embeddable":true,"href":"https:\/\/fg.ull.es\/noticias\/wp-json\/wp\/v2\/users\/1"}],"replies":[{"embeddable":true,"href":"https:\/\/fg.ull.es\/noticias\/wp-json\/wp\/v2\/comments?post=48359"}],"version-history":[{"count":0,"href":"https:\/\/fg.ull.es\/noticias\/wp-json\/wp\/v2\/posts\/48359\/revisions"}],"wp:attachment":[{"href":"https:\/\/fg.ull.es\/noticias\/wp-json\/wp\/v2\/media?parent=48359"}],"wp:term":[{"taxonomy":"category","embeddable":true,"href":"https:\/\/fg.ull.es\/noticias\/wp-json\/wp\/v2\/categories?post=48359"},{"taxonomy":"post_tag","embeddable":true,"href":"https:\/\/fg.ull.es\/noticias\/wp-json\/wp\/v2\/tags?post=48359"}],"curies":[{"name":"wp","href":"https:\/\/api.w.org\/{rel}","templated":true}]}}