{"id":47897,"date":"2021-02-12T14:22:26","date_gmt":"2021-02-12T14:22:26","guid":{"rendered":"https:\/\/fg.ull.es\/noticias\/?p=47897"},"modified":"2021-02-12T14:22:26","modified_gmt":"2021-02-12T14:22:26","slug":"convocatoria-de-seleccion-de-personal-con-perfil-administrativo-2021bde006","status":"publish","type":"post","link":"https:\/\/fg.ull.es\/noticias\/2021\/02\/12\/convocatoria-de-seleccion-de-personal-con-perfil-administrativo-2021bde006\/","title":{"rendered":"Convocatoria de selecci\u00f3n de personal con perfil administrativo (2021BDE006)"},"content":{"rendered":"<section class=\"wpb-content-wrapper\"><p>[vc_row][vc_column][vc_column_text]La oferta tiene por objeto cumplir con la cuota de reserva de puestos de trabajo para personas con discapacidad, recogida en el art\u00edculo 42 del RDL 1\/2013, de 29 de noviembre.<\/p>\n<p>El periodo de inscripci\u00f3n para la convocatoria de selecci\u00f3n de personal con perfil administrativo se inicia el d\u00eda 11\/02\/2021 y estar\u00e1 en difusi\u00f3n en la web del Servicio Canario de Empleo (SCE) por un periodo de al menos 5 d\u00edas.<\/p>\n<p>Las personas interesadas en participar en el proceso de selecci\u00f3n deben presentar su candidatura a trav\u00e9s del Servicio Canario de Empleo (SCE), con el\u00a0n\u00ba de oferta: 05-2021-001524, a trav\u00e9s del siguiente <strong><a href=\"https:\/\/www3.gobiernodecanarias.org\/empleo\/portal\/web\/sce\/servicios\/ofertas\/ofertas_empleo\/05.2021.001524\">enlace<\/a><\/strong><\/p>\n<h4><\/h4>\n<p>[\/vc_column_text][vc_empty_space][\/vc_column][\/vc_row][vc_row][vc_column width=&#8221;1\/2&#8243;][vc_column_text]<\/p>\n<h4><strong>Inscripci\u00f3n en la sede electr\u00f3nica:<\/strong><\/h4>\n<p>[\/vc_column_text][\/vc_column][vc_column width=&#8221;1\/2&#8243;][vc_btn title=&#8221;Inscripci\u00f3n aqu\u00ed&#8221; style=&#8221;custom&#8221; custom_background=&#8221;#da8a00&#8243; custom_text=&#8221;#ffffff&#8221; shape=&#8221;square&#8221; size=&#8221;lg&#8221; align=&#8221;center&#8221; i_align=&#8221;right&#8221; i_icon_fontawesome=&#8221;&#8221; button_block=&#8221;true&#8221; add_icon=&#8221;true&#8221; link=&#8221;url:https%3A%2F%2Fwww3.gobiernodecanarias.org%2Fempleo%2Fportal%2Fweb%2Fsce%2Fservicios%2Fofertas%2Fofertas_empleo%2F05.2021.001524|target:_blank&#8221;][\/vc_column][\/vc_row]<\/p>\n<\/section>","protected":false},"excerpt":{"rendered":"<p>[vc_row][vc_column][vc_column_text]La oferta tiene por objeto cumplir con la cuota de reserva de puestos de trabajo para personas con discapacidad, recogida en el art\u00edculo 42 del RDL 1\/2013, de 29 de noviembre. El periodo de inscripci\u00f3n para la convocatoria de selecci\u00f3n de personal con perfil administrativo se inicia el d\u00eda 11\/02\/2021 y estar\u00e1 en difusi\u00f3n en&#8230;<\/p>\n","protected":false},"author":5,"featured_media":0,"comment_status":"closed","ping_status":"closed","sticky":false,"template":"","format":"standard","meta":{"footnotes":""},"categories":[52,232],"tags":[],"featured_image_thumbnail_url":null,"_links":{"self":[{"href":"https:\/\/fg.ull.es\/noticias\/wp-json\/wp\/v2\/posts\/47897"}],"collection":[{"href":"https:\/\/fg.ull.es\/noticias\/wp-json\/wp\/v2\/posts"}],"about":[{"href":"https:\/\/fg.ull.es\/noticias\/wp-json\/wp\/v2\/types\/post"}],"author":[{"embeddable":true,"href":"https:\/\/fg.ull.es\/noticias\/wp-json\/wp\/v2\/users\/5"}],"replies":[{"embeddable":true,"href":"https:\/\/fg.ull.es\/noticias\/wp-json\/wp\/v2\/comments?post=47897"}],"version-history":[{"count":0,"href":"https:\/\/fg.ull.es\/noticias\/wp-json\/wp\/v2\/posts\/47897\/revisions"}],"wp:attachment":[{"href":"https:\/\/fg.ull.es\/noticias\/wp-json\/wp\/v2\/media?parent=47897"}],"wp:term":[{"taxonomy":"category","embeddable":true,"href":"https:\/\/fg.ull.es\/noticias\/wp-json\/wp\/v2\/categories?post=47897"},{"taxonomy":"post_tag","embeddable":true,"href":"https:\/\/fg.ull.es\/noticias\/wp-json\/wp\/v2\/tags?post=47897"}],"curies":[{"name":"wp","href":"https:\/\/api.w.org\/{rel}","templated":true}]}}