{"id":47757,"date":"2021-01-27T07:35:56","date_gmt":"2021-01-27T07:35:56","guid":{"rendered":"https:\/\/fg.ull.es\/noticias\/?p=47757"},"modified":"2021-01-27T07:35:56","modified_gmt":"2021-01-27T07:35:56","slug":"soal-proporciona-competencias-para-mejorar-su-busqueda-de-empleo-a-un-millar-de-personas-durante-todo-2020","status":"publish","type":"post","link":"https:\/\/fg.ull.es\/noticias\/2021\/01\/27\/soal-proporciona-competencias-para-mejorar-su-busqueda-de-empleo-a-un-millar-de-personas-durante-todo-2020\/","title":{"rendered":"Soal proporciona competencias para mejorar la b\u00fasqueda de empleo a un millar de personas durante todo 2020"},"content":{"rendered":"<section class=\"wpb-content-wrapper\"><p>[vc_row][vc_column][vc_column_text]<em><strong>El Servicio de Orientaci\u00f3n y Acompa\u00f1amiento Laboral ya tiene abierta su inscripci\u00f3n para quien desee potenciar las habilidades para la prospecci\u00f3n en el mercado de trabajo<\/strong><\/em><\/p>\n<p>El <a href=\"https:\/\/fg.ull.es\/empleo\/orientate-ull-servicio-de-orientacion-laboral\/\">Servicio de Orientaci\u00f3n y Acompa\u00f1amiento Laboral (SOAL)<\/a> de la Fundaci\u00f3n General de la Universidad de La Laguna atendi\u00f3 el pasado a\u00f1o a casi mil personas, que aprendieron a potenciar sus cualidades y habilidades, y adquirieron herramientas fundamentales para optimizar sus b\u00fasquedas de empleo. Las acciones est\u00e1n financiadas con fondos del Estado a trav\u00e9s del Servicio Canario de Empleo.<\/p>\n<p>Este es un proceso en varias fases que comienza con la evaluaci\u00f3n individual del nivel de empleabilidad de cada persona inscrita, de manera gratuita, en este programa. Una vez analizado el perfil, se asigna un recorrido de orientaci\u00f3n para potenciar las cualidades de la persona demandante, y se forma en determinadas herramientas que puedan resultar determinantes a la hora de conseguir el trabajo que desean.<\/p>\n<p>Para este nuevo a\u00f1o, ya est\u00e1 disponible la <a href=\"https:\/\/fg.ull.es\/gestionaue\/formularios\/index.php\/433893\/lang\/es\/newtest\/\">inscripci\u00f3n online<\/a> de este servicio que est\u00e1 dirigido a personas inscritas en el SCE, menores de 30 a\u00f1os (aunque no siempre), estudiantes o personas con titulaci\u00f3n universitaria; estudiantes o personas con titulaci\u00f3n de ciclos formativos de grado superior; o personas que est\u00e9n cursando o hayan obtenido un certificado de profesionalidad de nivel 3.<\/p>\n<p>Las personas que asistan a estos talleres disfrutar\u00e1n de una formaci\u00f3n din\u00e1mica y fundamentalmente pr\u00e1ctica. Adem\u00e1s, se fomentar\u00e1 la puesta en com\u00fan y el intercambio de impresiones y experiencias sobre las diferentes tem\u00e1ticas.<\/p>\n<p>Para esta semana ya hay previstos cuatro talleres que se centrar\u00e1n en las herramientas para la b\u00fasqueda de empleo, las actitudes a la hora de afrontar una entrevista de trabajo, c\u00f3mo elaborar una carta de presentaci\u00f3n o c\u00f3mo superar con \u00e9xito una prueba selectiva.[\/vc_column_text][\/vc_column][\/vc_row][vc_row][vc_column][vc_btn title=&#8221;SOAL&#8221; link=&#8221;url:https%3A%2F%2Ffg.ull.es%2Fempleo%2Forientate-ull-servicio-de-orientacion-laboral%2F|title:SOAL|target:_blank&#8221;][\/vc_column][\/vc_row][vc_row][vc_column][vc_btn title=&#8221;INSCRIPCI\u00d3N&#8221; link=&#8221;url:https%3A%2F%2Ffg.ull.es%2Fgestionaue%2Fformularios%2Findex.php%2F433893%2Flang%2Fes%2Fnewtest%2F|title:FORMULARIO%20DE%20INSCRIPCI%C3%93N|target:_blank&#8221;][\/vc_column][\/vc_row]<\/p>\n<\/section>","protected":false},"excerpt":{"rendered":"<p>[vc_row][vc_column][vc_column_text]El Servicio de Orientaci\u00f3n y Acompa\u00f1amiento Laboral ya tiene abierta su inscripci\u00f3n para quien desee potenciar las habilidades para la prospecci\u00f3n en el mercado de trabajo El Servicio de Orientaci\u00f3n y Acompa\u00f1amiento Laboral (SOAL) de la Fundaci\u00f3n General de la Universidad de La Laguna atendi\u00f3 el pasado a\u00f1o a casi mil personas, que aprendieron a&#8230;<\/p>\n","protected":false},"author":1,"featured_media":47758,"comment_status":"closed","ping_status":"closed","sticky":false,"template":"","format":"standard","meta":{"footnotes":""},"categories":[38,4,7],"tags":[250,697,179],"featured_image_thumbnail_url":"https:\/\/fg.ull.es\/noticias\/wp-content\/uploads\/sites\/2\/2021\/01\/Consejos-Genericos-Horiz-logos-4-1-300x157.jpg","_links":{"self":[{"href":"https:\/\/fg.ull.es\/noticias\/wp-json\/wp\/v2\/posts\/47757"}],"collection":[{"href":"https:\/\/fg.ull.es\/noticias\/wp-json\/wp\/v2\/posts"}],"about":[{"href":"https:\/\/fg.ull.es\/noticias\/wp-json\/wp\/v2\/types\/post"}],"author":[{"embeddable":true,"href":"https:\/\/fg.ull.es\/noticias\/wp-json\/wp\/v2\/users\/1"}],"replies":[{"embeddable":true,"href":"https:\/\/fg.ull.es\/noticias\/wp-json\/wp\/v2\/comments?post=47757"}],"version-history":[{"count":0,"href":"https:\/\/fg.ull.es\/noticias\/wp-json\/wp\/v2\/posts\/47757\/revisions"}],"wp:featuredmedia":[{"embeddable":true,"href":"https:\/\/fg.ull.es\/noticias\/wp-json\/wp\/v2\/media\/47758"}],"wp:attachment":[{"href":"https:\/\/fg.ull.es\/noticias\/wp-json\/wp\/v2\/media?parent=47757"}],"wp:term":[{"taxonomy":"category","embeddable":true,"href":"https:\/\/fg.ull.es\/noticias\/wp-json\/wp\/v2\/categories?post=47757"},{"taxonomy":"post_tag","embeddable":true,"href":"https:\/\/fg.ull.es\/noticias\/wp-json\/wp\/v2\/tags?post=47757"}],"curies":[{"name":"wp","href":"https:\/\/api.w.org\/{rel}","templated":true}]}}