{"id":47698,"date":"2021-01-19T13:36:47","date_gmt":"2021-01-19T13:36:47","guid":{"rendered":"https:\/\/fg.ull.es\/noticias\/?p=47698"},"modified":"2021-01-19T13:36:47","modified_gmt":"2021-01-19T13:36:47","slug":"rectificacion-de-la-convocatoria-de-una-bolsa-de-candidatos-y-candidatas-para-participar-a-traves-de-una-beca-de-investigacion-en-proyectos-del-laboratorio-igual-lab-en-el-marco-de-la-estrategia-canar","status":"publish","type":"post","link":"https:\/\/fg.ull.es\/noticias\/2021\/01\/19\/rectificacion-de-la-convocatoria-de-una-bolsa-de-candidatos-y-candidatas-para-participar-a-traves-de-una-beca-de-investigacion-en-proyectos-del-laboratorio-igual-lab-en-el-marco-de-la-estrategia-canar\/","title":{"rendered":"Rectificaci\u00f3n de la convocatoria de una bolsa de candidatos y candidatas para participar a trav\u00e9s de una beca de investigaci\u00f3n en proyectos del Laboratorio Igual Lab en el marco de la Estrategia Canaria de Transici\u00f3n Igualitaria (2021BDB002)"},"content":{"rendered":"<section class=\"wpb-content-wrapper\"><p>[vc_row][vc_column][vc_column_text]<\/p>\n<h4>Los proyectos del Laboratorio Igual Lab se enmarcan en el convenio de cooperaci\u00f3n suscrito entre la Consejer\u00eda de Derechos Sociales, Igualdad, Diversidad y Juventud y la Universidad de La Laguna para el desarrollo de investigaciones relacionadas con la Estrategia Canaria de Transici\u00f3n Igualitaria<\/h4>\n<h4>El periodo de inscripci\u00f3n se inici\u00f3 el d\u00eda 15\/01\/2021 y tras rectificaci\u00f3n de errores de la <a href=\"https:\/\/fg.ull.es\/noticias\/2021\/01\/15\/convocatoria-de-una-bolsa-de-candidatos-y-candidatas-para-participar-a-traves-de-una-beca-de-investigacion-en-proyectos-del-laboratorio-igual-lab-en-el-marco-de-la-estrategia-canaria-de-transicion-igu\/\">convocatoria publicada<\/a>, se ampl\u00eda el plazo para que finalice el pr\u00f3ximo 29\/01\/2021 a las 23:59 horas. Las personas interesadas en participar en el proceso de selecci\u00f3n deben presentar su candidatura desde la sede electr\u00f3nica de la Fundaci\u00f3n.<\/h4>\n<p>A trav\u00e9s de este medio se abre el proceso de inscripci\u00f3n.<\/p>\n<p>Las personas interesadas que cumplan los requisitos expuestos en las bases podr\u00e1n participar en el mismo.<\/p>\n<p>Para la inscripci\u00f3n es totalmente necesario el cumplimiento de los requisitos expuestos en las bases generales y perfil singular de la convocatoria que se presentan a continuaci\u00f3n[\/vc_column_text][vc_empty_space][\/vc_column][\/vc_row][vc_row][vc_column width=&#8221;1\/2&#8243;][vc_column_text]<\/p>\n<h4>Programa formativo<\/h4>\n<p>[\/vc_column_text][\/vc_column][vc_column width=&#8221;1\/2&#8243;][vc_btn title=&#8221;Descargar Programa Formativo&#8221; style=&#8221;custom&#8221; custom_background=&#8221;#c2185b&#8221; custom_text=&#8221;#ffffff&#8221; shape=&#8221;square&#8221; align=&#8221;center&#8221; i_align=&#8221;right&#8221; i_icon_fontawesome=&#8221;fa fa-arrow-circle-o-down&#8221; button_block=&#8221;true&#8221; add_icon=&#8221;true&#8221; link=&#8221;url:https%3A%2F%2Fdrive.google.com%2Ffile%2Fd%2F1SQB3QzBq_dL606-aweqkvtgCZn0be-3J%2Fview||target:%20_blank|&#8221;][\/vc_column][\/vc_row][vc_row][vc_column width=&#8221;1\/2&#8243;][vc_column_text]<\/p>\n<h4>Bases generales<\/h4>\n<p>[\/vc_column_text][\/vc_column][vc_column width=&#8221;1\/2&#8243;][vc_btn title=&#8221;Descargar Bases Generales&#8221; style=&#8221;custom&#8221; custom_background=&#8221;#c2185b&#8221; custom_text=&#8221;#ffffff&#8221; shape=&#8221;square&#8221; align=&#8221;center&#8221; i_align=&#8221;right&#8221; i_icon_fontawesome=&#8221;fa fa-arrow-circle-o-down&#8221; button_block=&#8221;true&#8221; add_icon=&#8221;true&#8221; link=&#8221;url:https%3A%2F%2Fdrive.google.com%2Ffile%2Fd%2F1zCWk-S4HIhAMNzqc-YUrnHQ54XY1-i14%2Fview||target:%20_blank|&#8221;][\/vc_column][\/vc_row][vc_row][vc_column][vc_separator][\/vc_column][\/vc_row][vc_row][vc_column width=&#8221;1\/2&#8243;][vc_column_text]<\/p>\n<h4>Perfil singular<\/h4>\n<p>[\/vc_column_text][\/vc_column][vc_column width=&#8221;1\/2&#8243;][vc_btn title=&#8221;Descargar Perfil Singular&#8221; style=&#8221;custom&#8221; custom_background=&#8221;#c2185b&#8221; custom_text=&#8221;#ffffff&#8221; shape=&#8221;square&#8221; align=&#8221;center&#8221; i_align=&#8221;right&#8221; i_icon_fontawesome=&#8221;&#8221; button_block=&#8221;true&#8221; add_icon=&#8221;true&#8221; link=&#8221;url:https%3A%2F%2Fdrive.google.com%2Ffile%2Fd%2F1vr10c9xUQWfqhim0Hg3Qq2m9_E9m2Nfp%2Fview%3Fusp%3Dsharing|target:_blank&#8221;][\/vc_column][\/vc_row][vc_row][vc_column][vc_separator][\/vc_column][\/vc_row][vc_row][vc_column width=&#8221;1\/2&#8243;][vc_column_text]<\/p>\n<h4><strong>Inscripci\u00f3n en la sede electr\u00f3nica:<\/strong><\/h4>\n<p>[\/vc_column_text][\/vc_column][vc_column width=&#8221;1\/2&#8243;][vc_btn title=&#8221;Inscripci\u00f3n aqu\u00ed&#8221; style=&#8221;custom&#8221; custom_background=&#8221;#da8a00&#8243; custom_text=&#8221;#ffffff&#8221; shape=&#8221;square&#8221; size=&#8221;lg&#8221; align=&#8221;center&#8221; i_align=&#8221;right&#8221; i_icon_fontawesome=&#8221;&#8221; button_block=&#8221;true&#8221; add_icon=&#8221;true&#8221; link=&#8221;url:https%3A%2F%2Fsede.fg.ull.es%2Fes%2Fempleo%2Fdetalle%2Fa21120007%2Fconvocatoria-becas-formativa-de-investigacion-agencia-universitaria-de-innovacion|target:_blank&#8221;][\/vc_column][\/vc_row]<\/p>\n<\/section>","protected":false},"excerpt":{"rendered":"<p>[vc_row][vc_column][vc_column_text] Los proyectos del Laboratorio Igual Lab se enmarcan en el convenio de cooperaci\u00f3n suscrito entre la Consejer\u00eda de Derechos Sociales, Igualdad, Diversidad y Juventud y la Universidad de La Laguna para el desarrollo de investigaciones relacionadas con la Estrategia Canaria de Transici\u00f3n Igualitaria El periodo de inscripci\u00f3n se inici\u00f3 el d\u00eda 15\/01\/2021 y tras&#8230;<\/p>\n","protected":false},"author":5,"featured_media":0,"comment_status":"closed","ping_status":"closed","sticky":false,"template":"","format":"standard","meta":{"footnotes":""},"categories":[52,232],"tags":[],"featured_image_thumbnail_url":null,"_links":{"self":[{"href":"https:\/\/fg.ull.es\/noticias\/wp-json\/wp\/v2\/posts\/47698"}],"collection":[{"href":"https:\/\/fg.ull.es\/noticias\/wp-json\/wp\/v2\/posts"}],"about":[{"href":"https:\/\/fg.ull.es\/noticias\/wp-json\/wp\/v2\/types\/post"}],"author":[{"embeddable":true,"href":"https:\/\/fg.ull.es\/noticias\/wp-json\/wp\/v2\/users\/5"}],"replies":[{"embeddable":true,"href":"https:\/\/fg.ull.es\/noticias\/wp-json\/wp\/v2\/comments?post=47698"}],"version-history":[{"count":0,"href":"https:\/\/fg.ull.es\/noticias\/wp-json\/wp\/v2\/posts\/47698\/revisions"}],"wp:attachment":[{"href":"https:\/\/fg.ull.es\/noticias\/wp-json\/wp\/v2\/media?parent=47698"}],"wp:term":[{"taxonomy":"category","embeddable":true,"href":"https:\/\/fg.ull.es\/noticias\/wp-json\/wp\/v2\/categories?post=47698"},{"taxonomy":"post_tag","embeddable":true,"href":"https:\/\/fg.ull.es\/noticias\/wp-json\/wp\/v2\/tags?post=47698"}],"curies":[{"name":"wp","href":"https:\/\/api.w.org\/{rel}","templated":true}]}}