{"id":47577,"date":"2020-12-22T12:23:15","date_gmt":"2020-12-22T12:23:15","guid":{"rendered":"https:\/\/fg.ull.es\/noticias\/?p=47577"},"modified":"2020-12-22T12:23:15","modified_gmt":"2020-12-22T12:23:15","slug":"cierre-durante-el-periodo-navideno-en-la-fundacion-general-de-la-universidad-de-la-laguna-2020","status":"publish","type":"post","link":"https:\/\/fg.ull.es\/noticias\/2020\/12\/22\/cierre-durante-el-periodo-navideno-en-la-fundacion-general-de-la-universidad-de-la-laguna-2020\/","title":{"rendered":"Cierre durante el per\u00edodo navide\u00f1o en la Fundaci\u00f3n General de la Universidad de La Laguna"},"content":{"rendered":"<section class=\"wpb-content-wrapper\"><p>[vc_row][vc_column][vc_column_text]<\/p>\n<h3><b>La Fundaci\u00f3n General de la ULL dejar\u00e1 de estar operativa entre el 29 de diciembre a las 21 horas y el 7 de enero de 2021 a las 6 horas<\/b><\/h3>\n<p><span style=\"font-weight: 400\">Las instalaciones de la Fundaci\u00f3n General permanecer\u00e1n cerradas y sus servicios se paralizar\u00e1n durante este periodo vacacional navide\u00f1o.<\/span><\/p>\n<p><span style=\"font-weight: 400\">Una iniciativa que se aplica desde el verano de 2012 en todos los centros y dependencias de la instituci\u00f3n acad\u00e9mica, a excepci\u00f3n de aquellas \u00e1reas que no pueden ver interrumpida su actividad normal, para reducir gastos y optimizar recursos.<\/span><\/p>\n<p><span style=\"font-weight: 400\">Acogi\u00e9ndose a este cierre integral, la Fundaci\u00f3n General permanecer\u00e1 completamente inactiva durante los d\u00edas referidos, lo que implica que no se desarrollar\u00e1n sus actividades formativas, los servicios de asesoramiento y la atenci\u00f3n en secretar\u00eda.<\/span><\/p>\n<p><span style=\"font-weight: 400\">Sin embargo, <\/span><b>se mantendr\u00e1 permanentemente atendida una cuenta de correo<\/b><span style=\"font-weight: 400\">, a disposici\u00f3n de los usuarios y usuarias de la Fundaci\u00f3n, que tendr\u00e1 como objetivo la gesti\u00f3n de eventuales incidencias. Se podr\u00e1 utilizar exclusivamente para comunicar casos de inminente urgencia o cualquier tipo de incidencia que requiera un tratamiento \u00e1gil.<\/span><\/p>\n<p><span style=\"font-weight: 400\">La direcci\u00f3n de esta cuenta de email es: <\/span><a href=\"mailto:cierre@fg.ull.es\"><b>cierre@fg.ull.es<\/b><\/a><span style=\"font-weight: 400\">.<\/span><\/p>\n<p>Recuerde que desde nuestra<a href=\"https:\/\/sede.fg.ull.es\/\"> sede electr\u00f3nica se pueden realizar tr\u00e1mites, consultas y matr\u00edculas<\/a>.[\/vc_column_text][\/vc_column][\/vc_row]<\/p>\n<\/section>","protected":false},"excerpt":{"rendered":"<p>[vc_row][vc_column][vc_column_text] La Fundaci\u00f3n General de la ULL dejar\u00e1 de estar operativa entre el 29 de diciembre a las 21 horas y el 7 de enero de 2021 a las 6 horas Las instalaciones de la Fundaci\u00f3n General permanecer\u00e1n cerradas y sus servicios se paralizar\u00e1n durante este periodo vacacional navide\u00f1o. Una iniciativa que se aplica desde&#8230;<\/p>\n","protected":false},"author":1,"featured_media":47580,"comment_status":"closed","ping_status":"closed","sticky":false,"template":"","format":"standard","meta":{"footnotes":""},"categories":[177,232,7],"tags":[],"featured_image_thumbnail_url":"https:\/\/fg.ull.es\/noticias\/wp-content\/uploads\/sites\/2\/2020\/12\/Cierre-por-periodo-Vacacional-Navidad-2020-1-300x169.jpg","_links":{"self":[{"href":"https:\/\/fg.ull.es\/noticias\/wp-json\/wp\/v2\/posts\/47577"}],"collection":[{"href":"https:\/\/fg.ull.es\/noticias\/wp-json\/wp\/v2\/posts"}],"about":[{"href":"https:\/\/fg.ull.es\/noticias\/wp-json\/wp\/v2\/types\/post"}],"author":[{"embeddable":true,"href":"https:\/\/fg.ull.es\/noticias\/wp-json\/wp\/v2\/users\/1"}],"replies":[{"embeddable":true,"href":"https:\/\/fg.ull.es\/noticias\/wp-json\/wp\/v2\/comments?post=47577"}],"version-history":[{"count":0,"href":"https:\/\/fg.ull.es\/noticias\/wp-json\/wp\/v2\/posts\/47577\/revisions"}],"wp:featuredmedia":[{"embeddable":true,"href":"https:\/\/fg.ull.es\/noticias\/wp-json\/wp\/v2\/media\/47580"}],"wp:attachment":[{"href":"https:\/\/fg.ull.es\/noticias\/wp-json\/wp\/v2\/media?parent=47577"}],"wp:term":[{"taxonomy":"category","embeddable":true,"href":"https:\/\/fg.ull.es\/noticias\/wp-json\/wp\/v2\/categories?post=47577"},{"taxonomy":"post_tag","embeddable":true,"href":"https:\/\/fg.ull.es\/noticias\/wp-json\/wp\/v2\/tags?post=47577"}],"curies":[{"name":"wp","href":"https:\/\/api.w.org\/{rel}","templated":true}]}}