{"id":47361,"date":"2020-01-22T08:39:02","date_gmt":"2020-01-22T08:39:02","guid":{"rendered":"https:\/\/fg.ull.es\/noticias\/?p=44950"},"modified":"2020-01-22T08:39:02","modified_gmt":"2020-01-22T08:39:02","slug":"la-fundacion-general-de-la-universidad-ofrece-una-formacion-el-proximo-23-de-enero-para-personas-emprendedoras-2","status":"publish","type":"post","link":"https:\/\/fg.ull.es\/noticias\/2020\/01\/22\/la-fundacion-general-de-la-universidad-ofrece-una-formacion-el-proximo-23-de-enero-para-personas-emprendedoras-2\/","title":{"rendered":"La Fundaci\u00f3n General de la Universidad de La Laguna realiza formaciones para personas emprendedoras"},"content":{"rendered":"<section class=\"wpb-content-wrapper\"><p>[vc_row][vc_column][vc_column_text]<\/p>\n<h4><span style=\"font-weight: 400\">La Unidad de Emprendimiento de la Fundaci\u00f3n General de la Universidad de La Laguna, conocida como\u00a0 de Emprende.ull, con vistas a la publicaci\u00f3n en el BOC de las subvenciones para el empleo aut\u00f3nomo 2020, ofreci\u00f3 ayer tarde, 23 de enero,\u00a0 una formaci\u00f3n centrada en esta materia a cargo de Jorge Padr\u00f3n Marrero. Uno de los objetivos de la formaci\u00f3n fue informar sobre certificados digitales. Se realiz\u00f3 en horario de 14:00 a 18:00 de la tarde y\u00a0 otro de los aspectos de la formaci\u00f3n fue formar a las personas con esp\u00edritu emprendedor sobre las distintas v\u00edas de financiaci\u00f3n que existen.<\/span><\/h4>\n<p><span style=\"font-weight: 400\">Aquellas personas que quieran convertirse en aut\u00f3nomas deben inscribirse en el<\/span><a href=\"http:\/\/www.seg-social.es\/wps\/portal\/wss\/internet\/Inicio\"><span style=\"font-weight: 400\"> R\u00e9gimen Especial de Trabajadores Aut\u00f3nomos (RETA)<\/span><\/a><span style=\"font-weight: 400\">.\u00a0<\/span><span style=\"font-weight: 400\">Se trata de un tr\u00e1mite que corresponde a cada comunidad aut\u00f3noma\u00a0 y gestionada por las Consejer\u00edas de Empleo y por el Servicio P\u00fablico de Empleo Estatal. Sin embargo, en algunas comunidades se deben dirigir al Servicio P\u00fablico de Empleo Estatal (SEP).<\/span><\/p>\n<h3><b>Recomendaciones para tramitar la Subvenci\u00f3n de Empleo Aut\u00f3nomo 2020\u00a0<\/b><\/h3>\n<p><span style=\"font-weight: 400\">Entre las entidades que ofrecen <strong>orientaci\u00f3n<\/strong> y altas de aut\u00f3nomos de forma gratuita se encuentra el Servicio de Emprendimiento de la Fundaci\u00f3n General de la Universidad de La Laguna.<\/span><\/p>\n<p>P<span style=\"font-weight: 400\">ara<a href=\"http:\/\/www.gobiernodecanarias.org\/boc\/2020\/018\/\"> solicitar la subvenci\u00f3n de empleo aut\u00f3nomo<\/a> se debe estar inscrito\/a como desempleado\/a en la correspondiente oficina de empleo, se debe solicitar la inscripci\u00f3n en el Servicio de Promoci\u00f3n en el <strong>Empleo Aut\u00f3nomo<\/strong> y estar dado\/a de alta como trabajador\/a\u00a0 aut\u00f3nomo.\u00a0<\/span><\/p>\n<p>Es importante recordar que<span style=\"font-weight: 400\"> la persona aut\u00f3noma deber\u00e1 tener un control sobre los gastos que incurra y todo tipo de facturas (fecha, direcci\u00f3n, CIF) ya que\u00a0 estas ayudas proceden de organismos p\u00fablicos o cofinanciados por Fondo Social Europeo. Por este motivo, es posible que se realice alg\u00fan tipo de inspecci\u00f3n para comprobar que los fondos se emplean de forma correcta.\u00a0\u00a0<\/span><\/p>\n<p><span style=\"font-weight: 400\"><a href=\"http:\/\/bit.ly\/2I5PFQc\"><img decoding=\"async\" loading=\"lazy\" class=\"alignnone wp-image-44034 size-full\" src=\"https:\/\/fg.ull.es\/noticias\/wp-content\/uploads\/sites\/2\/2018\/09\/CTAS_-5.jpg\" alt=\"\" width=\"2501\" height=\"855\" srcset=\"https:\/\/fg.ull.es\/noticias\/wp-content\/uploads\/sites\/2\/2018\/09\/CTAS_-5.jpg 2501w, https:\/\/fg.ull.es\/noticias\/wp-content\/uploads\/sites\/2\/2018\/09\/CTAS_-5-300x103.jpg 300w, https:\/\/fg.ull.es\/noticias\/wp-content\/uploads\/sites\/2\/2018\/09\/CTAS_-5-768x263.jpg 768w, https:\/\/fg.ull.es\/noticias\/wp-content\/uploads\/sites\/2\/2018\/09\/CTAS_-5-1024x350.jpg 1024w, https:\/\/fg.ull.es\/noticias\/wp-content\/uploads\/sites\/2\/2018\/09\/CTAS_-5-375x128.jpg 375w, https:\/\/fg.ull.es\/noticias\/wp-content\/uploads\/sites\/2\/2018\/09\/CTAS_-5-750x256.jpg 750w, https:\/\/fg.ull.es\/noticias\/wp-content\/uploads\/sites\/2\/2018\/09\/CTAS_-5-1140x390.jpg 1140w\" sizes=\"(max-width: 2501px) 100vw, 2501px\" \/><\/a><\/span><\/p>\n<p>&nbsp;<\/p>\n<h3><strong>Tipos de subvenciones para el empleo aut\u00f3nomo 2020<\/strong><\/h3>\n<p>Hay diversos tipos de <strong>subvenciones<\/strong> para el empleo aut\u00f3nomo. Entre ellas se encuentran las subvenciones financieras o de formaci\u00f3n.<\/p>\n<p><span style=\"font-weight: 400\">En el caso de la <\/span><b>subvenci\u00f3n financiera<\/b><span style=\"font-weight: 400\"> se pueden solicitar pr\u00e9stamos de hasta 10.000 euros en cualquier entidad financiera o banco. La cantidad debe estar dirigida a <\/span><span style=\"font-weight: 400\">financiar proyectos\u00a0 materiales e inmateriales, Adquisici\u00f3n de existencias, y realizaci\u00f3n de otros gastos necesarios para el inicio de la actividad.<\/span><span style=\"font-weight: 400\">\u00a0<\/span><span style=\"font-weight: 400\">En el caso de la <\/span><b>subvenci\u00f3n para la formaci\u00f3n<\/b><span style=\"font-weight: 400\">, se trata de una ayuda que <\/span><span style=\"font-weight: 400\">cubre el 75 % del coste total de los cursos y acciones formativas que hayas recibido, con el objetivo de <\/span><b>mejorar el funcionamiento de tu actividad empresarial<\/b><span style=\"font-weight: 400\">.<\/span><\/p>\n<p><a href=\"http:\/\/bit.ly\/2I5PFQc\"><strong>Si deseas tramitar, de forma gratuita, tu solicitud para la subvenci\u00f3n de promoci\u00f3n del empleo aut\u00f3nomo, puedes solicitar cita previa a trav\u00e9s del siguiente enlace<\/strong><\/a>.[\/vc_column_text][\/vc_column][\/vc_row][vc_row][vc_column][vc_empty_space][vc_btn title=&#8221;Cita gratuita para tramitar tu Subvenci\u00f3n de Promoci\u00f3n al Empleo Aut\u00f3nomo 2020&#8243; style=&#8221;3d&#8221; color=&#8221;warning&#8221; align=&#8221;center&#8221; link=&#8221;url:http%3A%2F%2Fbit.ly%2F2I5PFQc|||&#8221;][\/vc_column][\/vc_row]<\/p>\n<\/section>","protected":false},"excerpt":{"rendered":"<p>[vc_row][vc_column][vc_column_text] La Unidad de Emprendimiento de la Fundaci\u00f3n General de la Universidad de La Laguna, conocida como\u00a0 de Emprende.ull, con vistas a la publicaci\u00f3n en el BOC de las subvenciones para el empleo aut\u00f3nomo 2020, ofreci\u00f3 ayer tarde, 23 de enero,\u00a0 una formaci\u00f3n centrada en esta materia a cargo de Jorge Padr\u00f3n Marrero. Uno de&#8230;<\/p>\n","protected":false},"author":28,"featured_media":45022,"comment_status":"closed","ping_status":"closed","sticky":false,"template":"","format":"standard","meta":{"footnotes":""},"categories":[374,278,655],"tags":[1166,92,47,440],"featured_image_thumbnail_url":null,"_links":{"self":[{"href":"https:\/\/fg.ull.es\/noticias\/wp-json\/wp\/v2\/posts\/47361"}],"collection":[{"href":"https:\/\/fg.ull.es\/noticias\/wp-json\/wp\/v2\/posts"}],"about":[{"href":"https:\/\/fg.ull.es\/noticias\/wp-json\/wp\/v2\/types\/post"}],"author":[{"embeddable":true,"href":"https:\/\/fg.ull.es\/noticias\/wp-json\/wp\/v2\/users\/28"}],"replies":[{"embeddable":true,"href":"https:\/\/fg.ull.es\/noticias\/wp-json\/wp\/v2\/comments?post=47361"}],"version-history":[{"count":0,"href":"https:\/\/fg.ull.es\/noticias\/wp-json\/wp\/v2\/posts\/47361\/revisions"}],"wp:featuredmedia":[{"embeddable":true,"href":"https:\/\/fg.ull.es\/noticias\/wp-json\/"}],"wp:attachment":[{"href":"https:\/\/fg.ull.es\/noticias\/wp-json\/wp\/v2\/media?parent=47361"}],"wp:term":[{"taxonomy":"category","embeddable":true,"href":"https:\/\/fg.ull.es\/noticias\/wp-json\/wp\/v2\/categories?post=47361"},{"taxonomy":"post_tag","embeddable":true,"href":"https:\/\/fg.ull.es\/noticias\/wp-json\/wp\/v2\/tags?post=47361"}],"curies":[{"name":"wp","href":"https:\/\/api.w.org\/{rel}","templated":true}]}}