{"id":47190,"date":"2020-11-02T14:12:05","date_gmt":"2020-11-02T14:12:05","guid":{"rendered":"https:\/\/fg.ull.es\/noticias\/?p=47190"},"modified":"2020-11-02T14:12:05","modified_gmt":"2020-11-02T14:12:05","slug":"tercer-listado-definitivo-de-baremacion-de-la-prueba-practica-bolsa-de-empleo-para-participar-en-el-proyecto-de-reconstruccion-de-la-vegetacion-del-pasado-del-parque-nacional-del-teide-que-contempla","status":"publish","type":"post","link":"https:\/\/fg.ull.es\/noticias\/2020\/11\/02\/tercer-listado-definitivo-de-baremacion-de-la-prueba-practica-bolsa-de-empleo-para-participar-en-el-proyecto-de-reconstruccion-de-la-vegetacion-del-pasado-del-parque-nacional-del-teide-que-contempla\/","title":{"rendered":"Tercer listado definitivo de baremaci\u00f3n de la prueba pr\u00e1ctica. Bolsa de empleo para participar en el proyecto de reconstrucci\u00f3n de la vegetaci\u00f3n del pasado del Parque Nacional del Teide, que contempla un estudio paleoecol\u00f3gico destinado a la reconstrucci\u00f3n del ambiente pret\u00e9rito del Parque Nacional del Teide (2020BDE033)"},"content":{"rendered":"<section class=\"wpb-content-wrapper\"><p>[vc_row][vc_column][vc_column_text]<\/p>\n<h4>Finalizado el periodo de alegaciones, se procede a publicar el tercer listado definitivo de baremaci\u00f3n de la prueba pr\u00e1ctica. Bolsa de empleo para participar en el proyecto de reconstrucci\u00f3n de la vegetaci\u00f3n del pasado del Parque Nacional del Teide, que contempla un estudio paleoecol\u00f3gico destinado a la reconstrucci\u00f3n del ambiente pret\u00e9rito del Parque Nacional del Teide (2020BDE033)<\/h4>\n<p>Para la valoraci\u00f3n de todas y cada una de las candidaturas se ha tomado como fundamento lo especificado en:[\/vc_column_text][vc_empty_space][\/vc_column][\/vc_row][vc_row][vc_column width=&#8221;1\/2&#8243;][vc_column_text]<\/p>\n<p>Bases generales<\/p>\n<p>[\/vc_column_text][\/vc_column][vc_column width=&#8221;1\/2&#8243;][vc_btn title=&#8221;Descargar Bases Generales&#8221; style=&#8221;custom&#8221; custom_background=&#8221;#c2185b&#8221; custom_text=&#8221;#ffffff&#8221; shape=&#8221;square&#8221; align=&#8221;center&#8221; i_align=&#8221;right&#8221; i_icon_fontawesome=&#8221;fa fa-arrow-circle-o-down&#8221; button_block=&#8221;true&#8221; add_icon=&#8221;true&#8221; link=&#8221;url:https%3A%2F%2Fdrive.google.com%2Fopen%3Fid%3D15jAsbkOEJ4Ai8gpFcWNEOhDvomRvmgIQ||target:%20_blank|&#8221;][\/vc_column][\/vc_row][vc_row][vc_column][vc_separator][\/vc_column][\/vc_row][vc_row][vc_column width=&#8221;1\/2&#8243;][vc_column_text]<\/p>\n<p>Perfil singular<\/p>\n<p>[\/vc_column_text][\/vc_column][vc_column width=&#8221;1\/2&#8243;][vc_btn title=&#8221;Descargar Perfil Singular&#8221; style=&#8221;custom&#8221; custom_background=&#8221;#c2185b&#8221; custom_text=&#8221;#ffffff&#8221; shape=&#8221;square&#8221; align=&#8221;center&#8221; i_align=&#8221;right&#8221; i_icon_fontawesome=&#8221;&#8221; button_block=&#8221;true&#8221; add_icon=&#8221;true&#8221; link=&#8221;url:https%3A%2F%2Fdrive.google.com%2Ffile%2Fd%2F1YsJspDqTV-vr-_ts44uMhkNYCm6BZuIe%2Fview%3Fusp%3Dsharing|target:_blank&#8221;][\/vc_column][\/vc_row][vc_row][vc_column][vc_separator][\/vc_column][\/vc_row][vc_row][vc_column width=&#8221;1\/2&#8243;][vc_column_text]Descargar listado[\/vc_column_text][\/vc_column][vc_column width=&#8221;1\/2&#8243;][vc_btn title=&#8221;Descargar aqu\u00ed&#8221; style=&#8221;custom&#8221; custom_background=&#8221;#d800a2&#8243; custom_text=&#8221;#ffffff&#8221; shape=&#8221;square&#8221; size=&#8221;lg&#8221; align=&#8221;center&#8221; i_align=&#8221;right&#8221; i_icon_fontawesome=&#8221;&#8221; button_block=&#8221;true&#8221; add_icon=&#8221;true&#8221; link=&#8221;url:https%3A%2F%2Fdrive.google.com%2Ffile%2Fd%2F1CsFRHi5EBFvrLDT3JFByVw0JNCoyC5V9%2Fview%3Fusp%3Dsharing|target:_blank&#8221;][\/vc_column][\/vc_row]<\/p>\n<\/section>","protected":false},"excerpt":{"rendered":"<p>[vc_row][vc_column][vc_column_text] Finalizado el periodo de alegaciones, se procede a publicar el tercer listado definitivo de baremaci\u00f3n de la prueba pr\u00e1ctica. Bolsa de empleo para participar en el proyecto de reconstrucci\u00f3n de la vegetaci\u00f3n del pasado del Parque Nacional del Teide, que contempla un estudio paleoecol\u00f3gico destinado a la reconstrucci\u00f3n del ambiente pret\u00e9rito del Parque Nacional&#8230;<\/p>\n","protected":false},"author":5,"featured_media":0,"comment_status":"closed","ping_status":"closed","sticky":false,"template":"","format":"standard","meta":{"footnotes":""},"categories":[52,232],"tags":[],"featured_image_thumbnail_url":null,"_links":{"self":[{"href":"https:\/\/fg.ull.es\/noticias\/wp-json\/wp\/v2\/posts\/47190"}],"collection":[{"href":"https:\/\/fg.ull.es\/noticias\/wp-json\/wp\/v2\/posts"}],"about":[{"href":"https:\/\/fg.ull.es\/noticias\/wp-json\/wp\/v2\/types\/post"}],"author":[{"embeddable":true,"href":"https:\/\/fg.ull.es\/noticias\/wp-json\/wp\/v2\/users\/5"}],"replies":[{"embeddable":true,"href":"https:\/\/fg.ull.es\/noticias\/wp-json\/wp\/v2\/comments?post=47190"}],"version-history":[{"count":0,"href":"https:\/\/fg.ull.es\/noticias\/wp-json\/wp\/v2\/posts\/47190\/revisions"}],"wp:attachment":[{"href":"https:\/\/fg.ull.es\/noticias\/wp-json\/wp\/v2\/media?parent=47190"}],"wp:term":[{"taxonomy":"category","embeddable":true,"href":"https:\/\/fg.ull.es\/noticias\/wp-json\/wp\/v2\/categories?post=47190"},{"taxonomy":"post_tag","embeddable":true,"href":"https:\/\/fg.ull.es\/noticias\/wp-json\/wp\/v2\/tags?post=47190"}],"curies":[{"name":"wp","href":"https:\/\/api.w.org\/{rel}","templated":true}]}}