{"id":47055,"date":"2020-10-16T14:21:55","date_gmt":"2020-10-16T13:21:55","guid":{"rendered":"https:\/\/fg.ull.es\/noticias\/?p=47055"},"modified":"2020-10-16T14:21:55","modified_gmt":"2020-10-16T13:21:55","slug":"primer-listado-provisional-de-admitidos-excluidos-beca-formativa-de-investigacion-para-participar-en-estudio-sobre-el-comportamiento-ecofisiologico-de-un-palmeral-natural-seminatural-degradado-some","status":"publish","type":"post","link":"https:\/\/fg.ull.es\/noticias\/2020\/10\/16\/primer-listado-provisional-de-admitidos-excluidos-beca-formativa-de-investigacion-para-participar-en-estudio-sobre-el-comportamiento-ecofisiologico-de-un-palmeral-natural-seminatural-degradado-some\/","title":{"rendered":"Primer listado provisional de admitidos \/ exclu\u00eddos. Beca formativa de investigaci\u00f3n para participar en estudio sobre el comportamiento ecofisiol\u00f3gico de un palmeral Natural\/seminatural degradado sometido a t\u00e9cnicas agroecol\u00f3gicas para favorecer su naturalizaci\u00f3n y sostenibilidad (2020BDB007)."},"content":{"rendered":"<section class=\"wpb-content-wrapper\"><p>[vc_row][vc_column][vc_column_text]<\/p>\n<h4>Se procede a publicar el primer listado provisional de admitidos \/ exclu\u00eddos. Beca formativa de investigaci\u00f3n para participar en estudio sobre el comportamiento ecofisiol\u00f3gico de un palmeral Natural\/seminatural degradado sometido a t\u00e9cnicas agroecol\u00f3gicas para favorecer su naturalizaci\u00f3n y sostenibilidad (2020BDB007).<\/h4>\n<h4>El periodo de reclamaci\u00f3n se inicia el d\u00eda 16\/10\/2020 y finaliza el pr\u00f3ximo 20\/10\/2020 a las 23:59 horas.<\/h4>\n<p>&nbsp;<\/p>\n<p>[\/vc_column_text][vc_empty_space][\/vc_column][\/vc_row][vc_row][vc_column width=&#8221;1\/2&#8243;][vc_column_text]<\/p>\n<h4>Programa formativo<\/h4>\n<p>[\/vc_column_text][\/vc_column][vc_column width=&#8221;1\/2&#8243;][vc_btn title=&#8221;Descargar Programa Formativo&#8221; style=&#8221;custom&#8221; custom_background=&#8221;#c2185b&#8221; custom_text=&#8221;#ffffff&#8221; shape=&#8221;square&#8221; align=&#8221;center&#8221; i_align=&#8221;right&#8221; i_icon_fontawesome=&#8221;&#8221; button_block=&#8221;true&#8221; add_icon=&#8221;true&#8221; link=&#8221;url:https%3A%2F%2Fdrive.google.com%2Ffile%2Fd%2F1SQB3QzBq_dL606-aweqkvtgCZn0be-3J%2Fview|target:_blank&#8221;][\/vc_column][\/vc_row][vc_row][vc_column width=&#8221;1\/2&#8243;][vc_column_text]<\/p>\n<h4>Bases generales<\/h4>\n<p>[\/vc_column_text][\/vc_column][vc_column width=&#8221;1\/2&#8243;][vc_btn title=&#8221;Descargar Bases Generales&#8221; style=&#8221;custom&#8221; custom_background=&#8221;#c2185b&#8221; custom_text=&#8221;#ffffff&#8221; shape=&#8221;square&#8221; align=&#8221;center&#8221; i_align=&#8221;right&#8221; i_icon_fontawesome=&#8221;&#8221; button_block=&#8221;true&#8221; add_icon=&#8221;true&#8221; link=&#8221;url:https%3A%2F%2Fdrive.google.com%2Ffile%2Fd%2F1zCWk-S4HIhAMNzqc-YUrnHQ54XY1-i14%2Fview|target:_blank&#8221;][\/vc_column][\/vc_row][vc_row][vc_column][vc_separator][\/vc_column][\/vc_row][vc_row][vc_column width=&#8221;1\/2&#8243;][vc_column_text]<\/p>\n<h4>Perfil singular<\/h4>\n<p>[\/vc_column_text][\/vc_column][vc_column width=&#8221;1\/2&#8243;][vc_btn title=&#8221;Descargar Perfil Singular&#8221; style=&#8221;custom&#8221; custom_background=&#8221;#c2185b&#8221; custom_text=&#8221;#ffffff&#8221; shape=&#8221;square&#8221; align=&#8221;center&#8221; i_align=&#8221;right&#8221; i_icon_fontawesome=&#8221;&#8221; button_block=&#8221;true&#8221; add_icon=&#8221;true&#8221; link=&#8221;url:https%3A%2F%2Fdrive.google.com%2Ffile%2Fd%2F1d2udEqkGL9DNVQZxiWakpojzL83IKIco%2Fview%3Fusp%3Dsharing|target:_blank&#8221;][\/vc_column][\/vc_row][vc_row][vc_column][vc_separator][\/vc_column][\/vc_row][vc_row][vc_column width=&#8221;1\/2&#8243;][vc_column_text]<\/p>\n<h4><strong>Listado provisional<\/strong><\/h4>\n<p>[\/vc_column_text][\/vc_column][vc_column width=&#8221;1\/2&#8243;][vc_btn title=&#8221;Listado&#8221; style=&#8221;custom&#8221; custom_background=&#8221;#da8a00&#8243; custom_text=&#8221;#ffffff&#8221; shape=&#8221;square&#8221; size=&#8221;lg&#8221; align=&#8221;center&#8221; i_align=&#8221;right&#8221; i_icon_fontawesome=&#8221;&#8221; button_block=&#8221;true&#8221; add_icon=&#8221;true&#8221; link=&#8221;url:https%3A%2F%2Fdrive.google.com%2Ffile%2Fd%2F1U_8T5qzP_c40AfOfvh3OJrTuBBqmjXwS%2Fview%3Fusp%3Dsharing|target:_blank&#8221;][\/vc_column][\/vc_row]<\/p>\n<\/section>","protected":false},"excerpt":{"rendered":"<p>[vc_row][vc_column][vc_column_text] Se procede a publicar el primer listado provisional de admitidos \/ exclu\u00eddos. Beca formativa de investigaci\u00f3n para participar en estudio sobre el comportamiento ecofisiol\u00f3gico de un palmeral Natural\/seminatural degradado sometido a t\u00e9cnicas agroecol\u00f3gicas para favorecer su naturalizaci\u00f3n y sostenibilidad (2020BDB007). El periodo de reclamaci\u00f3n se inicia el d\u00eda 16\/10\/2020 y finaliza el pr\u00f3ximo 20\/10\/2020&#8230;<\/p>\n","protected":false},"author":5,"featured_media":0,"comment_status":"closed","ping_status":"closed","sticky":false,"template":"","format":"standard","meta":{"footnotes":""},"categories":[52,232],"tags":[],"featured_image_thumbnail_url":null,"_links":{"self":[{"href":"https:\/\/fg.ull.es\/noticias\/wp-json\/wp\/v2\/posts\/47055"}],"collection":[{"href":"https:\/\/fg.ull.es\/noticias\/wp-json\/wp\/v2\/posts"}],"about":[{"href":"https:\/\/fg.ull.es\/noticias\/wp-json\/wp\/v2\/types\/post"}],"author":[{"embeddable":true,"href":"https:\/\/fg.ull.es\/noticias\/wp-json\/wp\/v2\/users\/5"}],"replies":[{"embeddable":true,"href":"https:\/\/fg.ull.es\/noticias\/wp-json\/wp\/v2\/comments?post=47055"}],"version-history":[{"count":0,"href":"https:\/\/fg.ull.es\/noticias\/wp-json\/wp\/v2\/posts\/47055\/revisions"}],"wp:attachment":[{"href":"https:\/\/fg.ull.es\/noticias\/wp-json\/wp\/v2\/media?parent=47055"}],"wp:term":[{"taxonomy":"category","embeddable":true,"href":"https:\/\/fg.ull.es\/noticias\/wp-json\/wp\/v2\/categories?post=47055"},{"taxonomy":"post_tag","embeddable":true,"href":"https:\/\/fg.ull.es\/noticias\/wp-json\/wp\/v2\/tags?post=47055"}],"curies":[{"name":"wp","href":"https:\/\/api.w.org\/{rel}","templated":true}]}}