{"id":46729,"date":"2020-07-31T09:49:52","date_gmt":"2020-07-31T08:49:52","guid":{"rendered":"https:\/\/fg.ull.es\/noticias\/?p=46729"},"modified":"2020-07-31T09:49:52","modified_gmt":"2020-07-31T08:49:52","slug":"listado-de-personas-que-componen-la-bolsa-de-empleo-tecnico-a-soporte-pedagogico-en-plataformas-de-teleformacion-2020bde020","status":"publish","type":"post","link":"https:\/\/fg.ull.es\/noticias\/2020\/07\/31\/listado-de-personas-que-componen-la-bolsa-de-empleo-tecnico-a-soporte-pedagogico-en-plataformas-de-teleformacion-2020bde020\/","title":{"rendered":"Listado de personas que componen la bolsa de empleo T\u00e9cnico\/a soporte pedag\u00f3gico en plataformas de teleformaci\u00f3n (2020BDE020)"},"content":{"rendered":"<section class=\"wpb-content-wrapper\"><p>[vc_row][vc_column][vc_column_text]<\/p>\n<h4>Finalizado el periodo de alegaciones, se procede a publicar el listado definitivo de la convocatoria de selecci\u00f3n para una bolsa de empleo T\u00e9cnico\/a de soporte pedag\u00f3gico en plataformas de teleformaci\u00f3n (2020BDE020)<\/h4>\n<p>Para la valoraci\u00f3n de todas y cada una de las candidaturas, y de los futuros procesos, se ha tomado\/tomar\u00e1 como fundamento lo especificado en:[\/vc_column_text][vc_empty_space][\/vc_column][\/vc_row][vc_row][vc_column][vc_separator][\/vc_column][\/vc_row][vc_row][vc_column width=&#8221;1\/2&#8243;][vc_column_text]Descargar listado:[\/vc_column_text][\/vc_column][vc_column width=&#8221;1\/2&#8243;][vc_btn title=&#8221;Descargar aqu\u00ed &#8221; style=&#8221;custom&#8221; custom_background=&#8221;#d800a2&#8243; custom_text=&#8221;#ffffff&#8221; shape=&#8221;square&#8221; size=&#8221;lg&#8221; align=&#8221;center&#8221; i_align=&#8221;right&#8221; i_icon_fontawesome=&#8221;fa fa-plus-circle&#8221; button_block=&#8221;true&#8221; add_icon=&#8221;true&#8221; link=&#8221;url:https%3A%2F%2Fdrive.google.com%2Ffile%2Fd%2F1PFDUi_1senlwVvNVH2OuUszOzQWI0GTL%2Fview%3Fusp%3Dsharing|||&#8221;][\/vc_column][\/vc_row]<\/p>\n<\/section>","protected":false},"excerpt":{"rendered":"<p>[vc_row][vc_column][vc_column_text] Finalizado el periodo de alegaciones, se procede a publicar el listado definitivo de la convocatoria de selecci\u00f3n para una bolsa de empleo T\u00e9cnico\/a de soporte pedag\u00f3gico en plataformas de teleformaci\u00f3n (2020BDE020) Para la valoraci\u00f3n de todas y cada una de las candidaturas, y de los futuros procesos, se ha tomado\/tomar\u00e1 como fundamento lo especificado&#8230;<\/p>\n","protected":false},"author":1,"featured_media":0,"comment_status":"closed","ping_status":"closed","sticky":false,"template":"","format":"standard","meta":{"footnotes":""},"categories":[52,232],"tags":[],"featured_image_thumbnail_url":null,"_links":{"self":[{"href":"https:\/\/fg.ull.es\/noticias\/wp-json\/wp\/v2\/posts\/46729"}],"collection":[{"href":"https:\/\/fg.ull.es\/noticias\/wp-json\/wp\/v2\/posts"}],"about":[{"href":"https:\/\/fg.ull.es\/noticias\/wp-json\/wp\/v2\/types\/post"}],"author":[{"embeddable":true,"href":"https:\/\/fg.ull.es\/noticias\/wp-json\/wp\/v2\/users\/1"}],"replies":[{"embeddable":true,"href":"https:\/\/fg.ull.es\/noticias\/wp-json\/wp\/v2\/comments?post=46729"}],"version-history":[{"count":0,"href":"https:\/\/fg.ull.es\/noticias\/wp-json\/wp\/v2\/posts\/46729\/revisions"}],"wp:attachment":[{"href":"https:\/\/fg.ull.es\/noticias\/wp-json\/wp\/v2\/media?parent=46729"}],"wp:term":[{"taxonomy":"category","embeddable":true,"href":"https:\/\/fg.ull.es\/noticias\/wp-json\/wp\/v2\/categories?post=46729"},{"taxonomy":"post_tag","embeddable":true,"href":"https:\/\/fg.ull.es\/noticias\/wp-json\/wp\/v2\/tags?post=46729"}],"curies":[{"name":"wp","href":"https:\/\/api.w.org\/{rel}","templated":true}]}}