{"id":46666,"date":"2020-07-23T12:12:45","date_gmt":"2020-07-23T11:12:45","guid":{"rendered":"https:\/\/fg.ull.es\/noticias\/?p=46666"},"modified":"2020-07-23T12:12:45","modified_gmt":"2020-07-23T11:12:45","slug":"emprendeull-celebra-manana-su-final-sprint-segunda-edicion-anual-del-escaparate-para-la-comunidad-emprendedora","status":"publish","type":"post","link":"https:\/\/fg.ull.es\/noticias\/2020\/07\/23\/emprendeull-celebra-manana-su-final-sprint-segunda-edicion-anual-del-escaparate-para-la-comunidad-emprendedora\/","title":{"rendered":"Emprendeull celebra ma\u00f1ana su Final Sprint, segunda edici\u00f3n anual del escaparate para la comunidad emprendedora"},"content":{"rendered":"<section class=\"wpb-content-wrapper\"><p>[vc_row][vc_column][vc_column_text]<\/p>\n<h3>Diez empresarios y empresarias asesorados por la unidad de Emprendimiento de la Fundaci\u00f3n General de la Universidad de La Laguna expondr\u00e1n sus proyectos como colof\u00f3n a su itinerario de asesoramiento<\/h3>\n<p>El servicio de asesoramiento gratuito para la comunidad emprendedora, <a href=\"https:\/\/fg.ull.es\/empleo\/emprende-ull\/\">Emprendeull<\/a>, que ofrece sus servicios a trav\u00e9s de la Fundaci\u00f3n General de la Universidad de La Laguna, celebra este viernes, 24 de julio, un nuevo encuentro final con las personas que han venido desarrollando su proyecto en el servicio, con el asesoramiento del personal t\u00e9cnico de la Fundaci\u00f3n. Esta es la culminaci\u00f3n de un itinerario de asesoramiento en el que las personas inscritas en el servicio reciben todo tipo de formaci\u00f3n para llevar a cabo su proyecto emprendedor con \u00e9xito. Es el escaparate en el que se muestra el resultado final de las sesiones y seminarios en temas tan relevantes como la <a href=\"https:\/\/fg.ull.es\/noticias\/2020\/03\/31\/la-herramienta-de-las-personas-que-disenan-aplicada-al-emprendimiento\/\">estrategia y planificaci\u00f3n<\/a> -impartido por <a href=\"https:\/\/www.linkedin.com\/in\/sonia-garcia-fari%C3%B1a\/\">Sonia Garc\u00eda<\/a>, de Senet Consultores-, el <a href=\"https:\/\/fg.ull.es\/noticias\/2020\/07\/17\/la-importancia-del-diseno-de-marca\/\">dise\u00f1o y branding<\/a>, impartido por Rebeca White; la <a href=\"https:\/\/fg.ull.es\/noticias\/2020\/06\/09\/la-influencia-de-las-emociones-en-el-proceso-emprendedor-primera-parte\/\">mentalidad emprendedora<\/a> por <a href=\"https:\/\/www.linkedin.com\/in\/daida-hern%C3%A1ndez-714666165\/\">Daida Hern\u00e1ndez<\/a>, Beflow Psicolog\u00eda; <a href=\"https:\/\/fg.ull.es\/noticias\/2020\/05\/07\/kit-rapido-para-trabajar-en-remoto-primera-parte\/\">metodolog\u00edas \u00e1giles<\/a>, un tema abordado por <a href=\"https:\/\/www.linkedin.com\/in\/carlosjonayss\/\">Carlos Jonay Su\u00e1rez<\/a>; <a href=\"https:\/\/fg.ull.es\/noticias\/2020\/01\/22\/la-fundacion-general-de-la-universidad-ofrece-una-formacion-el-proximo-23-de-enero-para-personas-emprendedoras\/\">Subvenciones actuales<\/a>, por <a href=\"https:\/\/www.linkedin.com\/in\/jpadronmarrero\/\">Jorge Padr\u00f3n<\/a>; inbound marketing, por <a href=\"https:\/\/www.linkedin.com\/in\/josue-hernandez-suarez\/\">Josu\u00e9 Hern\u00e1nde<\/a>z, de Alegando Magazine y Agencia de marketing digital; creaci\u00f3n e incentivos de equipos y negociaci\u00f3n, por <a href=\"https:\/\/www.prunelltalentinmotion.com\/\">David Prunell Friend,<\/a>\u00a0de Prunell Talent and Motion; <a href=\"https:\/\/es.linkedin.com\/in\/jfrechin\">publicidad en redes sociales<\/a>, por Jos\u00e9 Frech\u00edn de M\u00e9triz Canarias; Storytelling y pitch de <a href=\"https:\/\/www.facebook.com\/fabio.g.torres\">Fabio Gonz\u00e1lez Torres<\/a> y <a href=\"https:\/\/www.linkedin.com\/in\/diego-alejandro-gonz%C3%A1lez-reinfeld-74294ba6\/\">Diego G. Reinfeld<\/a>; y, finalmente, creaci\u00f3n de marca, viabilidad y financiaci\u00f3n por el equipo de Emprendeull, <a href=\"https:\/\/www.linkedin.com\/in\/montsant-cabrera-argany\/\">Montsant Cabrera Argany<\/a> y <a href=\"https:\/\/www.linkedin.com\/in\/rumenjustoreyes\/\">Rum\u00e9n Justo Reyes<\/a>, respectivamente.<\/p>\n<p>El encuentro, denominado Final Sprint 2 por ser la segunda edici\u00f3n del a\u00f1o de esta mini feria de las oportunidades emprendedoras, tendr\u00e1 lugar ma\u00f1ana viernes, 24 de julio, a partir de las 10 de la ma\u00f1ana a trav\u00e9s de este enlace de <a href=\"http:\/\/meet.google.com\/pap-oudk-oex\">Google Meet<\/a>. La programaci\u00f3n comenzar\u00e1 con la presentaci\u00f3n de Leopolodo Benjumea, director de la Agencia de Empleo de la Fundaci\u00f3n General de la Universidad de La Laguna, y Samuel Reyes, coordinador de la unidad de Emprendeull. Posteriormente intervendr\u00e1n tres socios fundadores o CEOs de empresas referentes, que tendr\u00e1n un espacio para exponer c\u00f3mo es <strong>emprender con una start up<\/strong>, por Oscar Luengo Barrera, socio fundador de <a href=\"https:\/\/www.robinrover.io\/\">Robin Rover<\/a>, empresa creada en base a una app donde el activo es la informaci\u00f3n, respetando la privacidad; <strong>emprender a nivel internacional<\/strong>, una charla que ofrecer\u00e1 el l\u00edder del programa en partnership en Latinoam\u00e9rica &#8211; <a href=\"https:\/\/bridgeforbillions.org\/\">Bridges For Billions<\/a> Sebast\u00edan Beeche, que explicar\u00e1 el programa de partenariado para que todas las personas tuvieran acceso al emprendimiento en cualquier parte del mundo; y por \u00faltimo,<strong> \u00bfC\u00f3mo no hacer marketing digital? 5 errores frecuentes entre emprendedores<\/strong>, una charla de Jonatan S\u00e1nchez Mart\u00edn, uno de sus socios fundadores de <a href=\"https:\/\/www.miqo.es\/\">MIQO,<\/a> consultora de marketing digital centrada en el <em>bootstrapping<\/em> y que incidir\u00e1 en c\u00f3mo han podido adaptarse a las oportunidades que ha ofrecido el mercado en este tiempo.<\/p>\n<p>Tras esto, emprendedores y emprendedoras relacionadas con gastronom\u00eda, educaci\u00f3n emocional, deportes, ecolog\u00eda, sostenibilidad, reciclaje, atenci\u00f3n educativa temprana y turismo, tendr\u00e1n sus dos minutos para presentar sus proyectos y productos. Ser\u00e1n:<\/p>\n<p><a href=\"https:\/\/kilometrosverdes.es\/\">Kil\u00f3metros Verdes<\/a> (Club eco social y deportivo), <a href=\"https:\/\/lanatureevents.com\/\">La Nature Events<\/a> (Dise\u00f1o y planificaci\u00f3n de eventos sostenibles), <a href=\"https:\/\/www.instagram.com\/imiyagiselle\/\">La Edad de Oro<\/a> (Atenci\u00f3n educativa temprana), <a href=\"https:\/\/www.facebook.com\/Comidavivaecochefkalo\/\">Eco Chef Kalo<\/a> ( Cocinero y asesor gastron\u00f3mico), <a href=\"https:\/\/www.flamencotrips.com\/\">Flamenco Trips<\/a> (Rutas tur\u00edsticas), <a href=\"https:\/\/jumpintofreedom.com\/\">Jump Into Freedom<\/a> (Trabajo y voluntariado en el extranjero), <a href=\"https:\/\/www.bk97studio.com\/\">BK 97 STUDIO<\/a> (Productora audiovisual y de marketing digital), <a href=\"https:\/\/www.decacross.com\/\">Decacross<\/a> (Centro de entrenamiento deportivo que incluye Les Mills), <a href=\"https:\/\/biotenerife.org\/\">Biotenerife<\/a> (Plataforma de productores ecol\u00f3gicos de Tenerife) y <a href=\"https:\/\/peggoplay.es\/\">PeggoPlay<\/a> (Herramientas para la educaci\u00f3n emocional).<\/p>\n<p>Final Sprint 2 tiene como patrocinadores y colaboradores a empresas y asociaciones relacionadas con objetivos de fomento al emprendimiento a la <a href=\"https:\/\/www.ull.es\/catedras\/catedra-jovenes-emprendedores\/\">C\u00e1tedra Disa de J\u00f3venes Emprendedores<\/a>, el comercio de cercan\u00eda y la sostenibilidad, como <a href=\"https:\/\/www.lacasitadebelen.com\/\">La Casita de Bel\u00e9n<\/a>, el canal de comunicaci\u00f3n de un negocio como <a href=\"http:\/\/www.rcampus.net\/\">Radio Campus<\/a>, la importancia del <em>bootstrapping<\/em> como <a href=\"https:\/\/www.miqo.es\/\">MIQO<\/a>, el turismo desde el asociacionismo como <a href=\"https:\/\/www.ashotel.es\/\">Ashotel<\/a>, la mentor\u00eda como en <strong>Red Estratategia Asesor\u00eda y Gestor\u00eda<\/strong>, los deportes en la naturaleza como <a href=\"https:\/\/tato-surf.com\/\">Tato Surf Board<\/a>, la comunicaci\u00f3n y generaci\u00f3n de ideas para emprendedoras\/es de <a href=\"https:\/\/www.tuvity.es\/\">Tuvity<\/a> o la generaci\u00f3n de comunidades canarias como con <a href=\"https:\/\/peaklandstore.com\/\">Peakland<\/a>[\/vc_column_text][\/vc_column][\/vc_row][vc_row][vc_column][vc_btn title=&#8221;Accede a la sala de Google Meet&#8221; color=&#8221;warning&#8221; css_animation=&#8221;bounceInDown&#8221; link=&#8221;url:http%3A%2F%2Fmeet.google.com%2Fpap-oudk-oex||target:%20_blank|&#8221;][vc_btn title=&#8221;Inscr\u00edbete en Emprendeull&#8221; color=&#8221;warning&#8221; css_animation=&#8221;bounceInDown&#8221; link=&#8221;url:https%3A%2F%2Ffg.ull.es%2Fempleo%2Femprende-ull%2F||target:%20_blank|&#8221;][\/vc_column][\/vc_row]<\/p>\n<\/section>","protected":false},"excerpt":{"rendered":"<p>[vc_row][vc_column][vc_column_text] Diez empresarios y empresarias asesorados por la unidad de Emprendimiento de la Fundaci\u00f3n General de la Universidad de La Laguna expondr\u00e1n sus proyectos como colof\u00f3n a su itinerario de asesoramiento El servicio de asesoramiento gratuito para la comunidad emprendedora, Emprendeull, que ofrece sus servicios a trav\u00e9s de la Fundaci\u00f3n General de la Universidad de&#8230;<\/p>\n","protected":false},"author":1,"featured_media":46667,"comment_status":"closed","ping_status":"closed","sticky":false,"template":"","format":"standard","meta":{"footnotes":""},"categories":[38,374,278,4,7],"tags":[249,647,92,1279],"featured_image_thumbnail_url":"https:\/\/fg.ull.es\/noticias\/wp-content\/uploads\/sites\/2\/2020\/07\/PANTALLA-Final-sprint-2-Emprende-3-1-300x169.jpg","_links":{"self":[{"href":"https:\/\/fg.ull.es\/noticias\/wp-json\/wp\/v2\/posts\/46666"}],"collection":[{"href":"https:\/\/fg.ull.es\/noticias\/wp-json\/wp\/v2\/posts"}],"about":[{"href":"https:\/\/fg.ull.es\/noticias\/wp-json\/wp\/v2\/types\/post"}],"author":[{"embeddable":true,"href":"https:\/\/fg.ull.es\/noticias\/wp-json\/wp\/v2\/users\/1"}],"replies":[{"embeddable":true,"href":"https:\/\/fg.ull.es\/noticias\/wp-json\/wp\/v2\/comments?post=46666"}],"version-history":[{"count":0,"href":"https:\/\/fg.ull.es\/noticias\/wp-json\/wp\/v2\/posts\/46666\/revisions"}],"wp:featuredmedia":[{"embeddable":true,"href":"https:\/\/fg.ull.es\/noticias\/wp-json\/wp\/v2\/media\/46667"}],"wp:attachment":[{"href":"https:\/\/fg.ull.es\/noticias\/wp-json\/wp\/v2\/media?parent=46666"}],"wp:term":[{"taxonomy":"category","embeddable":true,"href":"https:\/\/fg.ull.es\/noticias\/wp-json\/wp\/v2\/categories?post=46666"},{"taxonomy":"post_tag","embeddable":true,"href":"https:\/\/fg.ull.es\/noticias\/wp-json\/wp\/v2\/tags?post=46666"}],"curies":[{"name":"wp","href":"https:\/\/api.w.org\/{rel}","templated":true}]}}