{"id":46565,"date":"2020-07-14T15:01:38","date_gmt":"2020-07-14T14:01:38","guid":{"rendered":"https:\/\/fg.ull.es\/noticias\/?p=46565"},"modified":"2020-07-14T15:01:38","modified_gmt":"2020-07-14T14:01:38","slug":"46565","status":"publish","type":"post","link":"https:\/\/fg.ull.es\/noticias\/2020\/07\/14\/46565\/","title":{"rendered":"Primer listado definitivo de admitidos\/exclu\u00eddos. Bolsa de empleo para el\u00a0servicio consistente en \u201cSeguimiento de especies y h\u00e1bitats indicadores de cambio clim\u00e1tico a largo plazo en el archipi\u00e9lago canario\u201d de la Fundaci\u00f3n General Universidad de La Laguna (2020BDE014\/2020BDE015)"},"content":{"rendered":"<section class=\"wpb-content-wrapper\"><p>[vc_row][vc_column][vc_column_text]<\/p>\n<h4>Finalizado el periodo de alegaciones, se procede a publicar el primer listado definitivo de admitidos\/exclu\u00eddos. Bolsa de empleo para el\u00a0servicio consistente en \u201cSeguimiento de especies y h\u00e1bitats indicadores de cambio clim\u00e1tico a largo plazo en el archipi\u00e9lago canario\u201d de la Fundaci\u00f3n General Universidad de La Laguna (2020BDE014\/2020BDE015)<\/h4>\n<p>Para la valoraci\u00f3n de todas y cada una de las candidaturas se ha tomado como fundamento lo especificado en:[\/vc_column_text][vc_empty_space][\/vc_column][\/vc_row][vc_row][vc_column width=&#8221;1\/2&#8243;][vc_column_text]<\/p>\n<p>Bases generales<\/p>\n<p>[\/vc_column_text][\/vc_column][vc_column width=&#8221;1\/2&#8243;][vc_btn title=&#8221;Descargar Bases Generales&#8221; style=&#8221;custom&#8221; custom_background=&#8221;#c2185b&#8221; custom_text=&#8221;#ffffff&#8221; shape=&#8221;square&#8221; align=&#8221;center&#8221; i_align=&#8221;right&#8221; i_icon_fontawesome=&#8221;fa fa-arrow-circle-o-down&#8221; button_block=&#8221;true&#8221; add_icon=&#8221;true&#8221; link=&#8221;url:https%3A%2F%2Fdrive.google.com%2Fopen%3Fid%3D15jAsbkOEJ4Ai8gpFcWNEOhDvomRvmgIQ||target:%20_blank|&#8221;][\/vc_column][\/vc_row][vc_row][vc_column][vc_separator][\/vc_column][\/vc_row][vc_row][vc_column width=&#8221;1\/2&#8243;][vc_column_text]<\/p>\n<p>Perfil singular<\/p>\n<p>[\/vc_column_text][\/vc_column][vc_column width=&#8221;1\/2&#8243;][vc_btn title=&#8221;Descargar Perfil Singular BI\u00d3LOGO\/A EXPERTO\/A EN COMUNIDADES MARINAS- 2020BDE014&#8243; style=&#8221;custom&#8221; custom_background=&#8221;#c2185b&#8221; custom_text=&#8221;#ffffff&#8221; shape=&#8221;square&#8221; align=&#8221;center&#8221; i_align=&#8221;right&#8221; i_icon_fontawesome=&#8221;fa fa-file-pdf-o&#8221; button_block=&#8221;true&#8221; add_icon=&#8221;true&#8221; link=&#8221;url:https%3A%2F%2Fdrive.google.com%2Ffile%2Fd%2F1DoFGXaHh3doVDZ6SGifNS2S5AyvioyPd%2Fview%3Fusp%3Dsharing||target:%20_blank|&#8221;][\/vc_column][\/vc_row][vc_row][vc_column width=&#8221;1\/2&#8243;][vc_column_text]<\/p>\n<p>Perfil singular<\/p>\n<p>[\/vc_column_text][\/vc_column][vc_column width=&#8221;1\/2&#8243;][vc_btn title=&#8221;Descargar Perfil Singular GRADUADO\/A EN BIOLOG\u00cdA, CIENCIAS DEL MAR O CIENCIAS AMBIENTALES CON CONOCIMIENTOS EN COMUNIDADES MARINAS \u2013 2020BDE015&#8243; style=&#8221;custom&#8221; custom_background=&#8221;#c2185b&#8221; custom_text=&#8221;#ffffff&#8221; shape=&#8221;square&#8221; align=&#8221;center&#8221; i_align=&#8221;right&#8221; i_icon_fontawesome=&#8221;fa fa-file-pdf-o&#8221; button_block=&#8221;true&#8221; add_icon=&#8221;true&#8221; link=&#8221;url:https%3A%2F%2Fdrive.google.com%2Ffile%2Fd%2F1URgS6K0V5t6ozLRsM8JxgCU3QOVCDKRr%2Fview%3Fusp%3Dsharing||target:%20_blank|&#8221;][\/vc_column][\/vc_row][vc_row][vc_column][vc_separator][\/vc_column][\/vc_row][vc_row][vc_column width=&#8221;1\/2&#8243;][vc_column_text]Descargar listado[\/vc_column_text][\/vc_column][vc_column width=&#8221;1\/2&#8243;][vc_btn title=&#8221;Descargar Listado BI\u00d3LOGO\/A EXPERTO\/A EN COMUNIDADES MARINAS- 2020BDE014&#8243; style=&#8221;custom&#8221; custom_background=&#8221;#d800a2&#8243; custom_text=&#8221;#ffffff&#8221; shape=&#8221;square&#8221; size=&#8221;lg&#8221; align=&#8221;center&#8221; i_align=&#8221;right&#8221; i_icon_fontawesome=&#8221;fa fa-plus-circle&#8221; button_block=&#8221;true&#8221; add_icon=&#8221;true&#8221; link=&#8221;url:https%3A%2F%2Fdrive.google.com%2Ffile%2Fd%2F1AvIpbeb4URI9ndjNyfy5SCsn4CyyMHkq%2Fview%3Fusp%3Dsharing||target:%20_blank|&#8221;][\/vc_column][\/vc_row][vc_row][vc_column width=&#8221;1\/2&#8243;][vc_column_text]Descargar listado[\/vc_column_text][\/vc_column][vc_column width=&#8221;1\/2&#8243;][vc_btn title=&#8221;Descargar Listado GRADUADO\/A EN BIOLOG\u00cdA, CIENCIAS DEL MAR O CIENCIAS AMBIENTALES CON CONOCIMIENTOS EN COMUNIDADES MARINAS \u2013 2020BDE015&#8243; style=&#8221;custom&#8221; custom_background=&#8221;#d800a2&#8243; custom_text=&#8221;#ffffff&#8221; shape=&#8221;square&#8221; size=&#8221;lg&#8221; align=&#8221;center&#8221; i_align=&#8221;right&#8221; i_icon_fontawesome=&#8221;fa fa-plus-circle&#8221; button_block=&#8221;true&#8221; add_icon=&#8221;true&#8221; link=&#8221;url:https%3A%2F%2Fdrive.google.com%2Ffile%2Fd%2F1JT3m_f0JfLjOhizaAwQFHnwoBJbb9_J0%2Fview%3Fusp%3Dsharing||target:%20_blank|&#8221;][\/vc_column][\/vc_row]<\/p>\n<\/section>","protected":false},"excerpt":{"rendered":"<p>[vc_row][vc_column][vc_column_text] Finalizado el periodo de alegaciones, se procede a publicar el primer listado definitivo de admitidos\/exclu\u00eddos. Bolsa de empleo para el\u00a0servicio consistente en \u201cSeguimiento de especies y h\u00e1bitats indicadores de cambio clim\u00e1tico a largo plazo en el archipi\u00e9lago canario\u201d de la Fundaci\u00f3n General Universidad de La Laguna (2020BDE014\/2020BDE015) Para la valoraci\u00f3n de todas y cada&#8230;<\/p>\n","protected":false},"author":5,"featured_media":0,"comment_status":"closed","ping_status":"closed","sticky":false,"template":"","format":"standard","meta":{"footnotes":""},"categories":[52,232],"tags":[],"featured_image_thumbnail_url":null,"_links":{"self":[{"href":"https:\/\/fg.ull.es\/noticias\/wp-json\/wp\/v2\/posts\/46565"}],"collection":[{"href":"https:\/\/fg.ull.es\/noticias\/wp-json\/wp\/v2\/posts"}],"about":[{"href":"https:\/\/fg.ull.es\/noticias\/wp-json\/wp\/v2\/types\/post"}],"author":[{"embeddable":true,"href":"https:\/\/fg.ull.es\/noticias\/wp-json\/wp\/v2\/users\/5"}],"replies":[{"embeddable":true,"href":"https:\/\/fg.ull.es\/noticias\/wp-json\/wp\/v2\/comments?post=46565"}],"version-history":[{"count":0,"href":"https:\/\/fg.ull.es\/noticias\/wp-json\/wp\/v2\/posts\/46565\/revisions"}],"wp:attachment":[{"href":"https:\/\/fg.ull.es\/noticias\/wp-json\/wp\/v2\/media?parent=46565"}],"wp:term":[{"taxonomy":"category","embeddable":true,"href":"https:\/\/fg.ull.es\/noticias\/wp-json\/wp\/v2\/categories?post=46565"},{"taxonomy":"post_tag","embeddable":true,"href":"https:\/\/fg.ull.es\/noticias\/wp-json\/wp\/v2\/tags?post=46565"}],"curies":[{"name":"wp","href":"https:\/\/api.w.org\/{rel}","templated":true}]}}