{"id":46334,"date":"2020-06-05T14:26:05","date_gmt":"2020-06-05T13:26:05","guid":{"rendered":"https:\/\/fg.ull.es\/noticias\/?p=46334"},"modified":"2020-06-05T14:26:05","modified_gmt":"2020-06-05T13:26:05","slug":"la-comunidad-emprendedora-de-arona-mejora-sus-habilidades-digitales-con-seminarios-web","status":"publish","type":"post","link":"https:\/\/fg.ull.es\/noticias\/2020\/06\/05\/la-comunidad-emprendedora-de-arona-mejora-sus-habilidades-digitales-con-seminarios-web\/","title":{"rendered":"La comunidad emprendedora de Arona mejora sus habilidades digitales con seminarios web"},"content":{"rendered":"<section class=\"wpb-content-wrapper\"><p>[vc_row][vc_column][vc_column_text]<\/p>\n<h3>Un convenio entre el ayuntamiento de Arona y la Fundaci\u00f3n General de la Universidad intensifica el asesoramiento especializado a empresas a trav\u00e9s del servicio Emprende.ull<\/h3>\n<p>[\/vc_column_text][vc_column_text]Las empresas y personas emprendedoras del municipio de Arona est\u00e1n benefici\u00e1ndose de un programa de asesoramiento especializado gracias a un convenio firmado entre el Ayuntamiento de Arona y la Fundaci\u00f3n General de la Universidad de La Laguna. El servicio, que en estos d\u00edas se intensifica de forma online, se presta a trav\u00e9s del equipo t\u00e9cnico de Emprende.ull.<\/p>\n<p>El equipo de <a href=\"https:\/\/fg.ull.es\/empleo\/emprende-ull\/\">Emprende.ull<\/a> junto a un grupo experto colaborador, ya ven\u00eda prestando este servicio de asesoramiento especializado gratuito, con programas intensivos para aumentar las ventas en las PYMES, facilitar su digitalizaci\u00f3n comercial y mejorar su competitividad mediante la transformaci\u00f3n digital.<\/p>\n<p>Desde el inicio de la pandemia por coronavirus y debido a las consecuencias econ\u00f3micas que ha generado, Arona ha puesto en marcha diversas medidas para paliar sus efectos, y la adaptaci\u00f3n de este programa formativo viene a profundizar en la l\u00ednea de reconstrucci\u00f3n econ\u00f3mica del tejido productivo del municipio. Estas medidas incluyen la celebraci\u00f3n de nueva edici\u00f3n del curso intensivo de emprendimiento y ventas online, denominado Arona E-Commerce Express que se desarrollar\u00e1 del 29 de junio al 3 de julio cuya inscripci\u00f3n gratuita se puede realizar clicando en este <a href=\"https:\/\/www.arona.org\/Cursos-y-Talleres\">enlace<\/a><\/p>\n<p>Asimismo, el programa est\u00e1 desarroll\u00e1ndose con una nueva l\u00ednea de comunicaci\u00f3n para atender a los diferentes p\u00fablicos objetivos y, fundamentalmente, se han establecido una serie de seminarios web que se celebran cada jueves y que est\u00e1n planificados con el siguiente calendario:<\/p>\n<p>11 de junio E-Commerce con Shopify<br \/>\n18 de junio Herramientas Digitales Imprescindibles para el Aut\u00f3nomo<br \/>\n25 de junio Branding y Restyling de Marca<br \/>\n2 de julio Reduce Riesgos: Ciberseguridad<br \/>\n9 de julio Comercio Electr\u00f3nico para Locales F\u00edsicos<br \/>\n17 de septiembre C\u00f3mo Vender a Trav\u00e9s de Amazon<br \/>\n24 de septiembre Marketing Digital con Facebook e Instagram Ads<br \/>\n1 de octubre Pasa tu Negocio a la Venta Online<\/p>\n<p>El departamento sigue recibiendo a personas emprendedoras que necesitan asesoramiento para llevar a buen puerto sus proyectos empresariales. Para solicitar informaci\u00f3n puedes clicar <a href=\"https:\/\/www.arona.org\/Emprendimiento-y-Empresas\/Asesoramiento-empresarial-online\">aqu\u00ed<\/a>.[\/vc_column_text][\/vc_column][\/vc_row]<\/p>\n<\/section>","protected":false},"excerpt":{"rendered":"<p>[vc_row][vc_column][vc_column_text] Un convenio entre el ayuntamiento de Arona y la Fundaci\u00f3n General de la Universidad intensifica el asesoramiento especializado a empresas a trav\u00e9s del servicio Emprende.ull [\/vc_column_text][vc_column_text]Las empresas y personas emprendedoras del municipio de Arona est\u00e1n benefici\u00e1ndose de un programa de asesoramiento especializado gracias a un convenio firmado entre el Ayuntamiento de Arona y la&#8230;<\/p>\n","protected":false},"author":1,"featured_media":46335,"comment_status":"closed","ping_status":"closed","sticky":false,"template":"","format":"standard","meta":{"footnotes":""},"categories":[344,278],"tags":[202,419],"featured_image_thumbnail_url":"https:\/\/fg.ull.es\/noticias\/wp-content\/uploads\/sites\/2\/2020\/06\/asesorateonline-1-300x191.jpg","_links":{"self":[{"href":"https:\/\/fg.ull.es\/noticias\/wp-json\/wp\/v2\/posts\/46334"}],"collection":[{"href":"https:\/\/fg.ull.es\/noticias\/wp-json\/wp\/v2\/posts"}],"about":[{"href":"https:\/\/fg.ull.es\/noticias\/wp-json\/wp\/v2\/types\/post"}],"author":[{"embeddable":true,"href":"https:\/\/fg.ull.es\/noticias\/wp-json\/wp\/v2\/users\/1"}],"replies":[{"embeddable":true,"href":"https:\/\/fg.ull.es\/noticias\/wp-json\/wp\/v2\/comments?post=46334"}],"version-history":[{"count":0,"href":"https:\/\/fg.ull.es\/noticias\/wp-json\/wp\/v2\/posts\/46334\/revisions"}],"wp:featuredmedia":[{"embeddable":true,"href":"https:\/\/fg.ull.es\/noticias\/wp-json\/wp\/v2\/media\/46335"}],"wp:attachment":[{"href":"https:\/\/fg.ull.es\/noticias\/wp-json\/wp\/v2\/media?parent=46334"}],"wp:term":[{"taxonomy":"category","embeddable":true,"href":"https:\/\/fg.ull.es\/noticias\/wp-json\/wp\/v2\/categories?post=46334"},{"taxonomy":"post_tag","embeddable":true,"href":"https:\/\/fg.ull.es\/noticias\/wp-json\/wp\/v2\/tags?post=46334"}],"curies":[{"name":"wp","href":"https:\/\/api.w.org\/{rel}","templated":true}]}}