{"id":46283,"date":"2020-05-25T16:03:00","date_gmt":"2020-05-25T15:03:00","guid":{"rendered":"https:\/\/fg.ull.es\/noticias\/?p=46283"},"modified":"2020-05-25T16:03:00","modified_gmt":"2020-05-25T15:03:00","slug":"expertos-de-las-administraciones-del-estado-explicaran-al-alumnado-sus-opciones-para-trabajar-en-la-funcion-publica","status":"publish","type":"post","link":"https:\/\/fg.ull.es\/noticias\/2020\/05\/25\/expertos-de-las-administraciones-del-estado-explicaran-al-alumnado-sus-opciones-para-trabajar-en-la-funcion-publica\/","title":{"rendered":"Expertos de las administraciones del Estado explicar\u00e1n al alumnado sus opciones para trabajar en la funci\u00f3n p\u00fablica"},"content":{"rendered":"<section class=\"wpb-content-wrapper\"><p>[vc_row][vc_column][vc_column_text]<\/p>\n<h3>El seminario web tendr\u00e1 lugar el mi\u00e9rcoles, 27 de mayo, a las 11.30 previa inscripci\u00f3n<\/h3>\n<p>[\/vc_column_text][vc_column_text]Cuatro profesionales de la <strong>Administraci\u00f3n p\u00fablica<\/strong> participar\u00e1n el pr\u00f3ximo mi\u00e9rcoles, 27 de mayo, en una jornada de captaci\u00f3n del talento en la <strong>Universidad de La Laguna<\/strong>. El encuentro est\u00e1 dirigido a estudiantes de grado de \u00faltimos cursos, m\u00e1ster, doctorado, y egresados recientes, y se trata de un proyecto desarrollado por el <strong>Ministerio de Pol\u00edtica Territorial y Funci\u00f3n P\u00fablica<\/strong> que cuenta con la colaboraci\u00f3n del <strong>Vicerrectorado de Estudiantes.<\/strong><\/p>\n<p>El objetivo del seminario web, que <strong>comenzar\u00e1 a las 11.30<\/strong> y tendr\u00e1 una duraci\u00f3n aproximada de dos horas, es dar a conocer qu\u00e9 opciones tiene el alumnado al terminar sus estudios para desarrollar su carrera dentro de la <strong>Administraci\u00f3n del Estado<\/strong>: c\u00f3mo acceder a la funci\u00f3n p\u00fablica, qu\u00e9 opciones existen una vez dentro, a qu\u00e9 tipo de promoci\u00f3n y desarrollo profesional se puede acceder en funci\u00f3n al tipo de titulaci\u00f3n y en qu\u00e9 consiste ser un funcionario del Estado.<\/p>\n<p>Las ponencias ser\u00e1n accesible previa inscripci\u00f3n (<a href=\"https:\/\/docs.google.com\/forms\/d\/e\/1FAIpQLScklWH8ezcBjtDakhQngMVA66sQFnJEWeDUOHnGY0qNy_Knjw\/viewform\">clicando aqu\u00ed encontrar\u00e1s el formulario de inscripci\u00f3n<\/a>). La primera de ellas y la labor de moderadora corresponder\u00e1 a Sonia Postigo, perteneciente a la Unidad de Apoyo de la Direcci\u00f3n General de Funci\u00f3n P\u00fablica, quien introducir\u00e1 los aspectos sobre el acceso y el desarrollo profesional dentro de la Funci\u00f3n P\u00fablica. Tambi\u00e9n se contar\u00e1 con la participaci\u00f3n y experiencias personales de Javier Dom\u00edngez Viera, funcionario del Cuerpo Superior de Administradores Civiles del Estado; Pilar Moreno Garc\u00eda, perteneciente al Cuerpo de Funcionarios de la Administraci\u00f3n Local, con habilitaci\u00f3n de car\u00e1cter nacional; y Alba Romero Requejo, funcionaria del Cuerpo Superior de Administradores Civiles del Estado. Al finalizar las ponencias, se habilitar\u00e1 un turno de preguntas e intervenci\u00f3n del alumnado.[\/vc_column_text][\/vc_column][\/vc_row][vc_row][vc_column][vc_btn title=&#8221;INSCRIPCI\u00d3N&#8221; color=&#8221;orange&#8221; css_animation=&#8221;bounceInUp&#8221; link=&#8221;url:https%3A%2F%2Fdocs.google.com%2Fforms%2Fd%2Fe%2F1FAIpQLScklWH8ezcBjtDakhQngMVA66sQFnJEWeDUOHnGY0qNy_Knjw%2Fviewform|title:Formulario%20de%20inscripci%C3%B3n||&#8221;][\/vc_column][\/vc_row]<\/p>\n<\/section>","protected":false},"excerpt":{"rendered":"<p>[vc_row][vc_column][vc_column_text] El seminario web tendr\u00e1 lugar el mi\u00e9rcoles, 27 de mayo, a las 11.30 previa inscripci\u00f3n [\/vc_column_text][vc_column_text]Cuatro profesionales de la Administraci\u00f3n p\u00fablica participar\u00e1n el pr\u00f3ximo mi\u00e9rcoles, 27 de mayo, en una jornada de captaci\u00f3n del talento en la Universidad de La Laguna. El encuentro est\u00e1 dirigido a estudiantes de grado de \u00faltimos cursos, m\u00e1ster, doctorado,&#8230;<\/p>\n","protected":false},"author":1,"featured_media":46284,"comment_status":"closed","ping_status":"closed","sticky":false,"template":"","format":"standard","meta":{"footnotes":""},"categories":[38,2,7],"tags":[98,1229,1230,1231],"featured_image_thumbnail_url":"https:\/\/fg.ull.es\/noticias\/wp-content\/uploads\/sites\/2\/2020\/05\/Banner_TW-1-300x150.png","_links":{"self":[{"href":"https:\/\/fg.ull.es\/noticias\/wp-json\/wp\/v2\/posts\/46283"}],"collection":[{"href":"https:\/\/fg.ull.es\/noticias\/wp-json\/wp\/v2\/posts"}],"about":[{"href":"https:\/\/fg.ull.es\/noticias\/wp-json\/wp\/v2\/types\/post"}],"author":[{"embeddable":true,"href":"https:\/\/fg.ull.es\/noticias\/wp-json\/wp\/v2\/users\/1"}],"replies":[{"embeddable":true,"href":"https:\/\/fg.ull.es\/noticias\/wp-json\/wp\/v2\/comments?post=46283"}],"version-history":[{"count":0,"href":"https:\/\/fg.ull.es\/noticias\/wp-json\/wp\/v2\/posts\/46283\/revisions"}],"wp:featuredmedia":[{"embeddable":true,"href":"https:\/\/fg.ull.es\/noticias\/wp-json\/wp\/v2\/media\/46284"}],"wp:attachment":[{"href":"https:\/\/fg.ull.es\/noticias\/wp-json\/wp\/v2\/media?parent=46283"}],"wp:term":[{"taxonomy":"category","embeddable":true,"href":"https:\/\/fg.ull.es\/noticias\/wp-json\/wp\/v2\/categories?post=46283"},{"taxonomy":"post_tag","embeddable":true,"href":"https:\/\/fg.ull.es\/noticias\/wp-json\/wp\/v2\/tags?post=46283"}],"curies":[{"name":"wp","href":"https:\/\/api.w.org\/{rel}","templated":true}]}}