{"id":46063,"date":"2020-04-17T16:04:59","date_gmt":"2020-04-17T15:04:59","guid":{"rendered":"https:\/\/fg.ull.es\/noticias\/?p=46063"},"modified":"2020-04-17T16:04:59","modified_gmt":"2020-04-17T15:04:59","slug":"tercer-listado-de-la-convocatoria-de-constitucion-de-una-bolsa-de-empleo-para-participar-en-el-proyecto-determinacion-de-microplasticos-en-fondos-marinos-de-las-islas-canarias-2020b","status":"publish","type":"post","link":"https:\/\/fg.ull.es\/noticias\/2020\/04\/17\/tercer-listado-de-la-convocatoria-de-constitucion-de-una-bolsa-de-empleo-para-participar-en-el-proyecto-determinacion-de-microplasticos-en-fondos-marinos-de-las-islas-canarias-2020b\/","title":{"rendered":"Tercer listado de la convocatoria de constituci\u00f3n de una bolsa de empleo para participar en el proyecto \u201cDeterminaci\u00f3n de micropl\u00e1sticos en fondos marinos de las Islas Canarias\u201d (2020BDE019)"},"content":{"rendered":"<section class=\"wpb-content-wrapper\"><p>[vc_row][vc_column][vc_column_text]<\/p>\n<h4>Se procede a publicar e tercer listado de la convocatoria de selecci\u00f3n de personal para participar en el proyecto \u201cDeterminaci\u00f3n de micropl\u00e1sticos en fondos marinos de las Islas Canarias\u201d (2020BDE019).<\/h4>\n<p>Con la presente publicaci\u00f3n se pone fin al proceso de selecci\u00f3n y se constituye el listado de personas que formar\u00e1n la bolsa.<\/p>\n<p>Para la valoraci\u00f3n de todas y cada una de las candidaturas se ha tomadocomo fundamento lo especificado en:[\/vc_column_text][vc_empty_space][\/vc_column][\/vc_row][vc_row][vc_column width=&#8221;1\/2&#8243;][vc_column_text]<\/p>\n<p>Bases generales<\/p>\n<p>[\/vc_column_text][\/vc_column][vc_column width=&#8221;1\/2&#8243;][vc_btn title=&#8221;Descargar Bases Generales&#8221; style=&#8221;custom&#8221; custom_background=&#8221;#c2185b&#8221; custom_text=&#8221;#ffffff&#8221; shape=&#8221;square&#8221; align=&#8221;center&#8221; i_align=&#8221;right&#8221; i_icon_fontawesome=&#8221;fa fa-arrow-circle-o-down&#8221; button_block=&#8221;true&#8221; add_icon=&#8221;true&#8221; link=&#8221;url:https%3A%2F%2Fdrive.google.com%2Ffile%2Fd%2F15jAsbkOEJ4Ai8gpFcWNEOhDvomRvmgIQ%2Fview||target:%20_blank|&#8221;][\/vc_column][\/vc_row][vc_row][vc_column][vc_separator][\/vc_column][\/vc_row][vc_row][vc_column width=&#8221;1\/2&#8243;][vc_column_text]<\/p>\n<p>Perfil singular<\/p>\n<p>[\/vc_column_text][\/vc_column][vc_column width=&#8221;1\/2&#8243;][vc_btn title=&#8221;Descargar Perfil Singular&#8221; style=&#8221;custom&#8221; custom_background=&#8221;#c2185b&#8221; custom_text=&#8221;#ffffff&#8221; shape=&#8221;square&#8221; align=&#8221;center&#8221; i_align=&#8221;right&#8221; i_icon_fontawesome=&#8221;fa fa-file-pdf-o&#8221; button_block=&#8221;true&#8221; add_icon=&#8221;true&#8221; link=&#8221;url:https%3A%2F%2Fdrive.google.com%2Ffile%2Fd%2F12A4UeFpcnykPaSm7RGek2WYV-jdGPZ-8%2Fview||target:%20_blank|&#8221;][\/vc_column][\/vc_row][vc_row][vc_column][vc_separator][\/vc_column][\/vc_row][vc_row][vc_column width=&#8221;1\/2&#8243;][vc_column_text]Descargar listado:[\/vc_column_text][\/vc_column][vc_column width=&#8221;1\/2&#8243;][vc_btn title=&#8221;Descargar aqu\u00ed &#8221; style=&#8221;custom&#8221; custom_background=&#8221;#d800a2&#8243; custom_text=&#8221;#ffffff&#8221; shape=&#8221;square&#8221; size=&#8221;lg&#8221; align=&#8221;center&#8221; i_align=&#8221;right&#8221; i_icon_fontawesome=&#8221;fa fa-plus-circle&#8221; button_block=&#8221;true&#8221; add_icon=&#8221;true&#8221; link=&#8221;url:https%3A%2F%2Fdrive.google.com%2Fopen%3Fid%3D1EzCD54nCgSMq9M3X4G3yOM-IIrleCv9V||target:%20_blank|&#8221;][\/vc_column][\/vc_row]<\/p>\n<\/section>","protected":false},"excerpt":{"rendered":"<p>[vc_row][vc_column][vc_column_text] Se procede a publicar e tercer listado de la convocatoria de selecci\u00f3n de personal para participar en el proyecto \u201cDeterminaci\u00f3n de micropl\u00e1sticos en fondos marinos de las Islas Canarias\u201d (2020BDE019). Con la presente publicaci\u00f3n se pone fin al proceso de selecci\u00f3n y se constituye el listado de personas que formar\u00e1n la bolsa. Para la&#8230;<\/p>\n","protected":false},"author":25,"featured_media":0,"comment_status":"closed","ping_status":"closed","sticky":false,"template":"","format":"standard","meta":{"footnotes":""},"categories":[232],"tags":[],"featured_image_thumbnail_url":null,"_links":{"self":[{"href":"https:\/\/fg.ull.es\/noticias\/wp-json\/wp\/v2\/posts\/46063"}],"collection":[{"href":"https:\/\/fg.ull.es\/noticias\/wp-json\/wp\/v2\/posts"}],"about":[{"href":"https:\/\/fg.ull.es\/noticias\/wp-json\/wp\/v2\/types\/post"}],"author":[{"embeddable":true,"href":"https:\/\/fg.ull.es\/noticias\/wp-json\/wp\/v2\/users\/25"}],"replies":[{"embeddable":true,"href":"https:\/\/fg.ull.es\/noticias\/wp-json\/wp\/v2\/comments?post=46063"}],"version-history":[{"count":0,"href":"https:\/\/fg.ull.es\/noticias\/wp-json\/wp\/v2\/posts\/46063\/revisions"}],"wp:attachment":[{"href":"https:\/\/fg.ull.es\/noticias\/wp-json\/wp\/v2\/media?parent=46063"}],"wp:term":[{"taxonomy":"category","embeddable":true,"href":"https:\/\/fg.ull.es\/noticias\/wp-json\/wp\/v2\/categories?post=46063"},{"taxonomy":"post_tag","embeddable":true,"href":"https:\/\/fg.ull.es\/noticias\/wp-json\/wp\/v2\/tags?post=46063"}],"curies":[{"name":"wp","href":"https:\/\/api.w.org\/{rel}","templated":true}]}}