{"id":45370,"date":"2020-02-14T15:11:22","date_gmt":"2020-02-14T15:11:22","guid":{"rendered":"https:\/\/fg.ull.es\/noticias\/?p=45370"},"modified":"2020-02-14T15:11:22","modified_gmt":"2020-02-14T15:11:22","slug":"se-buscan-docentes-para-impartir-cursos-del-servicio-de-idiomas-de-la-ull-en-el-municipio-de-adeje","status":"publish","type":"post","link":"https:\/\/fg.ull.es\/noticias\/2020\/02\/14\/se-buscan-docentes-para-impartir-cursos-del-servicio-de-idiomas-de-la-ull-en-el-municipio-de-adeje\/","title":{"rendered":"Se buscan docentes para impartir cursos del Servicio de Idiomas de la ULL en el municipio de Adeje"},"content":{"rendered":"<p>Con el objetivo de favorecer la incorporaci\u00f3n de profesionales de la docencia, para impartir cursos cuya demanda no puede ser cubierta por el profesorado permanente del Servicio de Idiomas, se buscan docentes colaboradores con experiencia en la ense\u00f1anza de idiomas y residencia en el sur de la isla, preferiblemente en Adeje.<\/p>\n<p>Requisitos:<\/p>\n<ul>\n<li>Estar en posesi\u00f3n del t\u00edtulo de doctor, licenciado, ingeniero, arquitecto o de grado correspondiente u otros t\u00edtulos equivalentes a efectos de docencia.<\/li>\n<li>Acreditar el dominio de una o varias lenguas extranjeras.<\/li>\n<li>Tener capacidad para facturar su actividad profesional como docente.<\/li>\n<\/ul>\n<p>Las personas interesadas podr\u00e1n presentar su solicitud a trav\u00e9s del siguiente <a href=\"https:\/\/docs.google.com\/forms\/d\/e\/1FAIpQLSefz8ibfwI4xUdpINK5j8EfgtOs2n5egoL8hkQLWcgbe7tr2A\/viewform\" target=\"_blank\" rel=\"noopener noreferrer\">FORMULARIO<\/a><\/p>\n<p>&nbsp;<\/p>\n","protected":false},"excerpt":{"rendered":"<p>Con el objetivo de favorecer la incorporaci\u00f3n de profesionales de la docencia, para impartir cursos cuya demanda no puede ser cubierta por el profesorado permanente del Servicio de Idiomas, se buscan docentes colaboradores con experiencia en la ense\u00f1anza de idiomas y residencia en el sur de la isla, preferiblemente en Adeje. Requisitos: Estar en posesi\u00f3n&#8230;<\/p>\n","protected":false},"author":6,"featured_media":45390,"comment_status":"closed","ping_status":"closed","sticky":false,"template":"","format":"standard","meta":{"footnotes":""},"categories":[6,232],"tags":[],"featured_image_thumbnail_url":null,"_links":{"self":[{"href":"https:\/\/fg.ull.es\/noticias\/wp-json\/wp\/v2\/posts\/45370"}],"collection":[{"href":"https:\/\/fg.ull.es\/noticias\/wp-json\/wp\/v2\/posts"}],"about":[{"href":"https:\/\/fg.ull.es\/noticias\/wp-json\/wp\/v2\/types\/post"}],"author":[{"embeddable":true,"href":"https:\/\/fg.ull.es\/noticias\/wp-json\/wp\/v2\/users\/6"}],"replies":[{"embeddable":true,"href":"https:\/\/fg.ull.es\/noticias\/wp-json\/wp\/v2\/comments?post=45370"}],"version-history":[{"count":0,"href":"https:\/\/fg.ull.es\/noticias\/wp-json\/wp\/v2\/posts\/45370\/revisions"}],"wp:featuredmedia":[{"embeddable":true,"href":"https:\/\/fg.ull.es\/noticias\/wp-json\/"}],"wp:attachment":[{"href":"https:\/\/fg.ull.es\/noticias\/wp-json\/wp\/v2\/media?parent=45370"}],"wp:term":[{"taxonomy":"category","embeddable":true,"href":"https:\/\/fg.ull.es\/noticias\/wp-json\/wp\/v2\/categories?post=45370"},{"taxonomy":"post_tag","embeddable":true,"href":"https:\/\/fg.ull.es\/noticias\/wp-json\/wp\/v2\/tags?post=45370"}],"curies":[{"name":"wp","href":"https:\/\/api.w.org\/{rel}","templated":true}]}}