{"id":45363,"date":"2020-02-14T15:04:36","date_gmt":"2020-02-14T15:04:36","guid":{"rendered":"https:\/\/fg.ull.es\/noticias\/?p=45363"},"modified":"2020-02-14T15:04:36","modified_gmt":"2020-02-14T15:04:36","slug":"segundo-listado-definitivo-convocatoria-de-seleccion-de-personal-para-confeccionar-una-bolsa-de-empleo-para-el-desarrollo-de-actividades-de-gestion-administrativa-para-la-fundacion-general-universida","status":"publish","type":"post","link":"https:\/\/fg.ull.es\/noticias\/2020\/02\/14\/segundo-listado-definitivo-convocatoria-de-seleccion-de-personal-para-confeccionar-una-bolsa-de-empleo-para-el-desarrollo-de-actividades-de-gestion-administrativa-para-la-fundacion-general-universida\/","title":{"rendered":"Segundo listado definitivo, convocatoria de selecci\u00f3n de personal para confeccionar una bolsa de empleo para el desarrollo de actividades de gesti\u00f3n administrativa para la Fundaci\u00f3n General Universidad de La Laguna (2020BDE001)"},"content":{"rendered":"<section class=\"wpb-content-wrapper\"><p>[vc_row][vc_column][vc_column_text]<\/p>\n<h4>Finalizado el periodo de alegaciones, se procede a publicar el segundo listado definitivo de la convocatoria de de selecci\u00f3n de personal para confeccionar una bolsa de empleo para el desarrollo de actividades de gesti\u00f3n administrativa para la Fundaci\u00f3n General Universidad de La Laguna (2020BDE001).<\/h4>\n<p>Para la valoraci\u00f3n de todas y cada una de las candidaturas se ha tomadocomo fundamento lo especificado en:[\/vc_column_text][vc_empty_space][\/vc_column][\/vc_row][vc_row][vc_column width=&#8221;1\/2&#8243;][vc_column_text]<\/p>\n<p>Bases generales<\/p>\n<p>[\/vc_column_text][\/vc_column][vc_column width=&#8221;1\/2&#8243;][vc_btn title=&#8221;Descargar Bases Generales&#8221; style=&#8221;custom&#8221; custom_background=&#8221;#c2185b&#8221; custom_text=&#8221;#ffffff&#8221; shape=&#8221;square&#8221; align=&#8221;center&#8221; i_align=&#8221;right&#8221; i_icon_fontawesome=&#8221;fa fa-arrow-circle-o-down&#8221; button_block=&#8221;true&#8221; add_icon=&#8221;true&#8221; link=&#8221;url:https%3A%2F%2Fdrive.google.com%2Fa%2Ffg.ull.es%2Ffile%2Fd%2F10Q1REVwhZ9_Ir0n_AAPLbTv9HhaJVe2R%2Fview%3Fusp%3Dsharing|title:https%3A%2F%2Fdrive.google.com%2Fa%2Ffg.ull.es%2Ffile%2Fd%2F15jAsbkOEJ4Ai8gpFcWNEOhDvomRvmgIQ%2Fview%3Fusp%3Ddrivesdk|target:%20_blank|&#8221;][\/vc_column][\/vc_row][vc_row][vc_column][vc_separator][\/vc_column][\/vc_row][vc_row][vc_column width=&#8221;1\/2&#8243;][vc_column_text]<\/p>\n<p>Perfil singular<\/p>\n<p>[\/vc_column_text][\/vc_column][vc_column width=&#8221;1\/2&#8243;][vc_btn title=&#8221;Descargar Perfil Singular&#8221; style=&#8221;custom&#8221; custom_background=&#8221;#c2185b&#8221; custom_text=&#8221;#ffffff&#8221; shape=&#8221;square&#8221; align=&#8221;center&#8221; i_align=&#8221;right&#8221; i_icon_fontawesome=&#8221;fa fa-file-pdf-o&#8221; button_block=&#8221;true&#8221; add_icon=&#8221;true&#8221; link=&#8221;url:https%3A%2F%2Fdrive.google.com%2Fa%2Ffg.ull.es%2Ffile%2Fd%2F15qBLhmKcRKtSg1xPefO9T8_isBCBKUWD%2Fview%3Fusp%3Ddrivesdk||target:%20_blank|&#8221;][\/vc_column][\/vc_row][vc_row][vc_column][vc_separator][\/vc_column][\/vc_row][vc_row][vc_column width=&#8221;1\/2&#8243;][vc_column_text]Descargar listado:[\/vc_column_text][\/vc_column][vc_column width=&#8221;1\/2&#8243;][vc_btn title=&#8221;Descargar aqu\u00ed &#8221; style=&#8221;custom&#8221; custom_background=&#8221;#d800a2&#8243; custom_text=&#8221;#ffffff&#8221; shape=&#8221;square&#8221; size=&#8221;lg&#8221; align=&#8221;center&#8221; i_align=&#8221;right&#8221; i_icon_fontawesome=&#8221;fa fa-plus-circle&#8221; button_block=&#8221;true&#8221; add_icon=&#8221;true&#8221; link=&#8221;url:https%3A%2F%2Fdrive.google.com%2Fopen%3Fid%3D1L_a8p4UP3xnhccWDqMFBNgPP7IlQAbHQ|||&#8221;][\/vc_column][\/vc_row]<\/p>\n<\/section>","protected":false},"excerpt":{"rendered":"<p>[vc_row][vc_column][vc_column_text] Finalizado el periodo de alegaciones, se procede a publicar el segundo listado definitivo de la convocatoria de de selecci\u00f3n de personal para confeccionar una bolsa de empleo para el desarrollo de actividades de gesti\u00f3n administrativa para la Fundaci\u00f3n General Universidad de La Laguna (2020BDE001). Para la valoraci\u00f3n de todas y cada una de las&#8230;<\/p>\n","protected":false},"author":17,"featured_media":0,"comment_status":"closed","ping_status":"closed","sticky":false,"template":"","format":"standard","meta":{"footnotes":""},"categories":[52,232],"tags":[],"featured_image_thumbnail_url":null,"_links":{"self":[{"href":"https:\/\/fg.ull.es\/noticias\/wp-json\/wp\/v2\/posts\/45363"}],"collection":[{"href":"https:\/\/fg.ull.es\/noticias\/wp-json\/wp\/v2\/posts"}],"about":[{"href":"https:\/\/fg.ull.es\/noticias\/wp-json\/wp\/v2\/types\/post"}],"author":[{"embeddable":true,"href":"https:\/\/fg.ull.es\/noticias\/wp-json\/wp\/v2\/users\/17"}],"replies":[{"embeddable":true,"href":"https:\/\/fg.ull.es\/noticias\/wp-json\/wp\/v2\/comments?post=45363"}],"version-history":[{"count":0,"href":"https:\/\/fg.ull.es\/noticias\/wp-json\/wp\/v2\/posts\/45363\/revisions"}],"wp:attachment":[{"href":"https:\/\/fg.ull.es\/noticias\/wp-json\/wp\/v2\/media?parent=45363"}],"wp:term":[{"taxonomy":"category","embeddable":true,"href":"https:\/\/fg.ull.es\/noticias\/wp-json\/wp\/v2\/categories?post=45363"},{"taxonomy":"post_tag","embeddable":true,"href":"https:\/\/fg.ull.es\/noticias\/wp-json\/wp\/v2\/tags?post=45363"}],"curies":[{"name":"wp","href":"https:\/\/api.w.org\/{rel}","templated":true}]}}