{"id":45206,"date":"2020-02-07T13:19:55","date_gmt":"2020-02-07T13:19:55","guid":{"rendered":"https:\/\/fg.ull.es\/noticias\/?p=45206"},"modified":"2020-02-07T13:19:55","modified_gmt":"2020-02-07T13:19:55","slug":"primer-listado-definitivo-de-admitidos-excluidos-convocatoria-de-seleccion-de-personal-para-confeccionar-una-bolsa-de-empleo-para-el-desarrollo-de-actividades-de-gestion-administrativa-para-la-fund","status":"publish","type":"post","link":"https:\/\/fg.ull.es\/noticias\/2020\/02\/07\/primer-listado-definitivo-de-admitidos-excluidos-convocatoria-de-seleccion-de-personal-para-confeccionar-una-bolsa-de-empleo-para-el-desarrollo-de-actividades-de-gestion-administrativa-para-la-fund\/","title":{"rendered":"Primer listado definitivo de admitidos \/ excluidos. Convocatoria de selecci\u00f3n de personal para confeccionar una bolsa de empleo para el desarrollo de actividades de gesti\u00f3n administrativa para la Fundaci\u00f3n General Universidad de La Laguna (2020BDE001)"},"content":{"rendered":"<section class=\"wpb-content-wrapper\"><p>[vc_row][vc_column][vc_column_text]<\/p>\n<h4>Transcurrido el plazo de alegaciones, analizadas y resueltas las mismas, presentamos el primer listado definitivo de la\u00a0&#8220;Convocatoria de selecci\u00f3n de personal para confeccionar una bolsa de empleo para el desarrollo de actividades de gesti\u00f3n administrativa para la Fundaci\u00f3n General Universidad de La Laguna (2020BDE001)&#8221;.<\/h4>\n<h4>Para la valoraci\u00f3n de las diferentes candidaturas se ha tenido en cuenta los documentos de las bases generales, el perfil singular<br \/>\nde la plaza\u00a0 y los documentos de autobaremaci\u00f3n cumplimentados por los\/las candidatos\/as junto la documentaci\u00f3n acreditativa de sus m\u00e9ritos.<\/h4>\n<p>[\/vc_column_text][vc_empty_space][\/vc_column][\/vc_row][vc_row][vc_column width=&#8221;1\/2&#8243;][vc_column_text]<strong>Bases Generales<\/strong>[\/vc_column_text][\/vc_column][vc_column width=&#8221;1\/2&#8243;][vc_btn title=&#8221;Descargar Bases Generales&#8221; style=&#8221;custom&#8221; custom_background=&#8221;#d800a2&#8243; custom_text=&#8221;#ffffff&#8221; shape=&#8221;square&#8221; size=&#8221;lg&#8221; align=&#8221;center&#8221; i_align=&#8221;right&#8221; i_icon_fontawesome=&#8221;fa fa-plus-circle&#8221; button_block=&#8221;true&#8221; add_icon=&#8221;true&#8221; link=&#8221;url:https%3A%2F%2Fdrive.google.com%2Fa%2Ffg.ull.es%2Ffile%2Fd%2F15jAsbkOEJ4Ai8gpFcWNEOhDvomRvmgIQ%2Fview%3Fusp%3Ddrivesdk||target:%20_blank|&#8221;][\/vc_column][\/vc_row][vc_row][vc_column width=&#8221;1\/2&#8243;][vc_column_text]<strong>Perfil singular:<\/strong>[\/vc_column_text][\/vc_column][vc_column width=&#8221;1\/2&#8243;][vc_btn title=&#8221;Descargar Perfil Singular&#8221; style=&#8221;custom&#8221; custom_background=&#8221;#d800a2&#8243; custom_text=&#8221;#ffffff&#8221; shape=&#8221;square&#8221; size=&#8221;lg&#8221; align=&#8221;center&#8221; i_align=&#8221;right&#8221; i_icon_fontawesome=&#8221;fa fa-plus-circle&#8221; button_block=&#8221;true&#8221; add_icon=&#8221;true&#8221; link=&#8221;url:https%3A%2F%2Fdrive.google.com%2Fa%2Ffg.ull.es%2Ffile%2Fd%2F15qBLhmKcRKtSg1xPefO9T8_isBCBKUWD%2Fview%3Fusp%3Ddrivesdk||target:%20_blank|&#8221;][\/vc_column][\/vc_row][vc_row][vc_column][vc_separator][\/vc_column][\/vc_row][vc_row][vc_column width=&#8221;1\/2&#8243;][vc_column_text]<strong>Descargar primer listado definitivo:<\/strong>[\/vc_column_text][\/vc_column][vc_column width=&#8221;1\/2&#8243;][vc_btn title=&#8221;Descargar primer listado definitivo&#8221; style=&#8221;custom&#8221; custom_background=&#8221;#d800a2&#8243; custom_text=&#8221;#ffffff&#8221; shape=&#8221;square&#8221; size=&#8221;lg&#8221; align=&#8221;center&#8221; i_align=&#8221;right&#8221; i_icon_fontawesome=&#8221;fa fa-plus-circle&#8221; button_block=&#8221;true&#8221; add_icon=&#8221;true&#8221; link=&#8221;url:https%3A%2F%2Fdrive.google.com%2Fa%2Ffg.ull.es%2Ffile%2Fd%2F1hrDPtak1wWNR394QtPC12OSVwzyFn_nQ%2Fview%3Fusp%3Dsharing||target:%20_blank|&#8221;][\/vc_column][\/vc_row]<\/p>\n<\/section>","protected":false},"excerpt":{"rendered":"<p>[vc_row][vc_column][vc_column_text] Transcurrido el plazo de alegaciones, analizadas y resueltas las mismas, presentamos el primer listado definitivo de la\u00a0&#8220;Convocatoria de selecci\u00f3n de personal para confeccionar una bolsa de empleo para el desarrollo de actividades de gesti\u00f3n administrativa para la Fundaci\u00f3n General Universidad de La Laguna (2020BDE001)&#8221;. Para la valoraci\u00f3n de las diferentes candidaturas se ha tenido&#8230;<\/p>\n","protected":false},"author":17,"featured_media":0,"comment_status":"closed","ping_status":"closed","sticky":false,"template":"","format":"standard","meta":{"footnotes":""},"categories":[52,232],"tags":[],"featured_image_thumbnail_url":null,"_links":{"self":[{"href":"https:\/\/fg.ull.es\/noticias\/wp-json\/wp\/v2\/posts\/45206"}],"collection":[{"href":"https:\/\/fg.ull.es\/noticias\/wp-json\/wp\/v2\/posts"}],"about":[{"href":"https:\/\/fg.ull.es\/noticias\/wp-json\/wp\/v2\/types\/post"}],"author":[{"embeddable":true,"href":"https:\/\/fg.ull.es\/noticias\/wp-json\/wp\/v2\/users\/17"}],"replies":[{"embeddable":true,"href":"https:\/\/fg.ull.es\/noticias\/wp-json\/wp\/v2\/comments?post=45206"}],"version-history":[{"count":0,"href":"https:\/\/fg.ull.es\/noticias\/wp-json\/wp\/v2\/posts\/45206\/revisions"}],"wp:attachment":[{"href":"https:\/\/fg.ull.es\/noticias\/wp-json\/wp\/v2\/media?parent=45206"}],"wp:term":[{"taxonomy":"category","embeddable":true,"href":"https:\/\/fg.ull.es\/noticias\/wp-json\/wp\/v2\/categories?post=45206"},{"taxonomy":"post_tag","embeddable":true,"href":"https:\/\/fg.ull.es\/noticias\/wp-json\/wp\/v2\/tags?post=45206"}],"curies":[{"name":"wp","href":"https:\/\/api.w.org\/{rel}","templated":true}]}}