{"id":45155,"date":"2020-02-03T15:50:47","date_gmt":"2020-02-03T15:50:47","guid":{"rendered":"https:\/\/fg.ull.es\/noticias\/?p=45155"},"modified":"2024-06-03T08:29:40","modified_gmt":"2024-06-03T07:29:40","slug":"primer-listado-provisional-de-la-convocatoria-de-seleccion-de-una-beca-formativa-de-investigacion-para-participar-en-el-proyecto-creacion-mantenimiento-y-alimentacion-de-la-plataforma-public","status":"publish","type":"post","link":"https:\/\/fg.ull.es\/noticias\/2020\/02\/03\/primer-listado-provisional-de-la-convocatoria-de-seleccion-de-una-beca-formativa-de-investigacion-para-participar-en-el-proyecto-creacion-mantenimiento-y-alimentacion-de-la-plataforma-public\/","title":{"rendered":"Primer listado provisional de la convocatoria de selecci\u00f3n de una beca formativa de investigaci\u00f3n para participar en el proyecto \u201cCreaci\u00f3n, mantenimiento y alimentaci\u00f3n de la Plataforma P\u00fablica de Residuos de Tenerife\u201d (2020BDB001)"},"content":{"rendered":"<section class=\"wpb-content-wrapper\"><p>[vc_row][vc_column][vc_column_text]<\/p>\n<h4>Transcurrido el per\u00edodo de inscripci\u00f3n, presentamos el primer listado provisional detallado de las candidaturas aceptadas de la selecci\u00f3n de personal de la convocatoria de selecci\u00f3n de una beca formativa de investigaci\u00f3n para participar en el proyecto \u201cCreaci\u00f3n, mantenimiento y alimentaci\u00f3n de la Plataforma P\u00fablica de Residuos de Tenerife\u201d (2020BDB001).<\/h4>\n<p>[\/vc_column_text][vc_empty_space][\/vc_column][\/vc_row][vc_row][vc_column width=&#8221;1\/2&#8243;][vc_column_text]<\/p>\n<h4>Descargar Listado<\/h4>\n<p>[\/vc_column_text][\/vc_column][vc_column width=&#8221;1\/2&#8243;][vc_btn title=&#8221;Descargar Primer Listado provisional&#8221; style=&#8221;custom&#8221; custom_background=&#8221;#c2185b&#8221; custom_text=&#8221;#ffffff&#8221; shape=&#8221;square&#8221; align=&#8221;center&#8221; i_align=&#8221;right&#8221; i_icon_fontawesome=&#8221;fa fa-arrow-circle-o-down&#8221; button_block=&#8221;true&#8221; add_icon=&#8221;true&#8221; link=&#8221;url:https%3A%2F%2Fdrive.google.com%2Ffile%2Fd%2F1mchfOHARHww5AvpJAzK_opTIbu5b11P2%2Fview||target:%20_blank|&#8221;][\/vc_column][\/vc_row][vc_row][vc_column][vc_separator][\/vc_column][\/vc_row][vc_row][vc_column][vc_separator][\/vc_column][\/vc_row]<\/p>\n<\/section>","protected":false},"excerpt":{"rendered":"<p>[vc_row][vc_column][vc_column_text] Transcurrido el per\u00edodo de inscripci\u00f3n, presentamos el primer listado provisional detallado de las candidaturas aceptadas de la selecci\u00f3n de personal de la convocatoria de selecci\u00f3n de una beca formativa de investigaci\u00f3n para participar en el proyecto \u201cCreaci\u00f3n, mantenimiento y alimentaci\u00f3n de la Plataforma P\u00fablica de Residuos de Tenerife\u201d (2020BDB001). [\/vc_column_text][vc_empty_space][\/vc_column][\/vc_row][vc_row][vc_column width=&#8221;1\/2&#8243;][vc_column_text] Descargar Listado [\/vc_column_text][\/vc_column][vc_column&#8230;<\/p>\n","protected":false},"author":1,"featured_media":0,"comment_status":"closed","ping_status":"closed","sticky":false,"template":"","format":"standard","meta":{"footnotes":""},"categories":[232],"tags":[],"featured_image_thumbnail_url":null,"_links":{"self":[{"href":"https:\/\/fg.ull.es\/noticias\/wp-json\/wp\/v2\/posts\/45155"}],"collection":[{"href":"https:\/\/fg.ull.es\/noticias\/wp-json\/wp\/v2\/posts"}],"about":[{"href":"https:\/\/fg.ull.es\/noticias\/wp-json\/wp\/v2\/types\/post"}],"author":[{"embeddable":true,"href":"https:\/\/fg.ull.es\/noticias\/wp-json\/wp\/v2\/users\/1"}],"replies":[{"embeddable":true,"href":"https:\/\/fg.ull.es\/noticias\/wp-json\/wp\/v2\/comments?post=45155"}],"version-history":[{"count":1,"href":"https:\/\/fg.ull.es\/noticias\/wp-json\/wp\/v2\/posts\/45155\/revisions"}],"predecessor-version":[{"id":55956,"href":"https:\/\/fg.ull.es\/noticias\/wp-json\/wp\/v2\/posts\/45155\/revisions\/55956"}],"wp:attachment":[{"href":"https:\/\/fg.ull.es\/noticias\/wp-json\/wp\/v2\/media?parent=45155"}],"wp:term":[{"taxonomy":"category","embeddable":true,"href":"https:\/\/fg.ull.es\/noticias\/wp-json\/wp\/v2\/categories?post=45155"},{"taxonomy":"post_tag","embeddable":true,"href":"https:\/\/fg.ull.es\/noticias\/wp-json\/wp\/v2\/tags?post=45155"}],"curies":[{"name":"wp","href":"https:\/\/api.w.org\/{rel}","templated":true}]}}