{"id":45126,"date":"2020-02-03T15:14:37","date_gmt":"2020-02-03T15:14:37","guid":{"rendered":"https:\/\/fg.ull.es\/noticias\/?p=45126"},"modified":"2020-02-03T15:14:37","modified_gmt":"2020-02-03T15:14:37","slug":"el-servicio-de-emprendimiento-de-la-fundacion-general-universitaria-presenta-a-sus-colaboradores-sus-principales-lineas-estrategicas-para-el-2020","status":"publish","type":"post","link":"https:\/\/fg.ull.es\/noticias\/2020\/02\/03\/el-servicio-de-emprendimiento-de-la-fundacion-general-universitaria-presenta-a-sus-colaboradores-sus-principales-lineas-estrategicas-para-el-2020\/","title":{"rendered":"El Servicio de Emprendimiento de la Fundaci\u00f3n General Universitaria presenta a sus colaboradores las l\u00edneas estrat\u00e9gicas para el 2020"},"content":{"rendered":"<p>La Fundaci\u00f3n General de la Universidad de La Laguna present\u00f3 hoy lunes, 3 de febrero, el Servicio Gratuito de Acompa\u00f1amiento para el Emprendimiento 2020 con la presencia del Director Gerente, Juan Diego Betancor, el Director de la Agencia Universitaria de Empleo, Leopoldo Benjumea, y el coordinador de la Unidad de Emprendimiento de la Fundaci\u00f3n General, Samuel Reyes, junto a los t\u00e9cnicos del servicio, Montsant Cabrera y Rum\u00e9n Justo.<\/p>\n<p>Betancor agradeci\u00f3 la masiva afluencia de las empresas colaboradoras ya que &#8220;sin \u00e9stas no ser\u00eda posible la realizaci\u00f3n de este tipo de actos en los que se facilitan las relaciones profesionales y se intercambian din\u00e1micas de trabajo&#8221;. Adem\u00e1s, asegur\u00f3 que &#8220;este tipo de eventos aseguran la empleabilidad y el fomento del emprendimiento personal&#8221;.<\/p>\n<p>Por su parte, el director de la Agencia Universitaria de Empleo de la Fundaci\u00f3n General argument\u00f3 que el servicio de emprendimiento est\u00e1 en funcionamiento desde septiembre de 2007, por lo que ya lleva m\u00e1s de trece a\u00f1os en activo y &#8220;la pretensi\u00f3n es crecer aplicando metodolog\u00edas punteras junto a otras innovadoras&#8221;.<\/p>\n<p>Asimismo, Reyes apunt\u00f3 que &#8220;hasta el momento no se hab\u00edan realizado estos encuentros, aunque son necesarios porque aportan valor y sinergias entre todos para compartir objetivos de manera com\u00fan&#8221;.<\/p>\n<p>La Unidad de Emprendimiento est\u00e1 financiada por el Servicio Canario de Empleo del Gobierno de Canarias y los destinatarios finales son los egresados, estudiantes de la ULL y personas emprendedoras. El coordinador de este servicio indic\u00f3 que &#8220;se trabaja con la idea de negocio, puesta de funcionamiento y alta de la empresa&#8221;, aunque tambi\u00e9n se ejerce una labor de seguimiento y consolidaci\u00f3n de los negocios durante los primeros 12 meses.<\/p>\n<p>En definitiva, la idea, seg\u00fan su coordinador, es centrarse en el proyecto y aportarle valor. De ah\u00ed la puesta en marcha de un <em>networking<\/em> para facilitar los contactos entre los profesionales del mundo del emprendimiento y varios <em>sprints<\/em>, desde el mes de febrero hasta septiembre para asesoramientos personales y grupales donde en los \u00faltimos a\u00f1os, Reyes coment\u00f3 que han conseguido entre 300 y 400 proyectos anuales y que este a\u00f1o esperan alcanzar la misma cifra o superior.<\/p>\n<p>Las fases de este servicio se centran en la creaci\u00f3n y consolidaci\u00f3n, donde la primera se basa en un autodiagn\u00f3stico y asesoramientos individuales, grupales, especializados y workshops, y la segunda est\u00e1 m\u00e1s enfocada en metodolog\u00edas de mando-integral donde el modelo de gesti\u00f3n traduce la estrategia en objetivos relacionados entre s\u00ed, a trav\u00e9s de indicadores y planes de acci\u00f3n entre los miembros de las empresas.<\/p>\n<p>En definitiva, Emprende.ull es un servicio gratuito de asesoramiento y apoyo al emprendimiento de la Universidad de La Laguna y su Fundaci\u00f3n General. Una apuesta por promover la cultura emprendedora en la sociedad universitaria y canaria, apoyando iniciativas empresariales o proyectos de negocios, desarrollados por la comunidad emprendedora, para generar, consolidar y potenciar el tejido empresarial del archipi\u00e9lago canario.<\/p>\n<p>Desde un punto de vista tanto laboral y socio econ\u00f3mico, en Emprende.ull se pretende ayudar, consolidar y acompa\u00f1ar a las personas que quieran desarrollar un modelo de negocio que ayude a potenciar el crecimiento de empresas, PYMES y altas de aut\u00f3nomos.<\/p>\n<p>A trav\u00e9s de <a href=\"https:\/\/drive.google.com\/file\/d\/1uZLWjcErynZ_4xQKQiZ3YBI0z7SpvuUW\/view?usp=sharing\" target=\"_blank\" rel=\"noopener noreferrer\"><strong>este enlace<\/strong><\/a> puede se puede consultar el programa de la presentaci\u00f3n del Servicio de Emprendimiento para el 2020.<\/p>\n","protected":false},"excerpt":{"rendered":"<p>La Fundaci\u00f3n General de la Universidad de La Laguna present\u00f3 hoy lunes, 3 de febrero, el Servicio Gratuito de Acompa\u00f1amiento para el Emprendimiento 2020 con la presencia del Director Gerente, Juan Diego Betancor, el Director de la Agencia Universitaria de Empleo, Leopoldo Benjumea, y el coordinador de la Unidad de Emprendimiento de la Fundaci\u00f3n General,&#8230;<\/p>\n","protected":false},"author":29,"featured_media":45146,"comment_status":"closed","ping_status":"closed","sticky":false,"template":"","format":"standard","meta":{"footnotes":""},"categories":[278,2,4],"tags":[291,47,816,479,17],"featured_image_thumbnail_url":null,"_links":{"self":[{"href":"https:\/\/fg.ull.es\/noticias\/wp-json\/wp\/v2\/posts\/45126"}],"collection":[{"href":"https:\/\/fg.ull.es\/noticias\/wp-json\/wp\/v2\/posts"}],"about":[{"href":"https:\/\/fg.ull.es\/noticias\/wp-json\/wp\/v2\/types\/post"}],"author":[{"embeddable":true,"href":"https:\/\/fg.ull.es\/noticias\/wp-json\/wp\/v2\/users\/29"}],"replies":[{"embeddable":true,"href":"https:\/\/fg.ull.es\/noticias\/wp-json\/wp\/v2\/comments?post=45126"}],"version-history":[{"count":0,"href":"https:\/\/fg.ull.es\/noticias\/wp-json\/wp\/v2\/posts\/45126\/revisions"}],"wp:featuredmedia":[{"embeddable":true,"href":"https:\/\/fg.ull.es\/noticias\/wp-json\/"}],"wp:attachment":[{"href":"https:\/\/fg.ull.es\/noticias\/wp-json\/wp\/v2\/media?parent=45126"}],"wp:term":[{"taxonomy":"category","embeddable":true,"href":"https:\/\/fg.ull.es\/noticias\/wp-json\/wp\/v2\/categories?post=45126"},{"taxonomy":"post_tag","embeddable":true,"href":"https:\/\/fg.ull.es\/noticias\/wp-json\/wp\/v2\/tags?post=45126"}],"curies":[{"name":"wp","href":"https:\/\/api.w.org\/{rel}","templated":true}]}}