{"id":45092,"date":"2020-01-31T14:11:25","date_gmt":"2020-01-31T14:11:25","guid":{"rendered":"https:\/\/fg.ull.es\/noticias\/?p=45092"},"modified":"2020-01-31T14:11:25","modified_gmt":"2020-01-31T14:11:25","slug":"convocatoria-de-seleccion-de-una-beca-formativa-de-investigacion-para-participar-en-el-proyecto-diseno-y-control-de-calidad-de-formulas-magistrales-de-uso-frecuente-en-pediatria-202","status":"publish","type":"post","link":"https:\/\/fg.ull.es\/noticias\/2020\/01\/31\/convocatoria-de-seleccion-de-una-beca-formativa-de-investigacion-para-participar-en-el-proyecto-diseno-y-control-de-calidad-de-formulas-magistrales-de-uso-frecuente-en-pediatria-202\/","title":{"rendered":"Convocatoria de selecci\u00f3n de una beca formativa de investigaci\u00f3n para participar en el proyecto \u201cDise\u00f1o y control de calidad de F\u00f3rmulas Magistrales de uso frecuente en pediatr\u00eda\u201d (2020BDB002)"},"content":{"rendered":"<section class=\"wpb-content-wrapper\"><p>[vc_row][vc_column][vc_column_text]<\/p>\n<h4>El periodo de inscripci\u00f3n se inicia el\u00a0d\u00eda 01\/02\/2020 y finaliza el pr\u00f3ximo 09\/02\/2020 a las 23:59 horas. Las personas interesadas\u00a0en participar en el proceso de selecci\u00f3n deben presentar su candidatura desde la sede electr\u00f3nica de la Fundaci\u00f3n.<\/h4>\n<p>A trav\u00e9s de este medio se abre el proceso de inscripci\u00f3n.<\/p>\n<p>Las personas interesadas que cumplan los requisitos expuestos en las bases podr\u00e1n participar en el mismo.<\/p>\n<p>Para la inscripci\u00f3n es totalmente necesario el cumplimiento de los requisitos expuestos en las bases generales y perfil singular de la convocatoria que se presentan a continuaci\u00f3n:[\/vc_column_text][vc_empty_space][\/vc_column][\/vc_row][vc_row][vc_column width=&#8221;1\/2&#8243;][vc_column_text]<\/p>\n<h4>Programa formativo<\/h4>\n<p>[\/vc_column_text][\/vc_column][vc_column width=&#8221;1\/2&#8243;][vc_btn title=&#8221;Descargar Programa Formativo&#8221; style=&#8221;custom&#8221; custom_background=&#8221;#c2185b&#8221; custom_text=&#8221;#ffffff&#8221; shape=&#8221;square&#8221; align=&#8221;center&#8221; i_align=&#8221;right&#8221; i_icon_fontawesome=&#8221;fa fa-arrow-circle-o-down&#8221; button_block=&#8221;true&#8221; add_icon=&#8221;true&#8221; link=&#8221;url:https%3A%2F%2Fdrive.google.com%2Ffile%2Fd%2F1SQB3QzBq_dL606-aweqkvtgCZn0be-3J%2Fview||target:%20_blank|&#8221;][\/vc_column][\/vc_row][vc_row][vc_column width=&#8221;1\/2&#8243;][vc_column_text]<\/p>\n<h4>Bases generales<\/h4>\n<p>[\/vc_column_text][\/vc_column][vc_column width=&#8221;1\/2&#8243;][vc_btn title=&#8221;Descargar Bases Generales&#8221; style=&#8221;custom&#8221; custom_background=&#8221;#c2185b&#8221; custom_text=&#8221;#ffffff&#8221; shape=&#8221;square&#8221; align=&#8221;center&#8221; i_align=&#8221;right&#8221; i_icon_fontawesome=&#8221;fa fa-arrow-circle-o-down&#8221; button_block=&#8221;true&#8221; add_icon=&#8221;true&#8221; link=&#8221;url:https%3A%2F%2Fdrive.google.com%2Ffile%2Fd%2F1zCWk-S4HIhAMNzqc-YUrnHQ54XY1-i14%2Fview||target:%20_blank|&#8221;][\/vc_column][\/vc_row][vc_row][vc_column][vc_separator][\/vc_column][\/vc_row][vc_row][vc_column width=&#8221;1\/2&#8243;][vc_column_text]<\/p>\n<h4>Perfil singular<\/h4>\n<p>[\/vc_column_text][\/vc_column][vc_column width=&#8221;1\/2&#8243;][vc_btn title=&#8221;Descargar Perfil Singular&#8221; style=&#8221;custom&#8221; custom_background=&#8221;#c2185b&#8221; custom_text=&#8221;#ffffff&#8221; shape=&#8221;square&#8221; align=&#8221;center&#8221; i_align=&#8221;right&#8221; i_icon_fontawesome=&#8221;fa fa-file-pdf-o&#8221; button_block=&#8221;true&#8221; add_icon=&#8221;true&#8221; link=&#8221;url:https%3A%2F%2Fdrive.google.com%2Fopen%3Fid%3D1LUgxbkKP4GT-zsIV7m1I5BRPNEYBi8pf||target:%20_blank|&#8221;][\/vc_column][\/vc_row][vc_row][vc_column][vc_separator][\/vc_column][\/vc_row][vc_row][vc_column width=&#8221;1\/2&#8243;][vc_column_text]<\/p>\n<h4><strong>Inscripci\u00f3n en la sede electr\u00f3nica:<\/strong><\/h4>\n<p>[\/vc_column_text][\/vc_column][vc_column width=&#8221;1\/2&#8243;][vc_btn title=&#8221;Inscripci\u00f3n aqu\u00ed &#8221; style=&#8221;custom&#8221; custom_background=&#8221;#da8a00&#8243; custom_text=&#8221;#ffffff&#8221; shape=&#8221;square&#8221; size=&#8221;lg&#8221; align=&#8221;center&#8221; i_align=&#8221;right&#8221; i_icon_fontawesome=&#8221;fa fa-plus-circle&#8221; button_block=&#8221;true&#8221; add_icon=&#8221;true&#8221; link=&#8221;url:https%3A%2F%2Fsede.fg.ull.es%2Fes%2Fempleo%2Fdetalle%2Fa20120015%2Ffundacion-general-de-la-universidad-de-la-laguna-agencia-universitaria-de-innovacion%3Fquery%3D%253Futm_source%253DNewletter%2526utm_medium%253Dhtml%2526utm_campaign%253DBoletinSabados||target:%20_blank|&#8221;][\/vc_column][\/vc_row]<\/p>\n<\/section>","protected":false},"excerpt":{"rendered":"<p>[vc_row][vc_column][vc_column_text] El periodo de inscripci\u00f3n se inicia el\u00a0d\u00eda 01\/02\/2020 y finaliza el pr\u00f3ximo 09\/02\/2020 a las 23:59 horas. Las personas interesadas\u00a0en participar en el proceso de selecci\u00f3n deben presentar su candidatura desde la sede electr\u00f3nica de la Fundaci\u00f3n. A trav\u00e9s de este medio se abre el proceso de inscripci\u00f3n. Las personas interesadas que cumplan los&#8230;<\/p>\n","protected":false},"author":25,"featured_media":0,"comment_status":"closed","ping_status":"closed","sticky":false,"template":"","format":"standard","meta":{"footnotes":""},"categories":[232],"tags":[],"featured_image_thumbnail_url":null,"_links":{"self":[{"href":"https:\/\/fg.ull.es\/noticias\/wp-json\/wp\/v2\/posts\/45092"}],"collection":[{"href":"https:\/\/fg.ull.es\/noticias\/wp-json\/wp\/v2\/posts"}],"about":[{"href":"https:\/\/fg.ull.es\/noticias\/wp-json\/wp\/v2\/types\/post"}],"author":[{"embeddable":true,"href":"https:\/\/fg.ull.es\/noticias\/wp-json\/wp\/v2\/users\/25"}],"replies":[{"embeddable":true,"href":"https:\/\/fg.ull.es\/noticias\/wp-json\/wp\/v2\/comments?post=45092"}],"version-history":[{"count":0,"href":"https:\/\/fg.ull.es\/noticias\/wp-json\/wp\/v2\/posts\/45092\/revisions"}],"wp:attachment":[{"href":"https:\/\/fg.ull.es\/noticias\/wp-json\/wp\/v2\/media?parent=45092"}],"wp:term":[{"taxonomy":"category","embeddable":true,"href":"https:\/\/fg.ull.es\/noticias\/wp-json\/wp\/v2\/categories?post=45092"},{"taxonomy":"post_tag","embeddable":true,"href":"https:\/\/fg.ull.es\/noticias\/wp-json\/wp\/v2\/tags?post=45092"}],"curies":[{"name":"wp","href":"https:\/\/api.w.org\/{rel}","templated":true}]}}