{"id":45030,"date":"2020-01-31T13:56:39","date_gmt":"2020-01-31T13:56:39","guid":{"rendered":"https:\/\/fg.ull.es\/noticias\/?p=45030"},"modified":"2020-01-31T13:56:39","modified_gmt":"2020-01-31T13:56:39","slug":"el-servicio-de-emprendimiento-de-la-fundacion-general-presentara-su-programa-oficial-el-proximo-lunes-3-de-febrero","status":"publish","type":"post","link":"https:\/\/fg.ull.es\/noticias\/2020\/01\/31\/el-servicio-de-emprendimiento-de-la-fundacion-general-presentara-su-programa-oficial-el-proximo-lunes-3-de-febrero\/","title":{"rendered":"El servicio de emprendimiento de la Fundaci\u00f3n General presentar\u00e1 su programa oficial el pr\u00f3ximo lunes 3 de febrero"},"content":{"rendered":"<section class=\"wpb-content-wrapper\"><p>[vc_row][vc_column][vc_column_text]<\/p>\n<h4><strong>Emprende.ull<\/strong>, servicio gratuito de asesoramiento, apoyo y consolidaci\u00f3n empresarial, integrado dentro de la propia Agencia Universitaria de Empleo, celebrar\u00e1, este lunes 3 de febrero, la presentaci\u00f3n oficial del servicio dirigido a la comunidad universitaria y emprendedora del archipi\u00e9lago canario. Un acto que contar\u00e1 con la presencia de D. Juan Diego Betancor, director gerente de la Fundaci\u00f3n General , D. Leo Benjumea, actual director de la Agencia Universitaria de Empleo y una amplia red de colaboradoras, colaboradores y entidades colaboradoras del servicio de emprendimiento. Tendr\u00e1 lugar de 12 a 13 horas en el Aula 15 de la Fundaci\u00f3n General.<\/h4>\n<p>Siguiendo con esta firme apuesta por apoyar, promover y potenciar la cultura emprendedora en la sociedad universitaria, y en aras de seguir apoyando iniciativas empresariales o proyectos de empresa, la Unidad de Emprendimiento tiene como objetivo principal consolidar y potenciar el tejido empresarial del archipi\u00e9lago canario.<\/p>\n<p>Con esta finalidad, el equipo de Emprende.ull ha preparado para el pr\u00f3ximo lunes, 3 de febrero, la presentaci\u00f3n oficial del servicio en el que se dar\u00e1 a conocer la metodolog\u00eda a seguir en este 2020 y en el que se pretender\u00e1 visibilizar su cat\u00e1logo de workshops, centrado en materias vinculadas al proceso de emprendimiento.<\/p>\n<p>Unas tem\u00e1ticas y formaciones relacionadas con la idea y el modelo de negocio, cliente y mercado, marketing, ventas y n\u00fameros y viabilidad. De la misma forma, se pondr\u00e1 en conocimiento del p\u00fablico asistente los tres per\u00edodos definidos para poner en marcha todos los asesoramientos personalizados y grupales de Emprende.ull, incluyendo los eventos y sesiones networking que tienen preparadas para la comunidad emprendedora beneficiaria del servicio de emprendimiento.<\/p>\n<p>De igual modo, se pondr\u00e1 en valor las fases por las que avanza la comunidad emprendedora en el servicio. En primer lugar, se dar\u00e1 paso a las recomendaciones en la fase de creaci\u00f3n y consolidaci\u00f3n, desde los worskhops de estrategia y planificaci\u00f3n, design thinking, experiencia de cliente, branding, transformaci\u00f3n digital, eficiencia de procesos, importaci\u00f3n y exportaci\u00f3n y un largo etc\u00e9tera, que dar\u00e1 el cuadro de mando integral ideal para las personas beneficiarias de este servicio gratuito de la Agencia Universitaria de Empleo de la Fundaci\u00f3n General universitaria.<\/p>\n<h3>Representantes de entidades que acudir\u00e1n a la presentaci\u00f3n oficial del servicio de Emprende.ull<\/h3>\n<ul>\n<li><strong>Jesica Barrios<\/strong>, Directora de Emprendimiento de <strong>Intech Tenerife<\/strong><\/li>\n<li><strong>Mar\u00eda Victoria Cair\u00f3s<\/strong>, representante de la <strong>C\u00e1mara de Comercio de Tenerife<\/strong><\/li>\n<li><strong>Luc\u00eda Dobarro Delgado<\/strong>, representante del <strong>Instituto Tecnol\u00f3gico de Canarias<\/strong><\/li>\n<li><strong>Clarisa Pierobon<\/strong>, t\u00e9cnica de proyectos europeos del <strong>ITC<\/strong><\/li>\n<li><strong>Francisco Reyes<\/strong>, representante de <strong>Fyde CajaCanarias<\/strong><\/li>\n<li><strong>Jos\u00e9 Luis Zurita<\/strong>, responsable de <strong>Periodismo ULL<\/strong><\/li>\n<li><strong>In\u00e9s Ruiz de La Rosa<\/strong>, profesora de la Universidad de La Laguna y Directora de la <strong>C\u00e1tedra Fundaci\u00f3n Disa J\u00f3venes Emprendedores de la ULL<\/strong><\/li>\n<li><strong>Carlos Alberto Gonz\u00e1lez<\/strong>, Director de Estrategia de<strong> Cajasiete <\/strong><\/li>\n<li><strong>Mar Ballesteros<\/strong>, t\u00e9cnica responsable del programa Mentoring para Desempleados de la <strong>CEOE<\/strong><\/li>\n<li><strong>Patricia Rancel<\/strong>, t\u00e9cnica de proyectos del Ayuntamiento de <strong>Arona<\/strong><\/li>\n<li><strong>Jota y Punto<\/strong>, fundador &amp; CEO de <strong>Entrepreneurs Fight Club<\/strong><\/li>\n<li><strong>Agoney Meli\u00e1n<\/strong> y <strong>Azucena Solano<\/strong>, presidente y gerente respectivamente de la <strong>Asociaci\u00f3n J\u00f3venes Empresarios de Tenerife (JET)<\/strong><\/li>\n<li><strong>Eunice Aldana<\/strong>, t\u00e9cnica de proyectos del \u00c1rea de Innovaci\u00f3n Social de la Fundaci\u00f3n General de la Universidad de La Laguna<\/li>\n<\/ul>\n<h3>Red de colaboradores del servicio de asesoramiento y consolidaci\u00f3n empresarial<\/h3>\n<ul>\n<li><strong>Sonia Garc\u00eda Fari\u00f1a<\/strong>, Consultora especializada en sostenibilidad y transformaci\u00f3n de las organizaciones. Gestora de Rakaposhi Tapas Bar, especializada en concia del Himayala Pakistani.<\/li>\n<li><strong>Jos\u00e9 Frech\u00edn<\/strong>, Socio Fundador de Metriz Publicidad. Docente, experto en Desarrollador web, social media y publicidad on line.<\/li>\n<li><strong>Isidro Quintana<\/strong>, Director y fundador de Triple O Games, su segunda startups, basada en blockchain en los videojuegos. Docente. Captador de m\u00e1s de medio mill\u00f3n de euros en inversi\u00f3n para Promineo Studios, su primera startup y premiada como la mejor startup de Canarias.<\/li>\n<li><strong>Javier Tejera<\/strong>, Consultor en Comunicaci\u00f3n y Turismo Sostenible. Fundador de Ecotouristing. Coordinador de la red Ceres Ecotur de turismo rural ecol\u00f3gico.<\/li>\n<li><strong>Mar\u00eda Hern\u00e1ndez y Ana Ascanio<\/strong>, Dise\u00f1adora y Publicista respectivamente, fundadoras de Manana Estudio. Crean estrategias de comunicaci\u00f3n, desarrollo de dise\u00f1o y branding.<\/li>\n<li><strong>Rachel Bels<\/strong>, Escritora y autora de 6 libros actualmente. Creadora de la asesor\u00eda Valiente para escritores.<\/li>\n<li><strong>Lorena Valle<\/strong>, Asesora digital en Lillop Studio, gestora del talento y de desarrollos de modelos de negocio, adem\u00e1s de las \u00e1reas de marketing y ventas.<\/li>\n<li><strong>Fabio Gonz\u00e1lez Torres<\/strong>, Narrador oral, ilustrador, autor, docente, creador e integrante de iniciativas y proyectos de gesti\u00f3n cultural y social. Pertenece a la Asociaci\u00f3n Fabulans.<\/li>\n<li><strong>Diego G. Reinfeld<\/strong>, Narrador oral, profesor de narraci\u00f3n y teatro, autor de cuentos, historias y c\u00f3mics. Gestor y creador de proyectos culturales y sociales. Pertenece a la Asociaci\u00f3n Fabulans.<\/li>\n<li><strong>Josu\u00e9 Hern\u00e1ndez<\/strong>, Fundador de la Agencia de Marketing Digital Alegando Agency y Director de la revista Alegando Magazine. Consultor de marketing. Impulsor de la cultura canaria.<\/li>\n<li><strong>Yanicza Forte<\/strong>, Experta en tributaci\u00f3n y asesoramiento empresarial. Creativa y gestora de proyectos de emprendimiento<\/li>\n<li><strong>Pedro Mart\u00edn<\/strong>, Consultor y creador de la asociaci\u00f3n Commonomia, que promueve objetivos que unen negocio y aspectos sociales, emp\u00f2derando iniciativas y proyectos emprendedores.<\/li>\n<li><strong>Jorge Padr\u00f3n<\/strong>, Formador y t\u00e9cnico consultor estrat\u00e9gico en proyectos, especialista en recursos humanos y experto en Pitch Elevator.<\/li>\n<li><strong>El\u00edas Lorenzo<\/strong>, Nuria Herrero y Sonia Rodriguez, expertos y consultores digitales en protecci\u00f3n de datos, ciberseguridad, y web en Nubelia.cloud.<\/li>\n<li><strong>Nicol\u00e1s Brito<\/strong>, Asesor fiscal superior y contable en Consulab Asesores<\/li>\n<li><strong>Carlos Su\u00e1rez<\/strong>, n\u00f3mada digital y experto en proyectos digitales. Consultor de Estrategia Digital<\/li>\n<li><strong>Guanyxemar Mar\u00edn<\/strong>, Director de Gumabe e Ingeniero consultor en licencias de apertura, informes y estudios y certificado de eficiencia energ\u00e9tica entre otros.<\/li>\n<li><strong>David Prunell Friend<\/strong>, Consultor de Estrategias de Recursos Humanos en PRUNELL TALENT IN MOTION. Motivational Speaker. Mentor de Emprendedores y Emprendedoras.<\/li>\n<li><strong>Cira P\u00e9rez<\/strong>, Experta en interiorismo, dise\u00f1o, decoraci\u00f3n y auditor\u00eda de locales comerciales.<\/li>\n<li><strong>Rut G\u00f3mez<\/strong>, Fundadora y directora de Turismo Accesible Panam\u00e1. Experta en Comercio Exterior y marketing internacional.<\/li>\n<li><strong>Daida Hern\u00e1ndez<\/strong>, Psic\u00f3loga experta en psicolog\u00eda positiva y gesti\u00f3n emocional. Creadora de BeFlow, especializado en programas de bienestar, maternidad y crianza consciente.<\/li>\n<li><strong>Mar\u00eda Travieso Garc\u00eda<\/strong>, Experta en comercio internacional e internacionalizaci\u00f3n de negocios.<\/li>\n<li><strong>Ram\u00f3n Puchades<\/strong>, Director de innovaci\u00f3n de MONOBO. Consejero de transformaci\u00f3n digital para empresas. Experto en estrategia digital y tecnolog\u00eda.<\/li>\n<li><strong>Abraham Guzman,\u00a0<\/strong>Director de Factorii. Expertos en adecuaci\u00f3n de espacios comerciales.<\/li>\n<\/ul>\n<h3>Empresas y Profesionales Colaboradoras\/es del servicio de Emprende.ull<\/h3>\n<ul>\n<li><strong>Equipo Social Makers<\/strong> &#8211; Espacio creativo y colaborativo de dise\u00f1o e impresi\u00f3n.<\/li>\n<li><strong>Jota y Punto<\/strong> &#8211; Entrepreneurs Fight Club<\/li>\n<li><strong>Jes\u00fas Gonz\u00e1lez<\/strong> &#8211; Blogsterapp<\/li>\n<li><strong>Carlos Su\u00e1rez<\/strong> &#8211; N\u00f3madas Digitales<\/li>\n<li><strong>Estefan\u00eda de la Hoz y Edgar Cerde\u00f1a<\/strong> &#8211; Sizygia Company<\/li>\n<li><strong>Jorge Padr\u00f3n<\/strong> &#8211; Digital Xplore<\/li>\n<li><strong>Jos\u00e9 Carrillo<\/strong> &#8211; Cima Cocinas<\/li>\n<li><strong>Elisabeth Barrios<\/strong> &#8211; Colaboradora de Emprende.ull<\/li>\n<li><strong>Rebeca White<\/strong> &#8211; Dise\u00f1adora gr\u00e1fica y colaboradora de Emprende.ull<\/li>\n<li><strong>Gesycom<\/strong> &#8211; Especialistas en materias de fiscalidad<\/li>\n<li><strong>Colaborac<\/strong> &#8211; Especialista en captaci\u00f3n y solicitud de subvenciones<\/li>\n<\/ul>\n<p>[\/vc_column_text][\/vc_column][\/vc_row][vc_row][vc_column][vc_empty_space][vc_btn title=&#8221;Servicio de asesoramiento y acompa\u00f1amiento empresarial&#8221; style=&#8221;custom&#8221; custom_background=&#8221;#5c068c&#8221; custom_text=&#8221;#ffffff&#8221; align=&#8221;center&#8221; link=&#8221;url:http%3A%2F%2Fwww.fg.ull.es%2Fempleo%2Femprende-ull||target:%20_blank|&#8221;][\/vc_column][\/vc_row]<\/p>\n<\/section>","protected":false},"excerpt":{"rendered":"<p>[vc_row][vc_column][vc_column_text] Emprende.ull, servicio gratuito de asesoramiento, apoyo y consolidaci\u00f3n empresarial, integrado dentro de la propia Agencia Universitaria de Empleo, celebrar\u00e1, este lunes 3 de febrero, la presentaci\u00f3n oficial del servicio dirigido a la comunidad universitaria y emprendedora del archipi\u00e9lago canario. Un acto que contar\u00e1 con la presencia de D. Juan Diego Betancor, director gerente de&#8230;<\/p>\n","protected":false},"author":28,"featured_media":45098,"comment_status":"closed","ping_status":"closed","sticky":false,"template":"","format":"standard","meta":{"footnotes":""},"categories":[278,177,7],"tags":[46,509,214],"featured_image_thumbnail_url":null,"_links":{"self":[{"href":"https:\/\/fg.ull.es\/noticias\/wp-json\/wp\/v2\/posts\/45030"}],"collection":[{"href":"https:\/\/fg.ull.es\/noticias\/wp-json\/wp\/v2\/posts"}],"about":[{"href":"https:\/\/fg.ull.es\/noticias\/wp-json\/wp\/v2\/types\/post"}],"author":[{"embeddable":true,"href":"https:\/\/fg.ull.es\/noticias\/wp-json\/wp\/v2\/users\/28"}],"replies":[{"embeddable":true,"href":"https:\/\/fg.ull.es\/noticias\/wp-json\/wp\/v2\/comments?post=45030"}],"version-history":[{"count":0,"href":"https:\/\/fg.ull.es\/noticias\/wp-json\/wp\/v2\/posts\/45030\/revisions"}],"wp:featuredmedia":[{"embeddable":true,"href":"https:\/\/fg.ull.es\/noticias\/wp-json\/"}],"wp:attachment":[{"href":"https:\/\/fg.ull.es\/noticias\/wp-json\/wp\/v2\/media?parent=45030"}],"wp:term":[{"taxonomy":"category","embeddable":true,"href":"https:\/\/fg.ull.es\/noticias\/wp-json\/wp\/v2\/categories?post=45030"},{"taxonomy":"post_tag","embeddable":true,"href":"https:\/\/fg.ull.es\/noticias\/wp-json\/wp\/v2\/tags?post=45030"}],"curies":[{"name":"wp","href":"https:\/\/api.w.org\/{rel}","templated":true}]}}