{"id":44006,"date":"2019-11-07T11:05:00","date_gmt":"2019-11-07T11:05:00","guid":{"rendered":"https:\/\/fg.ull.es\/noticias\/?p=44006"},"modified":"2020-01-16T13:14:49","modified_gmt":"2020-01-16T13:14:49","slug":"convocatoria-de-seleccion-de-personal-para-participar-en-el-proyecto-programa-educativo-para-el-fomento-de-las-vocaciones-cientificas-entre-las-jovenes-de-la-isla-de-tenerife-chicas-con-cien","status":"publish","type":"post","link":"https:\/\/fg.ull.es\/noticias\/2019\/11\/07\/convocatoria-de-seleccion-de-personal-para-participar-en-el-proyecto-programa-educativo-para-el-fomento-de-las-vocaciones-cientificas-entre-las-jovenes-de-la-isla-de-tenerife-chicas-con-cien\/","title":{"rendered":"Convocatoria de selecci\u00f3n de personal para participar en el proyecto \u201cPrograma Educativo para el fomento de las vocaciones cient\u00edficas entre las j\u00f3venes de la isla de Tenerife, &#8220;Chicas con Cienci@ull&#8221; (2019BDE038)"},"content":{"rendered":"<section class=\"wpb-content-wrapper\"><p>[vc_row][vc_column][vc_column_text]<span style=\"font-weight: 400\">Esta oferta de empleo est\u00e1 relacionada con la ORDEN de 24 de mayo de 2019, por la que se aprueban las bases reguladoras y se efect\u00faa la convocatoria para la concesi\u00f3n en el a\u00f1o 2019 de subvenciones destinadas a financiar, en el marco del Programa Operativo de Empleo Juvenil 20142020 (Iniciativa de Empleo Juvenil-YEI), la contrataci\u00f3n laboral en pr\u00e1cticas de personas j\u00f3venes desempleadas vinculadas a la realizaci\u00f3n de proyectos de inter\u00e9s p\u00fablico y social destinados a la juventud en la Comunidad Aut\u00f3noma de Canarias.<\/span><\/p>\n<p><span style=\"font-weight: 400\">La admisi\u00f3n de las candidaturas se realizar\u00e1 por sondeo del <strong>Servicio Canario de Empleo<\/strong>, tal como recoge la convocatoria de ayudas.<\/span>[\/vc_column_text][vc_empty_space][\/vc_column][\/vc_row][vc_row][vc_column width=&#8221;1\/2&#8243;][vc_column_text]<\/p>\n<h4>Bases generales<\/h4>\n<p>[\/vc_column_text][\/vc_column][vc_column width=&#8221;1\/2&#8243;][vc_btn title=&#8221;Descargar Bases Generales&#8221; style=&#8221;custom&#8221; custom_background=&#8221;#c2185b&#8221; custom_text=&#8221;#ffffff&#8221; shape=&#8221;square&#8221; align=&#8221;center&#8221; i_align=&#8221;right&#8221; i_icon_fontawesome=&#8221;fa fa-arrow-circle-o-down&#8221; button_block=&#8221;true&#8221; add_icon=&#8221;true&#8221; link=&#8221;url:https%3A%2F%2Fdrive.google.com%2Ffile%2Fd%2F1v_DD7vKAhVL51LDLzmzrB9jj7baKLzHT%2Fview||target:%20_blank|&#8221;][\/vc_column][\/vc_row][vc_row][vc_column][vc_separator][\/vc_column][\/vc_row][vc_row][vc_column width=&#8221;1\/2&#8243;][vc_column_text]<\/p>\n<h4>Perfil singular T\u00e9cnico\/a Proyectos de Divulgaci\u00f3n Cient\u00edfica &#8211; Pedagog\u00eda\/Psicolog\u00eda<\/h4>\n<p>[\/vc_column_text][\/vc_column][vc_column width=&#8221;1\/2&#8243;][vc_btn title=&#8221;Descargar Perfil Singular&#8221; style=&#8221;custom&#8221; custom_background=&#8221;#c2185b&#8221; custom_text=&#8221;#ffffff&#8221; shape=&#8221;square&#8221; align=&#8221;center&#8221; i_align=&#8221;right&#8221; i_icon_fontawesome=&#8221;fa fa-file-pdf-o&#8221; button_block=&#8221;true&#8221; add_icon=&#8221;true&#8221; link=&#8221;url:https%3A%2F%2Fdrive.google.com%2Ffile%2Fd%2F0B3ZPQKzIHh1QZ0k5ZHhoV0h5dXAwM1BaYmhvX0JTVkxlQXFz%2Fview%3Fusp%3Dsharing||target:%20_blank|&#8221;][\/vc_column][\/vc_row][vc_row][vc_column width=&#8221;1\/2&#8243;][vc_column_text]<\/p>\n<h4>Perfil singular T\u00e9cnico\/a Proyectos de Divulgaci\u00f3n Cient\u00edfica &#8211; Audiovisual<\/h4>\n<p>[\/vc_column_text][\/vc_column][vc_column width=&#8221;1\/2&#8243;][vc_btn title=&#8221;Descargar Perfil Singular&#8221; style=&#8221;custom&#8221; custom_background=&#8221;#c2185b&#8221; custom_text=&#8221;#ffffff&#8221; shape=&#8221;square&#8221; align=&#8221;center&#8221; i_align=&#8221;right&#8221; i_icon_fontawesome=&#8221;fa fa-file-pdf-o&#8221; button_block=&#8221;true&#8221; add_icon=&#8221;true&#8221; link=&#8221;url:https%3A%2F%2Fdrive.google.com%2Ffile%2Fd%2F0B3ZPQKzIHh1QTE44MlVpamdRUXlqbGt6X2ZObnRqUWV6ZFM0%2Fview%3Fusp%3Dsharing||target:%20_blank|&#8221;][\/vc_column][\/vc_row][vc_row][vc_column][vc_separator][\/vc_column][\/vc_row][vc_row][vc_column][vc_separator][\/vc_column][\/vc_row][vc_row disable_element=&#8221;yes&#8221;][vc_column width=&#8221;1\/2&#8243;][vc_column_text]<\/p>\n<h4><strong>Inscripci\u00f3n en la sede electr\u00f3nica:<\/strong><\/h4>\n<p>[\/vc_column_text][\/vc_column][vc_column width=&#8221;1\/2&#8243;][vc_btn title=&#8221;Inscripci\u00f3n aqu\u00ed &#8221; style=&#8221;custom&#8221; custom_background=&#8221;#da8a00&#8243; custom_text=&#8221;#ffffff&#8221; shape=&#8221;square&#8221; size=&#8221;lg&#8221; align=&#8221;center&#8221; i_align=&#8221;right&#8221; i_icon_fontawesome=&#8221;fa fa-plus-circle&#8221; button_block=&#8221;true&#8221; add_icon=&#8221;true&#8221; link=&#8221;url:https%3A%2F%2Fsede.fg.ull.es%2Fes%2Fempleo%2Fdetalle%2Fa19230181%2Ffundacion-general-de-la-universidad-de-la-laguna-agencia-universitaria-de-empleo||target:%20_blank|&#8221;][\/vc_column][\/vc_row]<\/p>\n<\/section>","protected":false},"excerpt":{"rendered":"<p>[vc_row][vc_column][vc_column_text]Esta oferta de empleo est\u00e1 relacionada con la ORDEN de 24 de mayo de 2019, por la que se aprueban las bases reguladoras y se efect\u00faa la convocatoria para la concesi\u00f3n en el a\u00f1o 2019 de subvenciones destinadas a financiar, en el marco del Programa Operativo de Empleo Juvenil 20142020 (Iniciativa de Empleo Juvenil-YEI), la&#8230;<\/p>\n","protected":false},"author":10,"featured_media":0,"comment_status":"closed","ping_status":"closed","sticky":false,"template":"","format":"standard","meta":{"footnotes":""},"categories":[232],"tags":[],"featured_image_thumbnail_url":null,"_links":{"self":[{"href":"https:\/\/fg.ull.es\/noticias\/wp-json\/wp\/v2\/posts\/44006"}],"collection":[{"href":"https:\/\/fg.ull.es\/noticias\/wp-json\/wp\/v2\/posts"}],"about":[{"href":"https:\/\/fg.ull.es\/noticias\/wp-json\/wp\/v2\/types\/post"}],"author":[{"embeddable":true,"href":"https:\/\/fg.ull.es\/noticias\/wp-json\/wp\/v2\/users\/10"}],"replies":[{"embeddable":true,"href":"https:\/\/fg.ull.es\/noticias\/wp-json\/wp\/v2\/comments?post=44006"}],"version-history":[{"count":6,"href":"https:\/\/fg.ull.es\/noticias\/wp-json\/wp\/v2\/posts\/44006\/revisions"}],"predecessor-version":[{"id":44052,"href":"https:\/\/fg.ull.es\/noticias\/wp-json\/wp\/v2\/posts\/44006\/revisions\/44052"}],"wp:attachment":[{"href":"https:\/\/fg.ull.es\/noticias\/wp-json\/wp\/v2\/media?parent=44006"}],"wp:term":[{"taxonomy":"category","embeddable":true,"href":"https:\/\/fg.ull.es\/noticias\/wp-json\/wp\/v2\/categories?post=44006"},{"taxonomy":"post_tag","embeddable":true,"href":"https:\/\/fg.ull.es\/noticias\/wp-json\/wp\/v2\/tags?post=44006"}],"curies":[{"name":"wp","href":"https:\/\/api.w.org\/{rel}","templated":true}]}}