{"id":43913,"date":"2019-12-02T09:57:52","date_gmt":"2019-12-02T09:57:52","guid":{"rendered":"https:\/\/fg.ull.es\/noticias\/?p=43913"},"modified":"2019-12-02T09:57:52","modified_gmt":"2019-12-02T09:57:52","slug":"primer-listado-definitivo-de-la-convocatoria-de-seleccion-de-una-beca-formativa-de-investigacion-para-participar-en-el-proyecto-educacion-para-un-futuro-inclusivo-con-oportunidades-retos-par","status":"publish","type":"post","link":"https:\/\/fg.ull.es\/noticias\/2019\/12\/02\/primer-listado-definitivo-de-la-convocatoria-de-seleccion-de-una-beca-formativa-de-investigacion-para-participar-en-el-proyecto-educacion-para-un-futuro-inclusivo-con-oportunidades-retos-par\/","title":{"rendered":"Primer listado definitivo de la convocatoria de selecci\u00f3n de una beca formativa de investigaci\u00f3n para participar en el proyecto \u201cEducaci\u00f3n para un futuro inclusivo con oportunidades: retos para la inclusi\u00f3n social de j\u00f3venes extutelados\u201d (2019BDB013)"},"content":{"rendered":"<section class=\"wpb-content-wrapper\"><p>[vc_row][vc_column][vc_column_text]Finalizado el periodo de alegaciones, se procede a publicar el primer listado definitivo de la convocatoria de selecci\u00f3n de una beca formativa de investigaci\u00f3n para participar en el proyecto \u201cEducaci\u00f3n para un futuro inclusivo con oportunidades: retos para la inclusi\u00f3n social de j\u00f3venes extutelados\u201d (2019BDB013).<\/p>\n<p>Dada la ausencia de admitidos\/as, se cancela el proceso de selecci\u00f3n de una beca formativa de investigaci\u00f3n para participar en el proyecto.<\/p>\n<p>Para la valoraci\u00f3n de todas y cada una de las candidaturas, se ha tomado\/tomar\u00e1 como fundamento lo especificado en:[\/vc_column_text][vc_empty_space][\/vc_column][\/vc_row][vc_row][vc_column width=&#8221;1\/2&#8243;][vc_column_text]<\/p>\n<p>Bases generales<\/p>\n<p>[\/vc_column_text][\/vc_column][vc_column width=&#8221;1\/2&#8243;][vc_btn title=&#8221;Descargar Programa Formativo&#8221; style=&#8221;custom&#8221; custom_background=&#8221;#c2185b&#8221; custom_text=&#8221;#ffffff&#8221; shape=&#8221;square&#8221; align=&#8221;center&#8221; i_align=&#8221;right&#8221; i_icon_fontawesome=&#8221;fa fa-arrow-circle-o-down&#8221; button_block=&#8221;true&#8221; add_icon=&#8221;true&#8221; link=&#8221;url:https%3A%2F%2Fdrive.google.com%2Ffile%2Fd%2F1SQB3QzBq_dL606-aweqkvtgCZn0be-3J%2Fview||target:%20_blank|&#8221;][\/vc_column][\/vc_row][vc_row][vc_column width=&#8221;1\/2&#8243;][vc_column_text]<\/p>\n<p>Bases generales<\/p>\n<p>[\/vc_column_text][\/vc_column][vc_column width=&#8221;1\/2&#8243;][vc_btn title=&#8221;Descargar Bases Generales&#8221; style=&#8221;custom&#8221; custom_background=&#8221;#c2185b&#8221; custom_text=&#8221;#ffffff&#8221; shape=&#8221;square&#8221; align=&#8221;center&#8221; i_align=&#8221;right&#8221; i_icon_fontawesome=&#8221;fa fa-arrow-circle-o-down&#8221; button_block=&#8221;true&#8221; add_icon=&#8221;true&#8221; link=&#8221;url:https%3A%2F%2Fdrive.google.com%2Ffile%2Fd%2F1zCWk-S4HIhAMNzqc-YUrnHQ54XY1-i14%2Fview||target:%20_blank|&#8221;][\/vc_column][\/vc_row][vc_row][vc_column][vc_separator][\/vc_column][\/vc_row][vc_row][vc_column width=&#8221;1\/2&#8243;][vc_column_text]<\/p>\n<p>Perfil singular<\/p>\n<p>[\/vc_column_text][\/vc_column][vc_column width=&#8221;1\/2&#8243;][vc_btn title=&#8221;Descargar Perfil Singular&#8221; style=&#8221;custom&#8221; custom_background=&#8221;#c2185b&#8221; custom_text=&#8221;#ffffff&#8221; shape=&#8221;square&#8221; align=&#8221;center&#8221; i_align=&#8221;right&#8221; i_icon_fontawesome=&#8221;fa fa-file-pdf-o&#8221; button_block=&#8221;true&#8221; add_icon=&#8221;true&#8221; link=&#8221;url:https%3A%2F%2Fdrive.google.com%2Ffile%2Fd%2F1EGb5nySwfzUhEsSliscAfT3EwXsm-IBl%2Fview||target:%20_blank|&#8221;][\/vc_column][\/vc_row][vc_row][vc_column][vc_separator][\/vc_column][\/vc_row][vc_row][vc_column width=&#8221;1\/2&#8243;][vc_column_text]Descargar listado:[\/vc_column_text][\/vc_column][vc_column width=&#8221;1\/2&#8243;][vc_btn title=&#8221;Descargar aqu\u00ed &#8221; style=&#8221;custom&#8221; custom_background=&#8221;#d800a2&#8243; custom_text=&#8221;#ffffff&#8221; shape=&#8221;square&#8221; size=&#8221;lg&#8221; align=&#8221;center&#8221; i_align=&#8221;right&#8221; i_icon_fontawesome=&#8221;fa fa-plus-circle&#8221; button_block=&#8221;true&#8221; add_icon=&#8221;true&#8221; link=&#8221;url:https%3A%2F%2Fdrive.google.com%2Fopen%3Fid%3D1ILimX48GQDTCS28hKfa0ofW-2oUNlcDk||target:%20_blank|&#8221;][\/vc_column][\/vc_row]<\/p>\n<\/section>","protected":false},"excerpt":{"rendered":"<p>[vc_row][vc_column][vc_column_text]Finalizado el periodo de alegaciones, se procede a publicar el primer listado definitivo de la convocatoria de selecci\u00f3n de una beca formativa de investigaci\u00f3n para participar en el proyecto \u201cEducaci\u00f3n para un futuro inclusivo con oportunidades: retos para la inclusi\u00f3n social de j\u00f3venes extutelados\u201d (2019BDB013). Dada la ausencia de admitidos\/as, se cancela el proceso de&#8230;<\/p>\n","protected":false},"author":25,"featured_media":0,"comment_status":"closed","ping_status":"closed","sticky":false,"template":"","format":"standard","meta":{"footnotes":""},"categories":[232],"tags":[],"featured_image_thumbnail_url":null,"_links":{"self":[{"href":"https:\/\/fg.ull.es\/noticias\/wp-json\/wp\/v2\/posts\/43913"}],"collection":[{"href":"https:\/\/fg.ull.es\/noticias\/wp-json\/wp\/v2\/posts"}],"about":[{"href":"https:\/\/fg.ull.es\/noticias\/wp-json\/wp\/v2\/types\/post"}],"author":[{"embeddable":true,"href":"https:\/\/fg.ull.es\/noticias\/wp-json\/wp\/v2\/users\/25"}],"replies":[{"embeddable":true,"href":"https:\/\/fg.ull.es\/noticias\/wp-json\/wp\/v2\/comments?post=43913"}],"version-history":[{"count":1,"href":"https:\/\/fg.ull.es\/noticias\/wp-json\/wp\/v2\/posts\/43913\/revisions"}],"predecessor-version":[{"id":43915,"href":"https:\/\/fg.ull.es\/noticias\/wp-json\/wp\/v2\/posts\/43913\/revisions\/43915"}],"wp:attachment":[{"href":"https:\/\/fg.ull.es\/noticias\/wp-json\/wp\/v2\/media?parent=43913"}],"wp:term":[{"taxonomy":"category","embeddable":true,"href":"https:\/\/fg.ull.es\/noticias\/wp-json\/wp\/v2\/categories?post=43913"},{"taxonomy":"post_tag","embeddable":true,"href":"https:\/\/fg.ull.es\/noticias\/wp-json\/wp\/v2\/tags?post=43913"}],"curies":[{"name":"wp","href":"https:\/\/api.w.org\/{rel}","templated":true}]}}