{"id":43661,"date":"2019-11-20T13:33:50","date_gmt":"2019-11-20T13:33:50","guid":{"rendered":"https:\/\/fg.ull.es\/noticias\/?p=43661"},"modified":"2020-01-22T14:20:37","modified_gmt":"2020-01-22T14:20:37","slug":"la-universidad-de-la-laguna-y-la-fundacion-cajacanarias-aportan-ideas-para-tu-empleabilidad-con-el-metodo-pechakucha","status":"publish","type":"post","link":"https:\/\/fg.ull.es\/noticias\/2019\/11\/20\/la-universidad-de-la-laguna-y-la-fundacion-cajacanarias-aportan-ideas-para-tu-empleabilidad-con-el-metodo-pechakucha\/","title":{"rendered":"La Universidad de La Laguna y la Fundaci\u00f3n CajaCanarias aportan ideas para tu empleabilidad con el m\u00e9todo Pechakucha"},"content":{"rendered":"<section class=\"wpb-content-wrapper\"><p>[vc_row][vc_column][vc_column_text]<\/p>\n<h4>El Foro Universitario Pechakucha Talent &amp; Job se celebrar\u00e1 en los pr\u00f3ximos d\u00edas en el Aula Magna del Aulario de Guajara<\/h4>\n<p>El Aula Magna del Aulario de Guajara acoger\u00e1 el pr\u00f3ximo viernes,<strong> 22 de noviembre<\/strong>, de 12 a 14 horas, el foro universitario <strong>Pechakucha Talent &amp; Job<\/strong>, celebrado por la Universidad de La Laguna y la Fundaci\u00f3n Fyde CajaCanarias.<\/p>\n<p>En el evento estar\u00e1n presentes profesionales del \u00e1mbito del emprendimiento y del marketing, tales como Miguel \u00c1ngel Guisado, consultor para el dise\u00f1o de presentaciones de empresa, Jorge Navarrete, fundador de Hacemos Marketing o Alfonso Alc\u00e1ntara, orientador y coach de profesionales, entre otros ponentes.<\/p>\n<p>El programa sobre el acto se puede consultar a continuaci\u00f3n:<\/p>\n<ul>\n<li>\u201cY mi oportunidad \u00bfpara cu\u00e1ndo? No aprendas s\u00f3lo ocupaciones, aprende tambi\u00e9n a ser profesional&#8221; por\u00a0<strong>Alfonso Alc\u00e1ntara<\/strong>, orientador y coach de profesionales, autor del libro #Superprofesional y editor de Yoriento.com.<\/li>\n<li>&#8220;8 Ideas para la empleabilidad&#8221; por\u00a0<strong>Jotaypunto<\/strong>, dinamizador y Fundador de Entrepreneurs Fight Club.<\/li>\n<li>\u201cAprende el arte de comunicar\u201d por<strong>\u00a0Miguel \u00c1ngel Guisado<\/strong>, consultor para el dise\u00f1o de presentaciones de empresa.<\/li>\n<li>\u201cInteligencia emocional y resiliencia en la b\u00fasqueda productiva de empleo\u201d por <strong>Jos\u00e9 Rivero<\/strong>,\u00a0psic\u00f3logo experto en Psicolog\u00eda Positiva, con un master en Psicolog\u00eda de la Educaci\u00f3n y experto en coaching personal<\/li>\n<li>\u201cC\u00f3mo convencer a un head hunter de tu talento\u201d por\u00a0David Prunell,\u00a0fundador de Prunell Telent in Motion y consultor estrat\u00e9gico de Recursos Humanos.<\/li>\n<li>\u201cC\u00f3mo incorporan talento joven en las empresas\u201d por <strong>Constanza Lema<\/strong>, jefa de Desarrollo de Personas de TITSA.<\/li>\n<li>\u201cRemote work y la filosof\u00eda digital nomad\u201d por\u00a0Carlos Su\u00e1rez, fundador de Digital Nomad Experience (DNEXP).<\/li>\n<li>\u201cC\u00f3mo me ayuda la Universidad en mi empleabilidad\u201dpor\u00a0Javier Ram\u00edrez,\u00a0coordinador de la <strong>Agencia Universitaria de Empleo de la Fundaci\u00f3n General de la Universidad de La Laguna<\/strong>.<\/li>\n<li>\u201cEmprender es una opci\u00f3n\u201d por\u00a0<strong>Xisela Aranda<\/strong>,\u00a0emprendedora, fundadora y gerente de Lidertec Soluciones.<\/li>\n<li>\u201cEl networking. M\u00e1s net y m\u00e1s working\u201d por\u00a0Jorge Navarrete, experto en marketing digital y fundador de Hacemos Marketing.<\/li>\n<\/ul>\n<p>[\/vc_column_text][\/vc_column][\/vc_row][vc_row][vc_column][vc_btn title=&#8221;Inscripci\u00f3n &#8221; style=&#8221;3d&#8221; color=&#8221;danger&#8221; align=&#8221;center&#8221; link=&#8221;url:https%3A%2F%2Fwww.fyde-cajacanarias.es%2Fescueladenegocios%2Finscripcion%2Fopcion.php%3Fcurso%3D1687%26utm_source%3DSAVIAMIAL%26utm_medium%3Dsaviamail%26utm_term%3D%26utm_campaign%3DPrueba_Foro_Universitario_Talent_%2526_Job||target:%20_blank|&#8221;][\/vc_column][\/vc_row]<\/p>\n<\/section>","protected":false},"excerpt":{"rendered":"<p>[vc_row][vc_column][vc_column_text] El Foro Universitario Pechakucha Talent &amp; Job se celebrar\u00e1 en los pr\u00f3ximos d\u00edas en el Aula Magna del Aulario de Guajara El Aula Magna del Aulario de Guajara acoger\u00e1 el pr\u00f3ximo viernes, 22 de noviembre, de 12 a 14 horas, el foro universitario Pechakucha Talent &amp; Job, celebrado por la Universidad de La Laguna&#8230;<\/p>\n","protected":false},"author":29,"featured_media":43673,"comment_status":"closed","ping_status":"closed","sticky":false,"template":"","format":"standard","meta":{"footnotes":""},"categories":[38,278],"tags":[47,816,1057,524,1058,17],"featured_image_thumbnail_url":"https:\/\/fg.ull.es\/noticias\/wp-content\/uploads\/sites\/2\/2019\/11\/talent_job-300x254.jpg","_links":{"self":[{"href":"https:\/\/fg.ull.es\/noticias\/wp-json\/wp\/v2\/posts\/43661"}],"collection":[{"href":"https:\/\/fg.ull.es\/noticias\/wp-json\/wp\/v2\/posts"}],"about":[{"href":"https:\/\/fg.ull.es\/noticias\/wp-json\/wp\/v2\/types\/post"}],"author":[{"embeddable":true,"href":"https:\/\/fg.ull.es\/noticias\/wp-json\/wp\/v2\/users\/29"}],"replies":[{"embeddable":true,"href":"https:\/\/fg.ull.es\/noticias\/wp-json\/wp\/v2\/comments?post=43661"}],"version-history":[{"count":12,"href":"https:\/\/fg.ull.es\/noticias\/wp-json\/wp\/v2\/posts\/43661\/revisions"}],"predecessor-version":[{"id":44978,"href":"https:\/\/fg.ull.es\/noticias\/wp-json\/wp\/v2\/posts\/43661\/revisions\/44978"}],"wp:featuredmedia":[{"embeddable":true,"href":"https:\/\/fg.ull.es\/noticias\/wp-json\/wp\/v2\/media\/43673"}],"wp:attachment":[{"href":"https:\/\/fg.ull.es\/noticias\/wp-json\/wp\/v2\/media?parent=43661"}],"wp:term":[{"taxonomy":"category","embeddable":true,"href":"https:\/\/fg.ull.es\/noticias\/wp-json\/wp\/v2\/categories?post=43661"},{"taxonomy":"post_tag","embeddable":true,"href":"https:\/\/fg.ull.es\/noticias\/wp-json\/wp\/v2\/tags?post=43661"}],"curies":[{"name":"wp","href":"https:\/\/api.w.org\/{rel}","templated":true}]}}