{"id":43642,"date":"2019-12-01T09:00:25","date_gmt":"2019-12-01T09:00:25","guid":{"rendered":"https:\/\/fg.ull.es\/noticias\/?p=43642"},"modified":"2020-01-14T09:05:38","modified_gmt":"2020-01-14T09:05:38","slug":"la-fundacion-general-de-la-universidad-de-la-laguna-organiza-su-i-jornada-de-emprendimiento-y-tecnologia","status":"publish","type":"post","link":"https:\/\/fg.ull.es\/noticias\/2019\/12\/01\/la-fundacion-general-de-la-universidad-de-la-laguna-organiza-su-i-jornada-de-emprendimiento-y-tecnologia\/","title":{"rendered":"La Fundaci\u00f3n General de la Universidad de La Laguna organiza su I Jornada de Emprendimiento y Tecnolog\u00eda"},"content":{"rendered":"<section class=\"wpb-content-wrapper\"><p>[vc_row][vc_column][vc_column_text]La Fundaci\u00f3n General de la Universidad de La Laguna (FGULL) organiza su I Jornada de Emprendimiento y Tecnolog\u00eda con las siguientes tem\u00e1ticas: Ciberseguridad, Ley de Protecci\u00f3n de Datos, Marketing Digital, Nuevas Tecnolog\u00edas y Emprendimiento y Certificado Digital de Subvenciones.<\/p>\n<p>Este evento est\u00e1 organizado por la Unidad de Emprendimiento de la Fundaci\u00f3n General de la Universidad de La Laguna y el Ayuntamiento de La Laguna.<\/p>\n<p>El horario de estas jornadas ser\u00e1 el pr\u00f3ximo 17 de diciembre de 9 a 14 horas en la sala de cristal del ex Convento de Santo Domingo de la ciudad de San Crist\u00f3bal de La Laguna y la inscripci\u00f3n ya est\u00e1 abierta a trav\u00e9s de <a href=\"https:\/\/sede.fg.ull.es\/es\/emprendimiento\/detalle\/a19230279\/evento-emprendimiento-and-tics\" target=\"_blank\" rel=\"noopener\">este enlace<\/a>.<\/p>\n<p>El programa del acto se puede consultar a continuaci\u00f3n:<\/p>\n<ul>\n<li>9 a 9.30 horas. Recepci\u00f3n de los\/as asistentes<\/li>\n<li>9:30 a 9.45 horas. Bienvenida y presentaci\u00f3n de la jornada por Alberto Ca\u00f1ete del Toro, Teniente de Alcalde y Concejal de Educaci\u00f3n, Juventud y Desarrollo Local del Ayuntamiento de La Laguna y Juan Diego Betancor, Director Gerente de la FGULL<\/li>\n<li>9:45 a 10.15 horas. Nuevas Tecnolog\u00edas y Emprendimiento &#8211; Daniel Fern\u00e1ndez &#8211; Zairux proyecto ganador de Santander Explorer by X Universidad de La Laguna Space and Emprende ULL (<a href=\"https:\/\/www.ull.es\/portal\/noticias\/2019\/zairux-primer-premio-santander-explorerbyx\/\" target=\"_blank\" rel=\"noopener\">M\u00e1s informaci\u00f3n<\/a>)<\/li>\n<li>10:15 a 10:45: Certificado Digital &#8211; <a href=\"https:\/\/www.linkedin.com\/in\/jpadronmarrero\/?msgConversationId=6543860431319117824&amp;msgOverlay=true\" target=\"_blank\" rel=\"noopener\">Jorge Padr\u00f3n Marrero<\/a>, colaborador de Emprende ULL<\/li>\n<li>10:45 a 11:15: Tramitaci\u00f3n telem\u00e1tica de Subvenciones &#8211; Jorge Padr\u00f3n Marrero, colaborador de Emprende ULL<\/li>\n<li>11:15 a 11:45: Coffee Time &#8211; Networking<\/li>\n<li>11:45 a 12:15: Ciberseguridad &#8211; El\u00edas Lorenzo Mardelly, Departamento de Ciberseguridad de <a href=\"http:\/\/nubelia.cloud\/\" target=\"_blank\" rel=\"noopener\">NUBELIA<\/a><\/li>\n<li>12:15 a 12:45: Ley de Protecci\u00f3n de Datos &#8211; Carmen Jurado Hern\u00e1ndez, Departamento de Ciberseguridad de <a href=\"http:\/\/nubelia.cloud\/\" target=\"_blank\" rel=\"noopener\">NUBELIA<\/a> \/ Marketing digital &#8211; Josu\u00e9 Hern\u00e1ndez &#8211; <a href=\"https:\/\/alegando.com\/\" target=\"_blank\" rel=\"noopener\">Alegando Agency<\/a><\/li>\n<li>13:15 a 13:30: Turno de preguntas<\/li>\n<li>13:30: Clausura<\/li>\n<\/ul>\n<p>[\/vc_column_text][\/vc_column][\/vc_row]<\/p>\n<\/section>","protected":false},"excerpt":{"rendered":"<p>[vc_row][vc_column][vc_column_text]La Fundaci\u00f3n General de la Universidad de La Laguna (FGULL) organiza su I Jornada de Emprendimiento y Tecnolog\u00eda con las siguientes tem\u00e1ticas: Ciberseguridad, Ley de Protecci\u00f3n de Datos, Marketing Digital, Nuevas Tecnolog\u00edas y Emprendimiento y Certificado Digital de Subvenciones. Este evento est\u00e1 organizado por la Unidad de Emprendimiento de la Fundaci\u00f3n General de la Universidad&#8230;<\/p>\n","protected":false},"author":29,"featured_media":43644,"comment_status":"closed","ping_status":"closed","sticky":false,"template":"","format":"standard","meta":{"footnotes":""},"categories":[278],"tags":[181,47,816,120],"featured_image_thumbnail_url":"https:\/\/fg.ull.es\/noticias\/wp-content\/uploads\/sites\/2\/2019\/11\/BANNER-1-300x157.jpg","_links":{"self":[{"href":"https:\/\/fg.ull.es\/noticias\/wp-json\/wp\/v2\/posts\/43642"}],"collection":[{"href":"https:\/\/fg.ull.es\/noticias\/wp-json\/wp\/v2\/posts"}],"about":[{"href":"https:\/\/fg.ull.es\/noticias\/wp-json\/wp\/v2\/types\/post"}],"author":[{"embeddable":true,"href":"https:\/\/fg.ull.es\/noticias\/wp-json\/wp\/v2\/users\/29"}],"replies":[{"embeddable":true,"href":"https:\/\/fg.ull.es\/noticias\/wp-json\/wp\/v2\/comments?post=43642"}],"version-history":[{"count":5,"href":"https:\/\/fg.ull.es\/noticias\/wp-json\/wp\/v2\/posts\/43642\/revisions"}],"predecessor-version":[{"id":44879,"href":"https:\/\/fg.ull.es\/noticias\/wp-json\/wp\/v2\/posts\/43642\/revisions\/44879"}],"wp:featuredmedia":[{"embeddable":true,"href":"https:\/\/fg.ull.es\/noticias\/wp-json\/wp\/v2\/media\/43644"}],"wp:attachment":[{"href":"https:\/\/fg.ull.es\/noticias\/wp-json\/wp\/v2\/media?parent=43642"}],"wp:term":[{"taxonomy":"category","embeddable":true,"href":"https:\/\/fg.ull.es\/noticias\/wp-json\/wp\/v2\/categories?post=43642"},{"taxonomy":"post_tag","embeddable":true,"href":"https:\/\/fg.ull.es\/noticias\/wp-json\/wp\/v2\/tags?post=43642"}],"curies":[{"name":"wp","href":"https:\/\/api.w.org\/{rel}","templated":true}]}}