{"id":43640,"date":"2019-11-19T09:42:02","date_gmt":"2019-11-19T09:42:02","guid":{"rendered":"https:\/\/fg.ull.es\/noticias\/?p=43640"},"modified":"2020-01-16T12:55:23","modified_gmt":"2020-01-16T12:55:23","slug":"la-convivencia-intercultural-protagoniza-la-xix-jornada-tecnica-del-observatorio-de-la-inmigracion-de-tenerife","status":"publish","type":"post","link":"https:\/\/fg.ull.es\/noticias\/2019\/11\/19\/la-convivencia-intercultural-protagoniza-la-xix-jornada-tecnica-del-observatorio-de-la-inmigracion-de-tenerife\/","title":{"rendered":"La convivencia intercultural protagoniza la XIX Jornada T\u00e9cnica del Observatorio de la Inmigraci\u00f3n de Tenerife"},"content":{"rendered":"<section class=\"wpb-content-wrapper\"><p>[vc_row][vc_column][vc_column_text]<\/p>\n<h4>\u2018Pol\u00edticas p\u00fablicas y gesti\u00f3n de la diversidad cultural\u2019 es el t\u00edtulo de la XIX Jornada T\u00e9cnica del Observatorio de la Inmigraci\u00f3n de Tenerife OBITen<\/h4>\n<p>En un mundo\u00a0 diverso y heterog\u00e9neo, trabajar por la convivencia intercultural es un reto cada vez m\u00e1s evidente. De cara a abordar las mejores experiencias de este fen\u00f3meno en las pol\u00edticas p\u00fablicas, el Observatorio de la Inmigraci\u00f3n de Tenerife OBITen celebra el pr\u00f3ximo jueves 28 de noviembre su XIX Jornada T\u00e9cnica bajo el t\u00edtulo \u2018Pol\u00edticas p\u00fablicas y gesti\u00f3n de la diversidad cultural\u2019, que tendr\u00e1 lugar en el Sal\u00f3n de Actos (Pir\u00e1mide) de la Facultad de Comunicaci\u00f3n de la Universidad de La Laguna en horario de 8:30 a 14:00 horas.<\/p>\n<p>Con el objetivo de conocer qu\u00e9 se est\u00e1 haciendo en otros lugares del territorio nacional para avanzar hacia modelos de convivencia intercultural exitosos y sostenibles, y adem\u00e1s, con el convencimiento, acentuado desde la aprobaci\u00f3n por unanimidad del Pleno del Cabildo de Tenerife del Marco Estrat\u00e9gico de convivencia intercultural \u2018Tenerife vive Diversidad\u2019, de que la pluralidad de miradas y aportaciones es indispensable para afrontar la gesti\u00f3n de la diversidad cultural, esta nueva Jornada T\u00e9cnica de OBITen pretende aportar ejemplos y herramientas \u00fatiles que sirvan de inspiraci\u00f3n a las pol\u00edticas p\u00fablicas de orden social para cuidar la convivencia de una manera continuada en el tiempo.<\/p>\n<p>El acto ofrece una programaci\u00f3n destinada, por un lado, a conocer diversas experiencias en la gesti\u00f3n de la diversidad cultural como pol\u00edtica p\u00fablica.\u00a0 Asistir\u00e1n el presidente del Cabildo de Tenerife, Pedro Mart\u00edn, la directora insular de Desarrollo Socioecon\u00f3mico del Cabildo de Tenerife, Ermitas Moreira, y la rectora de la Universidad de La Laguna, Rosa Mar\u00eda Aguilar.<\/p>\n<p>Por otro lado, el acto pretende dar a conocer el Marco Estrat\u00e9gico \u2018Tenerife vive Diversidad\u2019, elaborado de manera participativa e impulsado por la estrategia de la gesti\u00f3n de la diversidad cultural Juntos En la misma direcci\u00f3n. Adem\u00e1s, siguiendo la l\u00ednea del trabajo colaborativo que defiende esta iniciativa, la Jornada T\u00e9cnica concluir\u00e1 con el desarrollo participado de \u2018Tenerife vive Diversidad\u2019 para aportar ideas con las que pasar de la teor\u00eda que contiene este documento a la pr\u00e1ctica y su aplicaci\u00f3n en el territorio a trav\u00e9s de las diferentes administraciones y entidades.<br \/>\nDe este modo, en primer t\u00e9rmino, se contar\u00e1 con las experiencias de los municipios de Santa Coloma de Gramenet, en la provincia de Barcelona; Toledo y Santa Luc\u00eda de Tirajana, en Gran Canaria, a trav\u00e9s de un di\u00e1logo entre representantes municipales de estos territorios. Posteriormente, ser\u00e1 el turno de los participantes de la Comisi\u00f3n Permanente y el equipo t\u00e9cnico de Juntos En la misma direcci\u00f3n, as\u00ed como de los integrantes de la Comisi\u00f3n Interdepartamental del Cabildo de Tenerife, quienes expondr\u00e1n los entresijos de esta gu\u00eda metodol\u00f3gica para la aplicaci\u00f3n de procesos con enfoque intercultural.<br \/>\nSe trata, en palabras de la directora insular del \u00e1rea de Desarrollo Socioecon\u00f3mico del Cabildo de Tenerife Ermitas Moreira, de \u201cuna cita que sit\u00faa a Tenerife como lugar de encuentro y referencia entre personas de distintas procedencias y con formas diversas de entender el mundo; y adem\u00e1s, como ejemplo en la gesti\u00f3n de esta convivencia intercultural, en la que estamos trabajando desde hace ya casi veinte a\u00f1os, desde el Observatorio de la Inmigraci\u00f3n de Tenerife, y desde hace diez, por medio de la aplicaci\u00f3n de la estrategia Juntos En la misma direcci\u00f3n\u201d.<\/p>\n<p>Por su parte, la rectora de la Universidad de La Laguna, Rosa Aguilar, ha apuntado \u201cel m\u00e9rito que tiene que, un a\u00f1o m\u00e1s, y ya van casi veinte, que OBITen promueva el intercambio del conocimiento asociado al estudio de las migraciones internacionales, haciendo \u00e9nfasis en el acceso al mismo de personas con responsabilidad t\u00e9cnica, pol\u00edtica y de la propia ciudadan\u00eda, ahondando en esa particular funci\u00f3n de la Universidad\u201d. Para la rectora, adem\u00e1s, \u201cTenerife vive Diversidad es un ejemplo de c\u00f3mo trabajar en la esfera de la planificaci\u00f3n en el \u00e1mbito social apostando por la participaci\u00f3n\u201d.<br \/>\nAsimismo, Vicente Zapata, director del Observatorio, valora esta cita como \u201cnecesaria ahora que estamos promoviendo el desarrollo del marco estrat\u00e9gico insular de convivencia intercultural, de modo que el conocimiento de otras experiencias ser\u00e1 fundamental para plantear un buen proceso de trabajo colectivo, ya comenzado y que se intensificar\u00e1 en la Jornada mediante la posibilidad de realizar m\u00e1s y nuevas aportaciones a trav\u00e9s de las personas participantes\u201c.[\/vc_column_text][\/vc_column][\/vc_row]<\/p>\n<\/section>","protected":false},"excerpt":{"rendered":"<p>[vc_row][vc_column][vc_column_text] \u2018Pol\u00edticas p\u00fablicas y gesti\u00f3n de la diversidad cultural\u2019 es el t\u00edtulo de la XIX Jornada T\u00e9cnica del Observatorio de la Inmigraci\u00f3n de Tenerife OBITen En un mundo\u00a0 diverso y heterog\u00e9neo, trabajar por la convivencia intercultural es un reto cada vez m\u00e1s evidente. De cara a abordar las mejores experiencias de este fen\u00f3meno en las&#8230;<\/p>\n","protected":false},"author":28,"featured_media":43649,"comment_status":"closed","ping_status":"closed","sticky":false,"template":"","format":"standard","meta":{"footnotes":""},"categories":[278,4,7],"tags":[820,67,822],"featured_image_thumbnail_url":"https:\/\/fg.ull.es\/noticias\/wp-content\/uploads\/sites\/2\/2019\/11\/BANNER_JT_1920X1080-DEFULL_page-0001-1-300x169.jpg","_links":{"self":[{"href":"https:\/\/fg.ull.es\/noticias\/wp-json\/wp\/v2\/posts\/43640"}],"collection":[{"href":"https:\/\/fg.ull.es\/noticias\/wp-json\/wp\/v2\/posts"}],"about":[{"href":"https:\/\/fg.ull.es\/noticias\/wp-json\/wp\/v2\/types\/post"}],"author":[{"embeddable":true,"href":"https:\/\/fg.ull.es\/noticias\/wp-json\/wp\/v2\/users\/28"}],"replies":[{"embeddable":true,"href":"https:\/\/fg.ull.es\/noticias\/wp-json\/wp\/v2\/comments?post=43640"}],"version-history":[{"count":1,"href":"https:\/\/fg.ull.es\/noticias\/wp-json\/wp\/v2\/posts\/43640\/revisions"}],"predecessor-version":[{"id":43641,"href":"https:\/\/fg.ull.es\/noticias\/wp-json\/wp\/v2\/posts\/43640\/revisions\/43641"}],"wp:featuredmedia":[{"embeddable":true,"href":"https:\/\/fg.ull.es\/noticias\/wp-json\/wp\/v2\/media\/43649"}],"wp:attachment":[{"href":"https:\/\/fg.ull.es\/noticias\/wp-json\/wp\/v2\/media?parent=43640"}],"wp:term":[{"taxonomy":"category","embeddable":true,"href":"https:\/\/fg.ull.es\/noticias\/wp-json\/wp\/v2\/categories?post=43640"},{"taxonomy":"post_tag","embeddable":true,"href":"https:\/\/fg.ull.es\/noticias\/wp-json\/wp\/v2\/tags?post=43640"}],"curies":[{"name":"wp","href":"https:\/\/api.w.org\/{rel}","templated":true}]}}